{"id":4110,"date":"2026-06-14T08:58:29","date_gmt":"2026-06-14T08:58:29","guid":{"rendered":"https:\/\/bale.ch\/journal\/?p=4110"},"modified":"2026-06-14T08:58:32","modified_gmt":"2026-06-14T08:58:32","slug":"bale-bruxelles-en-tgv-direct-des-2027-une-nouvelle-liaison-internationale-en-preparation","status":"publish","type":"post","link":"https:\/\/bale.ch\/journal\/bale-bruxelles-en-tgv-direct-des-2027-une-nouvelle-liaison-internationale-en-preparation\/","title":{"rendered":"B\u00e2le\u2013Bruxelles en TGV direct d\u00e8s 2027: une nouvelle liaison internationale en pr\u00e9paration"},"content":{"rendered":"\n<p class=\"wp-block-paragraph\"><strong>Une nouvelle connexion ferroviaire internationale pourrait bient\u00f4t rapprocher la Suisse, la France et la Belgique. Les CFF, la SNCF et la SNCB ont annonc\u00e9 le lancement d\u2019un test grandeur nature \u00e0 partir de l\u2019\u00e9t\u00e9 2027 pour prolonger jusqu\u2019\u00e0 B\u00e2le une liaison TGV existante entre Bruxelles et Strasbourg. Une initiative qui confirme le retour en force du train sur les grandes distances europ\u00e9ennes.<\/strong><\/p>\n\n\n\n<p class=\"wp-block-paragraph\">Apr\u00e8s les nouvelles liaisons de nuit et le d\u00e9veloppement des trains internationaux \u00e0 grande vitesse, une nouvelle \u00e9tape se pr\u00e9pare pour les voyageurs de la r\u00e9gion b\u00e2loise. Les compagnies ferroviaires suisse (CFF), fran\u00e7aise (SNCF Voyageurs) et belge (SNCB) ont annonc\u00e9 le lancement, \u00e0 partir de juillet 2027, d&rsquo;une liaison directe entre B\u00e2le et Bruxelles via le r\u00e9seau TGV INOUI. Il s&rsquo;agira dans un premier temps d&rsquo;un test commercial destin\u00e9 \u00e0 \u00e9valuer le potentiel du march\u00e9.<\/p>\n\n\n\n<p class=\"wp-block-paragraph\">Concr\u00e8tement, le train prolongera une relation d\u00e9j\u00e0 existante entre Bruxelles et Strasbourg. Depuis la capitale belge, il desservira Lille-Europe, l&rsquo;a\u00e9roport Paris-Charles-de-Gaulle, Champagne-Ardenne TGV, Meuse TGV, Lorraine TGV et Strasbourg avant de rejoindre la gare de B\u00e2le CFF. Le d\u00e9part est pr\u00e9vu vers 7 heures du matin \u00e0 Bruxelles pour une arriv\u00e9e aux alentours de 12 h 30 \u00e0 B\u00e2le. Dans l&rsquo;autre sens, le train quittera B\u00e2le vers 14 heures pour rejoindre Bruxelles peu avant 19 heures.<\/p><div id=\"crieu-3484309269\" class=\"crieu-content crieu-entity-placement\"><script async src=\"\/\/pagead2.googlesyndication.com\/pagead\/js\/adsbygoogle.js?client=ca-pub-5271584769416742\" crossorigin=\"anonymous\"><\/script><ins class=\"adsbygoogle\" style=\"display:block;\" data-ad-client=\"ca-pub-5271584769416742\" \ndata-ad-slot=\"9321250718\" \ndata-ad-format=\"auto\"><\/ins>\n<script> \n(adsbygoogle = window.adsbygoogle || []).push({}); \n<\/script>\n<\/div>\n\n\n\n<p class=\"wp-block-paragraph\">Dans un premier temps, cette liaison ne circulera que les vendredis, samedis et dimanches, avec un aller-retour quotidien. Ce choix s&rsquo;explique par la volont\u00e9 des op\u00e9rateurs de cibler prioritairement les d\u00e9placements de loisirs et les escapades de week-end, tout en mesurant la demande r\u00e9elle avant une \u00e9ventuelle mont\u00e9e en puissance du service.<\/p>\n\n\n\n<p class=\"wp-block-paragraph\">Pour B\u00e2le, cette annonce constitue une avanc\u00e9e importante. Malgr\u00e9 sa position strat\u00e9gique au c\u0153ur de l&rsquo;Europe et son r\u00f4le de carrefour ferroviaire entre la Suisse, la France et l&rsquo;Allemagne, la m\u00e9tropole rh\u00e9nane ne dispose aujourd&rsquo;hui d&rsquo;aucune liaison directe vers la Belgique. Les voyageurs doivent g\u00e9n\u00e9ralement effectuer une correspondance \u00e0 Strasbourg, Paris ou Francfort.<\/p>\n\n\n\n<p class=\"wp-block-paragraph\">Au-del\u00e0 de Bruxelles, cette nouvelle ligne pourrait \u00e9galement ouvrir de nouvelles perspectives vers Londres. Gr\u00e2ce \u00e0 une correspondance optimis\u00e9e \u00e0 Lille-Europe, les voyageurs en provenance de B\u00e2le pourront rejoindre la capitale britannique dans la m\u00eame journ\u00e9e. Les op\u00e9rateurs soulignent d&rsquo;ailleurs que cette connexion n&rsquo;est actuellement pas possible dans des conditions aussi fluides depuis la Suisse.<\/p>\n\n\n\n<p class=\"wp-block-paragraph\">Cette initiative s&rsquo;inscrit dans une tendance plus large observ\u00e9e partout en Europe. Face aux enjeux climatiques et \u00e0 la demande croissante pour des alternatives \u00e0 l&rsquo;avion sur les moyennes distances, les compagnies ferroviaires multiplient les projets transfrontaliers. Les liaisons Paris\u2013Berlin, Zurich\u2013Amsterdam ou encore les trains de nuit entre plusieurs capitales europ\u00e9ennes t\u00e9moignent de ce regain d&rsquo;int\u00e9r\u00eat pour le rail international.<\/p>\n\n\n\n<p class=\"wp-block-paragraph\">Pour la r\u00e9gion des Trois Fronti\u00e8res, cette future liaison repr\u00e9sente \u00e9galement un atout \u00e9conomique et touristique. Elle renforcerait l&rsquo;accessibilit\u00e9 internationale de B\u00e2le, d\u00e9j\u00e0 desservie par le TGV vers Paris, les ICE allemands et plusieurs lignes europ\u00e9ennes. Les visiteurs belges pourraient ainsi rejoindre plus facilement les grands \u00e9v\u00e9nements b\u00e2lois, \u00e0 commencer par Art Basel, les march\u00e9s de No\u00ebl ou encore les nombreuses manifestations culturelles et \u00e9conomiques qui rythment la vie de la m\u00e9tropole rh\u00e9nane.<\/p>\n\n\n\n<p class=\"wp-block-paragraph\">Le projet reste toutefois \u00e0 confirmer. Les trois compagnies pr\u00e9sentent cette liaison comme un \u00ab test de march\u00e9 \u00bb. Les r\u00e9sultats de fr\u00e9quentation observ\u00e9s \u00e0 partir de l&rsquo;\u00e9t\u00e9 2027 d\u00e9termineront si le service est p\u00e9rennis\u00e9, renforc\u00e9 ou \u00e9tendu. La mise en vente des billets est pr\u00e9vue au printemps 2027.<\/p>\n\n\n\n<p class=\"wp-block-paragraph\">Pour B\u00e2le, qui mise fortement sur son r\u00f4le de hub ferroviaire europ\u00e9en \u00e0 travers le d\u00e9veloppement du RER trinational, du projet Herzst\u00fcck et de nouvelles connexions internationales, cette future liaison avec Bruxelles appara\u00eet comme un signal suppl\u00e9mentaire de l&rsquo;int\u00e9gration croissante du r\u00e9seau ferroviaire europ\u00e9en.<\/p>\n<div id=\"crieu-2928681948\" class=\"crieu-apres-le-contenu crieu-entity-placement\" style=\"margin-left: auto;margin-right: auto;text-align: center;\"><script async src=\"\/\/pagead2.googlesyndication.com\/pagead\/js\/adsbygoogle.js?client=ca-pub-5271584769416742\" crossorigin=\"anonymous\"><\/script><ins class=\"adsbygoogle\" style=\"display:block;\" data-ad-client=\"ca-pub-5271584769416742\" \ndata-ad-slot=\"9321250718\" \ndata-ad-format=\"auto\"><\/ins>\n<script> \n(adsbygoogle = window.adsbygoogle || []).push({}); \n<\/script>\n<\/div>","protected":false},"excerpt":{"rendered":"<p>Une nouvelle connexion ferroviaire internationale pourrait bient\u00f4t rapprocher la Suisse, la France et la Belgique. Les CFF, la SNCF et la SNCB ont annonc\u00e9 le lancement d\u2019un test grandeur nature <a href=\"https:\/\/bale.ch\/journal\/bale-bruxelles-en-tgv-direct-des-2027-une-nouvelle-liaison-internationale-en-preparation\/\" class=\"read-more button-fancy -red\"><span class=\"btn-arrow\"><\/span><span class=\"twp-read-more text\">Continuer la lecture<\/span><\/a><\/p>\n","protected":false},"author":2,"featured_media":3988,"comment_status":"closed","ping_status":"closed","sticky":false,"template":"","format":"standard","meta":{"footnotes":""},"categories":[7],"tags":[60,283,35],"class_list":["post-4110","post","type-post","status-publish","format-standard","has-post-thumbnail","hentry","category-bale","tag-bale","tag-mobilite","tag-transports"],"yoast_head":"<!-- This site is optimized with the Yoast SEO plugin v28.3 - https:\/\/yoast.com\/product\/yoast-seo-wordpress\/ -->\n<title>B\u00e2le\u2013Bruxelles en TGV direct d\u00e8s 2027: une nouvelle liaison internationale en pr\u00e9paration - Journal de B\u00e2le et Gen\u00e8ve<\/title>\n<meta name=\"robots\" content=\"index, follow, max-snippet:-1, max-image-preview:large, max-video-preview:-1\" \/>\n<link rel=\"canonical\" href=\"https:\/\/bale.ch\/journal\/bale-bruxelles-en-tgv-direct-des-2027-une-nouvelle-liaison-internationale-en-preparation\/\" \/>\n<meta property=\"og:locale\" content=\"fr_FR\" \/>\n<meta property=\"og:type\" content=\"article\" \/>\n<meta property=\"og:title\" content=\"B\u00e2le\u2013Bruxelles en TGV direct d\u00e8s 2027: une nouvelle liaison internationale en pr\u00e9paration - Journal de B\u00e2le et Gen\u00e8ve\" \/>\n<meta property=\"og:description\" content=\"Une nouvelle connexion ferroviaire internationale pourrait bient\u00f4t rapprocher la Suisse, la France et la Belgique. Les CFF, la SNCF et la SNCB ont annonc\u00e9 le lancement d\u2019un test grandeur nature Continuer la lecture\" \/>\n<meta property=\"og:url\" content=\"https:\/\/bale.ch\/journal\/bale-bruxelles-en-tgv-direct-des-2027-une-nouvelle-liaison-internationale-en-preparation\/\" \/>\n<meta property=\"og:site_name\" content=\"Journal de B\u00e2le et Gen\u00e8ve\" \/>\n<meta property=\"article:published_time\" content=\"2026-06-14T08:58:29+00:00\" \/>\n<meta property=\"article:modified_time\" content=\"2026-06-14T08:58:32+00:00\" \/>\n<meta property=\"og:image\" content=\"https:\/\/bale.ch\/journal\/wp-content\/uploads\/2026\/04\/journaldebale_image.png\" \/>\n\t<meta property=\"og:image:width\" content=\"1055\" \/>\n\t<meta property=\"og:image:height\" content=\"568\" \/>\n\t<meta property=\"og:image:type\" content=\"image\/png\" \/>\n<meta name=\"author\" content=\"La R\u00e9daction\" \/>\n<meta name=\"twitter:card\" content=\"summary_large_image\" \/>\n<meta name=\"twitter:label1\" content=\"\u00c9crit par\" \/>\n\t<meta name=\"twitter:data1\" content=\"La R\u00e9daction\" \/>\n\t<meta name=\"twitter:label2\" content=\"Dur\u00e9e de lecture estim\u00e9e\" \/>\n\t<meta name=\"twitter:data2\" content=\"4 minutes\" \/>\n<script type=\"application\/ld+json\" class=\"yoast-schema-graph\">{\"@context\":\"https:\\\/\\\/schema.org\",\"@graph\":[{\"@type\":\"Article\",\"@id\":\"https:\\\/\\\/bale.ch\\\/journal\\\/bale-bruxelles-en-tgv-direct-des-2027-une-nouvelle-liaison-internationale-en-preparation\\\/#article\",\"isPartOf\":{\"@id\":\"https:\\\/\\\/bale.ch\\\/journal\\\/bale-bruxelles-en-tgv-direct-des-2027-une-nouvelle-liaison-internationale-en-preparation\\\/\"},\"author\":{\"name\":\"La R\u00e9daction\",\"@id\":\"https:\\\/\\\/bale.ch\\\/journal\\\/#\\\/schema\\\/person\\\/03ced978db3b7a5274c5cef003f352f5\"},\"headline\":\"B\u00e2le\u2013Bruxelles en TGV direct d\u00e8s 2027: une nouvelle liaison internationale en pr\u00e9paration\",\"datePublished\":\"2026-06-14T08:58:29+00:00\",\"dateModified\":\"2026-06-14T08:58:32+00:00\",\"mainEntityOfPage\":{\"@id\":\"https:\\\/\\\/bale.ch\\\/journal\\\/bale-bruxelles-en-tgv-direct-des-2027-une-nouvelle-liaison-internationale-en-preparation\\\/\"},\"wordCount\":683,\"publisher\":{\"@id\":\"https:\\\/\\\/bale.ch\\\/journal\\\/#organization\"},\"image\":{\"@id\":\"https:\\\/\\\/bale.ch\\\/journal\\\/bale-bruxelles-en-tgv-direct-des-2027-une-nouvelle-liaison-internationale-en-preparation\\\/#primaryimage\"},\"thumbnailUrl\":\"https:\\\/\\\/bale.ch\\\/journal\\\/wp-content\\\/uploads\\\/2026\\\/04\\\/journaldebale_image.png\",\"keywords\":[\"B\u00e2le\",\"Mobilit\u00e9\",\"Transports\"],\"articleSection\":[\"B\u00e2le Trinationale\"],\"inLanguage\":\"fr-FR\"},{\"@type\":\"WebPage\",\"@id\":\"https:\\\/\\\/bale.ch\\\/journal\\\/bale-bruxelles-en-tgv-direct-des-2027-une-nouvelle-liaison-internationale-en-preparation\\\/\",\"url\":\"https:\\\/\\\/bale.ch\\\/journal\\\/bale-bruxelles-en-tgv-direct-des-2027-une-nouvelle-liaison-internationale-en-preparation\\\/\",\"name\":\"B\u00e2le\u2013Bruxelles en TGV direct d\u00e8s 2027: une nouvelle liaison internationale en pr\u00e9paration - Journal de B\u00e2le et Gen\u00e8ve\",\"isPartOf\":{\"@id\":\"https:\\\/\\\/bale.ch\\\/journal\\\/#website\"},\"primaryImageOfPage\":{\"@id\":\"https:\\\/\\\/bale.ch\\\/journal\\\/bale-bruxelles-en-tgv-direct-des-2027-une-nouvelle-liaison-internationale-en-preparation\\\/#primaryimage\"},\"image\":{\"@id\":\"https:\\\/\\\/bale.ch\\\/journal\\\/bale-bruxelles-en-tgv-direct-des-2027-une-nouvelle-liaison-internationale-en-preparation\\\/#primaryimage\"},\"thumbnailUrl\":\"https:\\\/\\\/bale.ch\\\/journal\\\/wp-content\\\/uploads\\\/2026\\\/04\\\/journaldebale_image.png\",\"datePublished\":\"2026-06-14T08:58:29+00:00\",\"dateModified\":\"2026-06-14T08:58:32+00:00\",\"breadcrumb\":{\"@id\":\"https:\\\/\\\/bale.ch\\\/journal\\\/bale-bruxelles-en-tgv-direct-des-2027-une-nouvelle-liaison-internationale-en-preparation\\\/#breadcrumb\"},\"inLanguage\":\"fr-FR\",\"potentialAction\":[{\"@type\":\"ReadAction\",\"target\":[\"https:\\\/\\\/bale.ch\\\/journal\\\/bale-bruxelles-en-tgv-direct-des-2027-une-nouvelle-liaison-internationale-en-preparation\\\/\"]}]},{\"@type\":\"ImageObject\",\"inLanguage\":\"fr-FR\",\"@id\":\"https:\\\/\\\/bale.ch\\\/journal\\\/bale-bruxelles-en-tgv-direct-des-2027-une-nouvelle-liaison-internationale-en-preparation\\\/#primaryimage\",\"url\":\"https:\\\/\\\/bale.ch\\\/journal\\\/wp-content\\\/uploads\\\/2026\\\/04\\\/journaldebale_image.png\",\"contentUrl\":\"https:\\\/\\\/bale.ch\\\/journal\\\/wp-content\\\/uploads\\\/2026\\\/04\\\/journaldebale_image.png\",\"width\":1055,\"height\":568},{\"@type\":\"BreadcrumbList\",\"@id\":\"https:\\\/\\\/bale.ch\\\/journal\\\/bale-bruxelles-en-tgv-direct-des-2027-une-nouvelle-liaison-internationale-en-preparation\\\/#breadcrumb\",\"itemListElement\":[{\"@type\":\"ListItem\",\"position\":1,\"name\":\"Accueil\",\"item\":\"https:\\\/\\\/bale.ch\\\/journal\\\/\"},{\"@type\":\"ListItem\",\"position\":2,\"name\":\"B\u00e2le\u2013Bruxelles en TGV direct d\u00e8s 2027: une nouvelle liaison internationale en pr\u00e9paration\"}]},{\"@type\":\"WebSite\",\"@id\":\"https:\\\/\\\/bale.ch\\\/journal\\\/#website\",\"url\":\"https:\\\/\\\/bale.ch\\\/journal\\\/\",\"name\":\"Journal de B\u00e2le et Gen\u00e8ve\",\"description\":\"M\u00e9dia transfrontalier d&#039;actualit\u00e9s - News\",\"publisher\":{\"@id\":\"https:\\\/\\\/bale.ch\\\/journal\\\/#organization\"},\"potentialAction\":[{\"@type\":\"SearchAction\",\"target\":{\"@type\":\"EntryPoint\",\"urlTemplate\":\"https:\\\/\\\/bale.ch\\\/journal\\\/?s={search_term_string}\"},\"query-input\":{\"@type\":\"PropertyValueSpecification\",\"valueRequired\":true,\"valueName\":\"search_term_string\"}}],\"inLanguage\":\"fr-FR\"},{\"@type\":\"Organization\",\"@id\":\"https:\\\/\\\/bale.ch\\\/journal\\\/#organization\",\"name\":\"Journal de B\u00e2le et Gen\u00e8ve\",\"url\":\"https:\\\/\\\/bale.ch\\\/journal\\\/\",\"logo\":{\"@type\":\"ImageObject\",\"inLanguage\":\"fr-FR\",\"@id\":\"https:\\\/\\\/bale.ch\\\/journal\\\/#\\\/schema\\\/logo\\\/image\\\/\",\"url\":\"https:\\\/\\\/bale.ch\\\/journal\\\/wp-content\\\/uploads\\\/2023\\\/07\\\/journaldebale_logo_2023_nb.png\",\"contentUrl\":\"https:\\\/\\\/bale.ch\\\/journal\\\/wp-content\\\/uploads\\\/2023\\\/07\\\/journaldebale_logo_2023_nb.png\",\"width\":371,\"height\":127,\"caption\":\"Journal de B\u00e2le et Gen\u00e8ve\"},\"image\":{\"@id\":\"https:\\\/\\\/bale.ch\\\/journal\\\/#\\\/schema\\\/logo\\\/image\\\/\"}},{\"@type\":\"Person\",\"@id\":\"https:\\\/\\\/bale.ch\\\/journal\\\/#\\\/schema\\\/person\\\/03ced978db3b7a5274c5cef003f352f5\",\"name\":\"La R\u00e9daction\",\"image\":{\"@type\":\"ImageObject\",\"inLanguage\":\"fr-FR\",\"@id\":\"https:\\\/\\\/secure.gravatar.com\\\/avatar\\\/d1327e2ce8d2b860112f968a3f34686c9bdda7a463a1502cdd1070ac9d88cf1e?s=96&d=mm&r=g\",\"url\":\"https:\\\/\\\/secure.gravatar.com\\\/avatar\\\/d1327e2ce8d2b860112f968a3f34686c9bdda7a463a1502cdd1070ac9d88cf1e?s=96&d=mm&r=g\",\"contentUrl\":\"https:\\\/\\\/secure.gravatar.com\\\/avatar\\\/d1327e2ce8d2b860112f968a3f34686c9bdda7a463a1502cdd1070ac9d88cf1e?s=96&d=mm&r=g\",\"caption\":\"La R\u00e9daction\"},\"url\":\"https:\\\/\\\/bale.ch\\\/journal\\\/author\\\/laredaction\\\/\"}]}<\/script>\n<!-- \/ Yoast SEO plugin. -->","yoast_head_json":{"title":"B\u00e2le\u2013Bruxelles en TGV direct d\u00e8s 2027: une nouvelle liaison internationale en pr\u00e9paration - Journal de B\u00e2le et Gen\u00e8ve","robots":{"index":"index","follow":"follow","max-snippet":"max-snippet:-1","max-image-preview":"max-image-preview:large","max-video-preview":"max-video-preview:-1"},"canonical":"https:\/\/bale.ch\/journal\/bale-bruxelles-en-tgv-direct-des-2027-une-nouvelle-liaison-internationale-en-preparation\/","og_locale":"fr_FR","og_type":"article","og_title":"B\u00e2le\u2013Bruxelles en TGV direct d\u00e8s 2027: une nouvelle liaison internationale en pr\u00e9paration - Journal de B\u00e2le et Gen\u00e8ve","og_description":"Une nouvelle connexion ferroviaire internationale pourrait bient\u00f4t rapprocher la Suisse, la France et la Belgique. Les CFF, la SNCF et la SNCB ont annonc\u00e9 le lancement d\u2019un test grandeur nature Continuer la lecture","og_url":"https:\/\/bale.ch\/journal\/bale-bruxelles-en-tgv-direct-des-2027-une-nouvelle-liaison-internationale-en-preparation\/","og_site_name":"Journal de B\u00e2le et Gen\u00e8ve","article_published_time":"2026-06-14T08:58:29+00:00","article_modified_time":"2026-06-14T08:58:32+00:00","og_image":[{"width":1055,"height":568,"url":"https:\/\/bale.ch\/journal\/wp-content\/uploads\/2026\/04\/journaldebale_image.png","type":"image\/png"}],"author":"La R\u00e9daction","twitter_card":"summary_large_image","twitter_misc":{"\u00c9crit par":"La R\u00e9daction","Dur\u00e9e de lecture estim\u00e9e":"4 minutes"},"schema":{"@context":"https:\/\/schema.org","@graph":[{"@type":"Article","@id":"https:\/\/bale.ch\/journal\/bale-bruxelles-en-tgv-direct-des-2027-une-nouvelle-liaison-internationale-en-preparation\/#article","isPartOf":{"@id":"https:\/\/bale.ch\/journal\/bale-bruxelles-en-tgv-direct-des-2027-une-nouvelle-liaison-internationale-en-preparation\/"},"author":{"name":"La R\u00e9daction","@id":"https:\/\/bale.ch\/journal\/#\/schema\/person\/03ced978db3b7a5274c5cef003f352f5"},"headline":"B\u00e2le\u2013Bruxelles en TGV direct d\u00e8s 2027: une nouvelle liaison internationale en pr\u00e9paration","datePublished":"2026-06-14T08:58:29+00:00","dateModified":"2026-06-14T08:58:32+00:00","mainEntityOfPage":{"@id":"https:\/\/bale.ch\/journal\/bale-bruxelles-en-tgv-direct-des-2027-une-nouvelle-liaison-internationale-en-preparation\/"},"wordCount":683,"publisher":{"@id":"https:\/\/bale.ch\/journal\/#organization"},"image":{"@id":"https:\/\/bale.ch\/journal\/bale-bruxelles-en-tgv-direct-des-2027-une-nouvelle-liaison-internationale-en-preparation\/#primaryimage"},"thumbnailUrl":"https:\/\/bale.ch\/journal\/wp-content\/uploads\/2026\/04\/journaldebale_image.png","keywords":["B\u00e2le","Mobilit\u00e9","Transports"],"articleSection":["B\u00e2le Trinationale"],"inLanguage":"fr-FR"},{"@type":"WebPage","@id":"https:\/\/bale.ch\/journal\/bale-bruxelles-en-tgv-direct-des-2027-une-nouvelle-liaison-internationale-en-preparation\/","url":"https:\/\/bale.ch\/journal\/bale-bruxelles-en-tgv-direct-des-2027-une-nouvelle-liaison-internationale-en-preparation\/","name":"B\u00e2le\u2013Bruxelles en TGV direct d\u00e8s 2027: une nouvelle liaison internationale en pr\u00e9paration - Journal de B\u00e2le et Gen\u00e8ve","isPartOf":{"@id":"https:\/\/bale.ch\/journal\/#website"},"primaryImageOfPage":{"@id":"https:\/\/bale.ch\/journal\/bale-bruxelles-en-tgv-direct-des-2027-une-nouvelle-liaison-internationale-en-preparation\/#primaryimage"},"image":{"@id":"https:\/\/bale.ch\/journal\/bale-bruxelles-en-tgv-direct-des-2027-une-nouvelle-liaison-internationale-en-preparation\/#primaryimage"},"thumbnailUrl":"https:\/\/bale.ch\/journal\/wp-content\/uploads\/2026\/04\/journaldebale_image.png","datePublished":"2026-06-14T08:58:29+00:00","dateModified":"2026-06-14T08:58:32+00:00","breadcrumb":{"@id":"https:\/\/bale.ch\/journal\/bale-bruxelles-en-tgv-direct-des-2027-une-nouvelle-liaison-internationale-en-preparation\/#breadcrumb"},"inLanguage":"fr-FR","potentialAction":[{"@type":"ReadAction","target":["https:\/\/bale.ch\/journal\/bale-bruxelles-en-tgv-direct-des-2027-une-nouvelle-liaison-internationale-en-preparation\/"]}]},{"@type":"ImageObject","inLanguage":"fr-FR","@id":"https:\/\/bale.ch\/journal\/bale-bruxelles-en-tgv-direct-des-2027-une-nouvelle-liaison-internationale-en-preparation\/#primaryimage","url":"https:\/\/bale.ch\/journal\/wp-content\/uploads\/2026\/04\/journaldebale_image.png","contentUrl":"https:\/\/bale.ch\/journal\/wp-content\/uploads\/2026\/04\/journaldebale_image.png","width":1055,"height":568},{"@type":"BreadcrumbList","@id":"https:\/\/bale.ch\/journal\/bale-bruxelles-en-tgv-direct-des-2027-une-nouvelle-liaison-internationale-en-preparation\/#breadcrumb","itemListElement":[{"@type":"ListItem","position":1,"name":"Accueil","item":"https:\/\/bale.ch\/journal\/"},{"@type":"ListItem","position":2,"name":"B\u00e2le\u2013Bruxelles en TGV direct d\u00e8s 2027: une nouvelle liaison internationale en pr\u00e9paration"}]},{"@type":"WebSite","@id":"https:\/\/bale.ch\/journal\/#website","url":"https:\/\/bale.ch\/journal\/","name":"Journal de B\u00e2le et Gen\u00e8ve","description":"M\u00e9dia transfrontalier d&#039;actualit\u00e9s - News","publisher":{"@id":"https:\/\/bale.ch\/journal\/#organization"},"potentialAction":[{"@type":"SearchAction","target":{"@type":"EntryPoint","urlTemplate":"https:\/\/bale.ch\/journal\/?s={search_term_string}"},"query-input":{"@type":"PropertyValueSpecification","valueRequired":true,"valueName":"search_term_string"}}],"inLanguage":"fr-FR"},{"@type":"Organization","@id":"https:\/\/bale.ch\/journal\/#organization","name":"Journal de B\u00e2le et Gen\u00e8ve","url":"https:\/\/bale.ch\/journal\/","logo":{"@type":"ImageObject","inLanguage":"fr-FR","@id":"https:\/\/bale.ch\/journal\/#\/schema\/logo\/image\/","url":"https:\/\/bale.ch\/journal\/wp-content\/uploads\/2023\/07\/journaldebale_logo_2023_nb.png","contentUrl":"https:\/\/bale.ch\/journal\/wp-content\/uploads\/2023\/07\/journaldebale_logo_2023_nb.png","width":371,"height":127,"caption":"Journal de B\u00e2le et Gen\u00e8ve"},"image":{"@id":"https:\/\/bale.ch\/journal\/#\/schema\/logo\/image\/"}},{"@type":"Person","@id":"https:\/\/bale.ch\/journal\/#\/schema\/person\/03ced978db3b7a5274c5cef003f352f5","name":"La R\u00e9daction","image":{"@type":"ImageObject","inLanguage":"fr-FR","@id":"https:\/\/secure.gravatar.com\/avatar\/d1327e2ce8d2b860112f968a3f34686c9bdda7a463a1502cdd1070ac9d88cf1e?s=96&d=mm&r=g","url":"https:\/\/secure.gravatar.com\/avatar\/d1327e2ce8d2b860112f968a3f34686c9bdda7a463a1502cdd1070ac9d88cf1e?s=96&d=mm&r=g","contentUrl":"https:\/\/secure.gravatar.com\/avatar\/d1327e2ce8d2b860112f968a3f34686c9bdda7a463a1502cdd1070ac9d88cf1e?s=96&d=mm&r=g","caption":"La R\u00e9daction"},"url":"https:\/\/bale.ch\/journal\/author\/laredaction\/"}]}},"_links":{"self":[{"href":"https:\/\/bale.ch\/journal\/wp-json\/wp\/v2\/posts\/4110","targetHints":{"allow":["GET"]}}],"collection":[{"href":"https:\/\/bale.ch\/journal\/wp-json\/wp\/v2\/posts"}],"about":[{"href":"https:\/\/bale.ch\/journal\/wp-json\/wp\/v2\/types\/post"}],"author":[{"embeddable":true,"href":"https:\/\/bale.ch\/journal\/wp-json\/wp\/v2\/users\/2"}],"replies":[{"embeddable":true,"href":"https:\/\/bale.ch\/journal\/wp-json\/wp\/v2\/comments?post=4110"}],"version-history":[{"count":1,"href":"https:\/\/bale.ch\/journal\/wp-json\/wp\/v2\/posts\/4110\/revisions"}],"predecessor-version":[{"id":4111,"href":"https:\/\/bale.ch\/journal\/wp-json\/wp\/v2\/posts\/4110\/revisions\/4111"}],"wp:featuredmedia":[{"embeddable":true,"href":"https:\/\/bale.ch\/journal\/wp-json\/wp\/v2\/media\/3988"}],"wp:attachment":[{"href":"https:\/\/bale.ch\/journal\/wp-json\/wp\/v2\/media?parent=4110"}],"wp:term":[{"taxonomy":"category","embeddable":true,"href":"https:\/\/bale.ch\/journal\/wp-json\/wp\/v2\/categories?post=4110"},{"taxonomy":"post_tag","embeddable":true,"href":"https:\/\/bale.ch\/journal\/wp-json\/wp\/v2\/tags?post=4110"}],"curies":[{"name":"wp","href":"https:\/\/api.w.org\/{rel}","templated":true}]}}