{"id":4118,"date":"2026-06-18T10:40:29","date_gmt":"2026-06-18T10:40:29","guid":{"rendered":"https:\/\/bale.ch\/journal\/?p=4118"},"modified":"2026-06-18T11:56:20","modified_gmt":"2026-06-18T11:56:20","slug":"tramway-transfrontalier-une-nouvelle-ligne-entre-bale-huningue-et-saint-louis-a-letude","status":"publish","type":"post","link":"https:\/\/bale.ch\/journal\/tramway-transfrontalier-une-nouvelle-ligne-entre-bale-huningue-et-saint-louis-a-letude\/","title":{"rendered":"Tramway transfrontalier: Une nouvelle ligne entre B\u00e2le, Huningue et Saint-Louis \u00e0 l&rsquo;\u00e9tude"},"content":{"rendered":"\n<p class=\"wp-block-paragraph\"><strong>Moins de dix ans apr\u00e8s le retour historique du tramway \u00e0 Saint-Louis, l\u2019agglom\u00e9ration trinationale de B\u00e2le voit d\u00e9j\u00e0 plus loin. Un projet ambitieux est actuellement \u00e0 l\u2019\u00e9tude : relier le nord de la cit\u00e9 rh\u00e9nane \u00e0 la gare de Saint-Louis via Huningue, gr\u00e2ce \u00e0 la construction d\u2019un nouveau pont sur le Rhin.<\/strong><\/p>\n\n\n\n<p class=\"wp-block-paragraph\">L\u2019id\u00e9e peut sembler audacieuse, mais elle s\u2019inscrit dans une vision \u00e0 long terme pour le secteur des Trois Fronti\u00e8res. Selon des informations r\u00e9v\u00e9l\u00e9es par la presse b\u00e2loise, les autorit\u00e9s envisagent une nouvelle ligne de tramway reliant le quartier b\u00e2lois de Kleinh\u00fcningen \u00e0 la gare de Saint-Louis, en traversant la commune fran\u00e7aise de Huningue.<\/p>\n\n\n\n<p class=\"wp-block-paragraph\">Le projet repose sur un maillon technique et symbolique fort : la construction d\u2019un nouveau pont sur le Rhin entre le nord de B\u00e2le et Huningue. Cette infrastructure, dont les \u00e9tudes pr\u00e9paratoires doivent d\u00e9buter prochainement gr\u00e2ce \u00e0 des financements europ\u00e9ens et suisses, permettrait pour la premi\u00e8re fois de cr\u00e9er une liaison directe de transport public entre ces deux secteurs aujourd\u2019hui s\u00e9par\u00e9s par le fleuve.<\/p><div id=\"crieu-3844707901\" class=\"crieu-content crieu-entity-placement\"><script async src=\"\/\/pagead2.googlesyndication.com\/pagead\/js\/adsbygoogle.js?client=ca-pub-5271584769416742\" crossorigin=\"anonymous\"><\/script><ins class=\"adsbygoogle\" style=\"display:block;\" data-ad-client=\"ca-pub-5271584769416742\" \ndata-ad-slot=\"9321250718\" \ndata-ad-format=\"auto\"><\/ins>\n<script> \n(adsbygoogle = window.adsbygoogle || []).push({}); \n<\/script>\n<\/div>\n\n\n\n<figure class=\"wp-block-image size-large\"><a href=\"https:\/\/bale.ch\/journal\/wp-content\/uploads\/2026\/06\/Westquai-Bruecke.jpg\"><img loading=\"lazy\" decoding=\"async\" width=\"1024\" height=\"764\" src=\"https:\/\/bale.ch\/journal\/wp-content\/uploads\/2026\/06\/Westquai-Bruecke-1024x764.jpg\" alt=\"\" class=\"wp-image-4127\" srcset=\"https:\/\/bale.ch\/journal\/wp-content\/uploads\/2026\/06\/Westquai-Bruecke-1024x764.jpg 1024w, https:\/\/bale.ch\/journal\/wp-content\/uploads\/2026\/06\/Westquai-Bruecke-300x224.jpg 300w, https:\/\/bale.ch\/journal\/wp-content\/uploads\/2026\/06\/Westquai-Bruecke-768x573.jpg 768w, https:\/\/bale.ch\/journal\/wp-content\/uploads\/2026\/06\/Westquai-Bruecke-1536x1146.jpg 1536w, https:\/\/bale.ch\/journal\/wp-content\/uploads\/2026\/06\/Westquai-Bruecke.jpg 1600w\" sizes=\"auto, (max-width: 1024px) 100vw, 1024px\" \/><\/a><\/figure>\n\n\n\n<h3 class=\"wp-block-heading\">Un tramway pour accompagner la naissance d\u2019un nouveau quartier trinational<\/h3>\n\n\n\n<p class=\"wp-block-paragraph\">Au-del\u00e0 de la simple question des transports, ce projet est intimement li\u00e9 \u00e0 la transformation du secteur \u00ab 3Land \u00bb, l&rsquo;un des projets urbains transfrontaliers les plus ambitieux d&rsquo;Europe. R\u00e9parti entre B\u00e2le (Suisse), Huningue (France) et Weil am Rhein (Allemagne), ce territoire d&rsquo;environ 200 hectares, longtemps d\u00e9di\u00e9 aux activit\u00e9s portuaires et industrielles, s&rsquo;appr\u00eate \u00e0 vivre une v\u00e9ritable m\u00e9tamorphose.<\/p>\n\n\n\n<p class=\"wp-block-paragraph\">\u00c0 terme, les rives du Rhin accueilleront un tout nouveau quartier de ville m\u00ealant des milliers de nouveaux logements, des bureaux, des commerces, des espaces publics et des \u00e9quipements culturels. Pour les collectivit\u00e9s partenaires, le d\u00e9veloppement d&rsquo;une offre de transport performante d\u00e8s la gen\u00e8se du projet est indispensable pour \u00e9viter une explosion du trafic automobile dans un secteur d\u00e9j\u00e0 satur\u00e9. La future ligne de tram, indissociable du nouveau pont sur le Rhin, est ainsi pens\u00e9e comme l&rsquo;une des infrastructures colonnes vert\u00e9brales du futur 3Land, au m\u00eame titre que les liaisons cyclables ou les nouveaux espaces verts.<\/p>\n\n\n\n<figure class=\"wp-block-image size-full\"><a href=\"https:\/\/bale.ch\/journal\/wp-content\/uploads\/2026\/06\/3land1-vue-aerienne.jpg\"><img loading=\"lazy\" decoding=\"async\" width=\"938\" height=\"468\" src=\"https:\/\/bale.ch\/journal\/wp-content\/uploads\/2026\/06\/3land1-vue-aerienne.jpg\" alt=\"\" class=\"wp-image-4119\" srcset=\"https:\/\/bale.ch\/journal\/wp-content\/uploads\/2026\/06\/3land1-vue-aerienne.jpg 938w, https:\/\/bale.ch\/journal\/wp-content\/uploads\/2026\/06\/3land1-vue-aerienne-300x150.jpg 300w, https:\/\/bale.ch\/journal\/wp-content\/uploads\/2026\/06\/3land1-vue-aerienne-768x383.jpg 768w\" sizes=\"auto, (max-width: 938px) 100vw, 938px\" \/><\/a><\/figure>\n\n\n\n<h3 class=\"wp-block-heading\">Une connexion strat\u00e9gique avec la gare de Saint-Louis<\/h3>\n\n\n\n<p class=\"wp-block-paragraph\">Malgr\u00e9 leur proximit\u00e9 g\u00e9ographique, les quartiers situ\u00e9s de part et d&rsquo;autre du Rhin souffrent aujourd&rsquo;hui d&rsquo;un manque de connexions directes en transports publics, imposant souvent des d\u00e9tours ou des correspondances fastidieuses aux usagers.<\/p>\n\n\n\n<p class=\"wp-block-paragraph\">Le trac\u00e9 envisag\u00e9 viendrait corriger cette anomalie en reliant le nord de B\u00e2le \u00e0 la gare de Saint-Louis. Devenue l&rsquo;un des principaux p\u00f4les d&rsquo;\u00e9changes de la r\u00e9gion frontali\u00e8re, cette gare propose des connexions majeures vers Mulhouse, Strasbourg, Belfort, Paris, ainsi que vers le r\u00e9seau TER alsacien. Elle constitue d\u00e9j\u00e0 le terminus de la ligne 3 du tramway b\u00e2lois, inaugur\u00e9e en d\u00e9cembre 2017.<\/p>\n\n\n\n<p class=\"wp-block-paragraph\">Pour les habitants de Huningue, aujourd&rsquo;hui d\u00e9pendants du r\u00e9seau de bus, l&rsquo;arriv\u00e9e d&rsquo;un mode de transport lourd et structurant comme le tramway repr\u00e9senterait une r\u00e9volution dans leurs d\u00e9placements quotidiens vers la Suisse.<\/p>\n\n\n\n<h3 class=\"wp-block-heading\">Un projet au stade des \u00e9tudes, mais une vision d&rsquo;avenir<\/h3>\n\n\n\n<p class=\"wp-block-paragraph\">Les autorit\u00e9s se montrent toutefois prudentes : le projet n&rsquo;en est qu&rsquo;\u00e0 ses premi\u00e8res phases de planification. Les futures \u00e9tudes de faisabilit\u00e9 devront \u00e9valuer les nombreuses contraintes techniques, financi\u00e8res et r\u00e9glementaires li\u00e9es \u00e0 la construction d&rsquo;un pont international et \u00e0 l&rsquo;exploitation d&rsquo;une ligne de tramway transfrontali\u00e8re. Aucun calendrier pr\u00e9cis ni date de mise en service n&rsquo;ont pour l&rsquo;heure \u00e9t\u00e9 avanc\u00e9s.<\/p>\n\n\n\n<p class=\"wp-block-paragraph\">Si elle voit le jour, cette ligne s\u2019ajoutera aux infrastructures embl\u00e9matiques qui font d\u00e9j\u00e0 la force de l\u2019agglom\u00e9ration (les lignes de tram 3 et 8, le projet de desserte ferroviaire de l&rsquo;EuroAirport ou le futur RER trinational). Plus qu&rsquo;une simple infrastructure, ce tramway incarnerait une nouvelle \u00e9tape concr\u00e8te dans la construction de la m\u00e9tropole des Trois Fronti\u00e8res, o\u00f9 les limites administratives s&rsquo;effacent un peu plus chaque jour devant les r\u00e9alit\u00e9s de la vie quotidienne.<\/p>\n<div id=\"crieu-2643224878\" class=\"crieu-apres-le-contenu crieu-entity-placement\" style=\"margin-left: auto;margin-right: auto;text-align: center;\"><script async src=\"\/\/pagead2.googlesyndication.com\/pagead\/js\/adsbygoogle.js?client=ca-pub-5271584769416742\" crossorigin=\"anonymous\"><\/script><ins class=\"adsbygoogle\" style=\"display:block;\" data-ad-client=\"ca-pub-5271584769416742\" \ndata-ad-slot=\"9321250718\" \ndata-ad-format=\"auto\"><\/ins>\n<script> \n(adsbygoogle = window.adsbygoogle || []).push({}); \n<\/script>\n<\/div>","protected":false},"excerpt":{"rendered":"<p>Moins de dix ans apr\u00e8s le retour historique du tramway \u00e0 Saint-Louis, l\u2019agglom\u00e9ration trinationale de B\u00e2le voit d\u00e9j\u00e0 plus loin. Un projet ambitieux est actuellement \u00e0 l\u2019\u00e9tude : relier le <a href=\"https:\/\/bale.ch\/journal\/tramway-transfrontalier-une-nouvelle-ligne-entre-bale-huningue-et-saint-louis-a-letude\/\" class=\"read-more button-fancy -red\"><span class=\"btn-arrow\"><\/span><span class=\"twp-read-more text\">Continuer la lecture<\/span><\/a><\/p>\n","protected":false},"author":2,"featured_media":4126,"comment_status":"closed","ping_status":"closed","sticky":false,"template":"","format":"standard","meta":{"footnotes":""},"categories":[103,7],"tags":[60,300,238,92,206],"class_list":["post-4118","post","type-post","status-publish","format-standard","has-post-thumbnail","hentry","category-actu","category-bale","tag-bale","tag-frontalier","tag-huningue","tag-mobilite-bale","tag-saint-louis"],"yoast_head":"<!-- This site is optimized with the Yoast SEO plugin v28.3 - https:\/\/yoast.com\/product\/yoast-seo-wordpress\/ -->\n<title>Tramway transfrontalier: Une nouvelle ligne entre B\u00e2le, Huningue et Saint-Louis \u00e0 l&#039;\u00e9tude - Journal de B\u00e2le et Gen\u00e8ve<\/title>\n<meta name=\"robots\" content=\"index, follow, max-snippet:-1, max-image-preview:large, max-video-preview:-1\" \/>\n<link rel=\"canonical\" href=\"https:\/\/bale.ch\/journal\/tramway-transfrontalier-une-nouvelle-ligne-entre-bale-huningue-et-saint-louis-a-letude\/\" \/>\n<meta property=\"og:locale\" content=\"fr_FR\" \/>\n<meta property=\"og:type\" content=\"article\" \/>\n<meta property=\"og:title\" content=\"Tramway transfrontalier: Une nouvelle ligne entre B\u00e2le, Huningue et Saint-Louis \u00e0 l&#039;\u00e9tude - Journal de B\u00e2le et Gen\u00e8ve\" \/>\n<meta property=\"og:description\" content=\"Moins de dix ans apr\u00e8s le retour historique du tramway \u00e0 Saint-Louis, l\u2019agglom\u00e9ration trinationale de B\u00e2le voit d\u00e9j\u00e0 plus loin. Un projet ambitieux est actuellement \u00e0 l\u2019\u00e9tude : relier le Continuer la lecture\" \/>\n<meta property=\"og:url\" content=\"https:\/\/bale.ch\/journal\/tramway-transfrontalier-une-nouvelle-ligne-entre-bale-huningue-et-saint-louis-a-letude\/\" \/>\n<meta property=\"og:site_name\" content=\"Journal de B\u00e2le et Gen\u00e8ve\" \/>\n<meta property=\"article:published_time\" content=\"2026-06-18T10:40:29+00:00\" \/>\n<meta property=\"article:modified_time\" content=\"2026-06-18T11:56:20+00:00\" \/>\n<meta property=\"og:image\" content=\"https:\/\/bale.ch\/journal\/wp-content\/uploads\/2026\/06\/3land-kna-rheinbruecke-modelle-infras-gueller-gueller-serue-7saw9mh3pn070vh.jpg\" \/>\n\t<meta property=\"og:image:width\" content=\"1234\" \/>\n\t<meta property=\"og:image:height\" content=\"606\" \/>\n\t<meta property=\"og:image:type\" content=\"image\/jpeg\" \/>\n<meta name=\"author\" content=\"La R\u00e9daction\" \/>\n<meta name=\"twitter:card\" content=\"summary_large_image\" \/>\n<meta name=\"twitter:label1\" content=\"\u00c9crit par\" \/>\n\t<meta name=\"twitter:data1\" content=\"La R\u00e9daction\" \/>\n\t<meta name=\"twitter:label2\" content=\"Dur\u00e9e de lecture estim\u00e9e\" \/>\n\t<meta name=\"twitter:data2\" content=\"4 minutes\" \/>\n<script type=\"application\/ld+json\" class=\"yoast-schema-graph\">{\"@context\":\"https:\\\/\\\/schema.org\",\"@graph\":[{\"@type\":\"Article\",\"@id\":\"https:\\\/\\\/bale.ch\\\/journal\\\/tramway-transfrontalier-une-nouvelle-ligne-entre-bale-huningue-et-saint-louis-a-letude\\\/#article\",\"isPartOf\":{\"@id\":\"https:\\\/\\\/bale.ch\\\/journal\\\/tramway-transfrontalier-une-nouvelle-ligne-entre-bale-huningue-et-saint-louis-a-letude\\\/\"},\"author\":{\"name\":\"La R\u00e9daction\",\"@id\":\"https:\\\/\\\/bale.ch\\\/journal\\\/#\\\/schema\\\/person\\\/03ced978db3b7a5274c5cef003f352f5\"},\"headline\":\"Tramway transfrontalier: Une nouvelle ligne entre B\u00e2le, Huningue et Saint-Louis \u00e0 l&rsquo;\u00e9tude\",\"datePublished\":\"2026-06-18T10:40:29+00:00\",\"dateModified\":\"2026-06-18T11:56:20+00:00\",\"mainEntityOfPage\":{\"@id\":\"https:\\\/\\\/bale.ch\\\/journal\\\/tramway-transfrontalier-une-nouvelle-ligne-entre-bale-huningue-et-saint-louis-a-letude\\\/\"},\"wordCount\":712,\"publisher\":{\"@id\":\"https:\\\/\\\/bale.ch\\\/journal\\\/#organization\"},\"image\":{\"@id\":\"https:\\\/\\\/bale.ch\\\/journal\\\/tramway-transfrontalier-une-nouvelle-ligne-entre-bale-huningue-et-saint-louis-a-letude\\\/#primaryimage\"},\"thumbnailUrl\":\"https:\\\/\\\/bale.ch\\\/journal\\\/wp-content\\\/uploads\\\/2026\\\/06\\\/3land-kna-rheinbruecke-modelle-infras-gueller-gueller-serue-7saw9mh3pn070vh.jpg\",\"keywords\":[\"B\u00e2le\",\"Frontalier\",\"Huningue\",\"mobilit\u00e9 b\u00e2le\",\"Saint-Louis\"],\"articleSection\":[\"Actualit\u00e9s\",\"B\u00e2le Trinationale\"],\"inLanguage\":\"fr-FR\"},{\"@type\":\"WebPage\",\"@id\":\"https:\\\/\\\/bale.ch\\\/journal\\\/tramway-transfrontalier-une-nouvelle-ligne-entre-bale-huningue-et-saint-louis-a-letude\\\/\",\"url\":\"https:\\\/\\\/bale.ch\\\/journal\\\/tramway-transfrontalier-une-nouvelle-ligne-entre-bale-huningue-et-saint-louis-a-letude\\\/\",\"name\":\"Tramway transfrontalier: Une nouvelle ligne entre B\u00e2le, Huningue et Saint-Louis \u00e0 l'\u00e9tude - Journal de B\u00e2le et Gen\u00e8ve\",\"isPartOf\":{\"@id\":\"https:\\\/\\\/bale.ch\\\/journal\\\/#website\"},\"primaryImageOfPage\":{\"@id\":\"https:\\\/\\\/bale.ch\\\/journal\\\/tramway-transfrontalier-une-nouvelle-ligne-entre-bale-huningue-et-saint-louis-a-letude\\\/#primaryimage\"},\"image\":{\"@id\":\"https:\\\/\\\/bale.ch\\\/journal\\\/tramway-transfrontalier-une-nouvelle-ligne-entre-bale-huningue-et-saint-louis-a-letude\\\/#primaryimage\"},\"thumbnailUrl\":\"https:\\\/\\\/bale.ch\\\/journal\\\/wp-content\\\/uploads\\\/2026\\\/06\\\/3land-kna-rheinbruecke-modelle-infras-gueller-gueller-serue-7saw9mh3pn070vh.jpg\",\"datePublished\":\"2026-06-18T10:40:29+00:00\",\"dateModified\":\"2026-06-18T11:56:20+00:00\",\"breadcrumb\":{\"@id\":\"https:\\\/\\\/bale.ch\\\/journal\\\/tramway-transfrontalier-une-nouvelle-ligne-entre-bale-huningue-et-saint-louis-a-letude\\\/#breadcrumb\"},\"inLanguage\":\"fr-FR\",\"potentialAction\":[{\"@type\":\"ReadAction\",\"target\":[\"https:\\\/\\\/bale.ch\\\/journal\\\/tramway-transfrontalier-une-nouvelle-ligne-entre-bale-huningue-et-saint-louis-a-letude\\\/\"]}]},{\"@type\":\"ImageObject\",\"inLanguage\":\"fr-FR\",\"@id\":\"https:\\\/\\\/bale.ch\\\/journal\\\/tramway-transfrontalier-une-nouvelle-ligne-entre-bale-huningue-et-saint-louis-a-letude\\\/#primaryimage\",\"url\":\"https:\\\/\\\/bale.ch\\\/journal\\\/wp-content\\\/uploads\\\/2026\\\/06\\\/3land-kna-rheinbruecke-modelle-infras-gueller-gueller-serue-7saw9mh3pn070vh.jpg\",\"contentUrl\":\"https:\\\/\\\/bale.ch\\\/journal\\\/wp-content\\\/uploads\\\/2026\\\/06\\\/3land-kna-rheinbruecke-modelle-infras-gueller-gueller-serue-7saw9mh3pn070vh.jpg\",\"width\":1234,\"height\":606},{\"@type\":\"BreadcrumbList\",\"@id\":\"https:\\\/\\\/bale.ch\\\/journal\\\/tramway-transfrontalier-une-nouvelle-ligne-entre-bale-huningue-et-saint-louis-a-letude\\\/#breadcrumb\",\"itemListElement\":[{\"@type\":\"ListItem\",\"position\":1,\"name\":\"Accueil\",\"item\":\"https:\\\/\\\/bale.ch\\\/journal\\\/\"},{\"@type\":\"ListItem\",\"position\":2,\"name\":\"Tramway transfrontalier: Une nouvelle ligne entre B\u00e2le, Huningue et Saint-Louis \u00e0 l&rsquo;\u00e9tude\"}]},{\"@type\":\"WebSite\",\"@id\":\"https:\\\/\\\/bale.ch\\\/journal\\\/#website\",\"url\":\"https:\\\/\\\/bale.ch\\\/journal\\\/\",\"name\":\"Journal de B\u00e2le et Gen\u00e8ve\",\"description\":\"M\u00e9dia transfrontalier d&#039;actualit\u00e9s - News\",\"publisher\":{\"@id\":\"https:\\\/\\\/bale.ch\\\/journal\\\/#organization\"},\"potentialAction\":[{\"@type\":\"SearchAction\",\"target\":{\"@type\":\"EntryPoint\",\"urlTemplate\":\"https:\\\/\\\/bale.ch\\\/journal\\\/?s={search_term_string}\"},\"query-input\":{\"@type\":\"PropertyValueSpecification\",\"valueRequired\":true,\"valueName\":\"search_term_string\"}}],\"inLanguage\":\"fr-FR\"},{\"@type\":\"Organization\",\"@id\":\"https:\\\/\\\/bale.ch\\\/journal\\\/#organization\",\"name\":\"Journal de B\u00e2le et Gen\u00e8ve\",\"url\":\"https:\\\/\\\/bale.ch\\\/journal\\\/\",\"logo\":{\"@type\":\"ImageObject\",\"inLanguage\":\"fr-FR\",\"@id\":\"https:\\\/\\\/bale.ch\\\/journal\\\/#\\\/schema\\\/logo\\\/image\\\/\",\"url\":\"https:\\\/\\\/bale.ch\\\/journal\\\/wp-content\\\/uploads\\\/2023\\\/07\\\/journaldebale_logo_2023_nb.png\",\"contentUrl\":\"https:\\\/\\\/bale.ch\\\/journal\\\/wp-content\\\/uploads\\\/2023\\\/07\\\/journaldebale_logo_2023_nb.png\",\"width\":371,\"height\":127,\"caption\":\"Journal de B\u00e2le et Gen\u00e8ve\"},\"image\":{\"@id\":\"https:\\\/\\\/bale.ch\\\/journal\\\/#\\\/schema\\\/logo\\\/image\\\/\"}},{\"@type\":\"Person\",\"@id\":\"https:\\\/\\\/bale.ch\\\/journal\\\/#\\\/schema\\\/person\\\/03ced978db3b7a5274c5cef003f352f5\",\"name\":\"La R\u00e9daction\",\"image\":{\"@type\":\"ImageObject\",\"inLanguage\":\"fr-FR\",\"@id\":\"https:\\\/\\\/secure.gravatar.com\\\/avatar\\\/d1327e2ce8d2b860112f968a3f34686c9bdda7a463a1502cdd1070ac9d88cf1e?s=96&d=mm&r=g\",\"url\":\"https:\\\/\\\/secure.gravatar.com\\\/avatar\\\/d1327e2ce8d2b860112f968a3f34686c9bdda7a463a1502cdd1070ac9d88cf1e?s=96&d=mm&r=g\",\"contentUrl\":\"https:\\\/\\\/secure.gravatar.com\\\/avatar\\\/d1327e2ce8d2b860112f968a3f34686c9bdda7a463a1502cdd1070ac9d88cf1e?s=96&d=mm&r=g\",\"caption\":\"La R\u00e9daction\"},\"url\":\"https:\\\/\\\/bale.ch\\\/journal\\\/author\\\/laredaction\\\/\"}]}<\/script>\n<!-- \/ Yoast SEO plugin. -->","yoast_head_json":{"title":"Tramway transfrontalier: Une nouvelle ligne entre B\u00e2le, Huningue et Saint-Louis \u00e0 l'\u00e9tude - Journal de B\u00e2le et Gen\u00e8ve","robots":{"index":"index","follow":"follow","max-snippet":"max-snippet:-1","max-image-preview":"max-image-preview:large","max-video-preview":"max-video-preview:-1"},"canonical":"https:\/\/bale.ch\/journal\/tramway-transfrontalier-une-nouvelle-ligne-entre-bale-huningue-et-saint-louis-a-letude\/","og_locale":"fr_FR","og_type":"article","og_title":"Tramway transfrontalier: Une nouvelle ligne entre B\u00e2le, Huningue et Saint-Louis \u00e0 l'\u00e9tude - Journal de B\u00e2le et Gen\u00e8ve","og_description":"Moins de dix ans apr\u00e8s le retour historique du tramway \u00e0 Saint-Louis, l\u2019agglom\u00e9ration trinationale de B\u00e2le voit d\u00e9j\u00e0 plus loin. Un projet ambitieux est actuellement \u00e0 l\u2019\u00e9tude : relier le Continuer la lecture","og_url":"https:\/\/bale.ch\/journal\/tramway-transfrontalier-une-nouvelle-ligne-entre-bale-huningue-et-saint-louis-a-letude\/","og_site_name":"Journal de B\u00e2le et Gen\u00e8ve","article_published_time":"2026-06-18T10:40:29+00:00","article_modified_time":"2026-06-18T11:56:20+00:00","og_image":[{"width":1234,"height":606,"url":"https:\/\/bale.ch\/journal\/wp-content\/uploads\/2026\/06\/3land-kna-rheinbruecke-modelle-infras-gueller-gueller-serue-7saw9mh3pn070vh.jpg","type":"image\/jpeg"}],"author":"La R\u00e9daction","twitter_card":"summary_large_image","twitter_misc":{"\u00c9crit par":"La R\u00e9daction","Dur\u00e9e de lecture estim\u00e9e":"4 minutes"},"schema":{"@context":"https:\/\/schema.org","@graph":[{"@type":"Article","@id":"https:\/\/bale.ch\/journal\/tramway-transfrontalier-une-nouvelle-ligne-entre-bale-huningue-et-saint-louis-a-letude\/#article","isPartOf":{"@id":"https:\/\/bale.ch\/journal\/tramway-transfrontalier-une-nouvelle-ligne-entre-bale-huningue-et-saint-louis-a-letude\/"},"author":{"name":"La R\u00e9daction","@id":"https:\/\/bale.ch\/journal\/#\/schema\/person\/03ced978db3b7a5274c5cef003f352f5"},"headline":"Tramway transfrontalier: Une nouvelle ligne entre B\u00e2le, Huningue et Saint-Louis \u00e0 l&rsquo;\u00e9tude","datePublished":"2026-06-18T10:40:29+00:00","dateModified":"2026-06-18T11:56:20+00:00","mainEntityOfPage":{"@id":"https:\/\/bale.ch\/journal\/tramway-transfrontalier-une-nouvelle-ligne-entre-bale-huningue-et-saint-louis-a-letude\/"},"wordCount":712,"publisher":{"@id":"https:\/\/bale.ch\/journal\/#organization"},"image":{"@id":"https:\/\/bale.ch\/journal\/tramway-transfrontalier-une-nouvelle-ligne-entre-bale-huningue-et-saint-louis-a-letude\/#primaryimage"},"thumbnailUrl":"https:\/\/bale.ch\/journal\/wp-content\/uploads\/2026\/06\/3land-kna-rheinbruecke-modelle-infras-gueller-gueller-serue-7saw9mh3pn070vh.jpg","keywords":["B\u00e2le","Frontalier","Huningue","mobilit\u00e9 b\u00e2le","Saint-Louis"],"articleSection":["Actualit\u00e9s","B\u00e2le Trinationale"],"inLanguage":"fr-FR"},{"@type":"WebPage","@id":"https:\/\/bale.ch\/journal\/tramway-transfrontalier-une-nouvelle-ligne-entre-bale-huningue-et-saint-louis-a-letude\/","url":"https:\/\/bale.ch\/journal\/tramway-transfrontalier-une-nouvelle-ligne-entre-bale-huningue-et-saint-louis-a-letude\/","name":"Tramway transfrontalier: Une nouvelle ligne entre B\u00e2le, Huningue et Saint-Louis \u00e0 l'\u00e9tude - Journal de B\u00e2le et Gen\u00e8ve","isPartOf":{"@id":"https:\/\/bale.ch\/journal\/#website"},"primaryImageOfPage":{"@id":"https:\/\/bale.ch\/journal\/tramway-transfrontalier-une-nouvelle-ligne-entre-bale-huningue-et-saint-louis-a-letude\/#primaryimage"},"image":{"@id":"https:\/\/bale.ch\/journal\/tramway-transfrontalier-une-nouvelle-ligne-entre-bale-huningue-et-saint-louis-a-letude\/#primaryimage"},"thumbnailUrl":"https:\/\/bale.ch\/journal\/wp-content\/uploads\/2026\/06\/3land-kna-rheinbruecke-modelle-infras-gueller-gueller-serue-7saw9mh3pn070vh.jpg","datePublished":"2026-06-18T10:40:29+00:00","dateModified":"2026-06-18T11:56:20+00:00","breadcrumb":{"@id":"https:\/\/bale.ch\/journal\/tramway-transfrontalier-une-nouvelle-ligne-entre-bale-huningue-et-saint-louis-a-letude\/#breadcrumb"},"inLanguage":"fr-FR","potentialAction":[{"@type":"ReadAction","target":["https:\/\/bale.ch\/journal\/tramway-transfrontalier-une-nouvelle-ligne-entre-bale-huningue-et-saint-louis-a-letude\/"]}]},{"@type":"ImageObject","inLanguage":"fr-FR","@id":"https:\/\/bale.ch\/journal\/tramway-transfrontalier-une-nouvelle-ligne-entre-bale-huningue-et-saint-louis-a-letude\/#primaryimage","url":"https:\/\/bale.ch\/journal\/wp-content\/uploads\/2026\/06\/3land-kna-rheinbruecke-modelle-infras-gueller-gueller-serue-7saw9mh3pn070vh.jpg","contentUrl":"https:\/\/bale.ch\/journal\/wp-content\/uploads\/2026\/06\/3land-kna-rheinbruecke-modelle-infras-gueller-gueller-serue-7saw9mh3pn070vh.jpg","width":1234,"height":606},{"@type":"BreadcrumbList","@id":"https:\/\/bale.ch\/journal\/tramway-transfrontalier-une-nouvelle-ligne-entre-bale-huningue-et-saint-louis-a-letude\/#breadcrumb","itemListElement":[{"@type":"ListItem","position":1,"name":"Accueil","item":"https:\/\/bale.ch\/journal\/"},{"@type":"ListItem","position":2,"name":"Tramway transfrontalier: Une nouvelle ligne entre B\u00e2le, Huningue et Saint-Louis \u00e0 l&rsquo;\u00e9tude"}]},{"@type":"WebSite","@id":"https:\/\/bale.ch\/journal\/#website","url":"https:\/\/bale.ch\/journal\/","name":"Journal de B\u00e2le et Gen\u00e8ve","description":"M\u00e9dia transfrontalier d&#039;actualit\u00e9s - News","publisher":{"@id":"https:\/\/bale.ch\/journal\/#organization"},"potentialAction":[{"@type":"SearchAction","target":{"@type":"EntryPoint","urlTemplate":"https:\/\/bale.ch\/journal\/?s={search_term_string}"},"query-input":{"@type":"PropertyValueSpecification","valueRequired":true,"valueName":"search_term_string"}}],"inLanguage":"fr-FR"},{"@type":"Organization","@id":"https:\/\/bale.ch\/journal\/#organization","name":"Journal de B\u00e2le et Gen\u00e8ve","url":"https:\/\/bale.ch\/journal\/","logo":{"@type":"ImageObject","inLanguage":"fr-FR","@id":"https:\/\/bale.ch\/journal\/#\/schema\/logo\/image\/","url":"https:\/\/bale.ch\/journal\/wp-content\/uploads\/2023\/07\/journaldebale_logo_2023_nb.png","contentUrl":"https:\/\/bale.ch\/journal\/wp-content\/uploads\/2023\/07\/journaldebale_logo_2023_nb.png","width":371,"height":127,"caption":"Journal de B\u00e2le et Gen\u00e8ve"},"image":{"@id":"https:\/\/bale.ch\/journal\/#\/schema\/logo\/image\/"}},{"@type":"Person","@id":"https:\/\/bale.ch\/journal\/#\/schema\/person\/03ced978db3b7a5274c5cef003f352f5","name":"La R\u00e9daction","image":{"@type":"ImageObject","inLanguage":"fr-FR","@id":"https:\/\/secure.gravatar.com\/avatar\/d1327e2ce8d2b860112f968a3f34686c9bdda7a463a1502cdd1070ac9d88cf1e?s=96&d=mm&r=g","url":"https:\/\/secure.gravatar.com\/avatar\/d1327e2ce8d2b860112f968a3f34686c9bdda7a463a1502cdd1070ac9d88cf1e?s=96&d=mm&r=g","contentUrl":"https:\/\/secure.gravatar.com\/avatar\/d1327e2ce8d2b860112f968a3f34686c9bdda7a463a1502cdd1070ac9d88cf1e?s=96&d=mm&r=g","caption":"La R\u00e9daction"},"url":"https:\/\/bale.ch\/journal\/author\/laredaction\/"}]}},"_links":{"self":[{"href":"https:\/\/bale.ch\/journal\/wp-json\/wp\/v2\/posts\/4118","targetHints":{"allow":["GET"]}}],"collection":[{"href":"https:\/\/bale.ch\/journal\/wp-json\/wp\/v2\/posts"}],"about":[{"href":"https:\/\/bale.ch\/journal\/wp-json\/wp\/v2\/types\/post"}],"author":[{"embeddable":true,"href":"https:\/\/bale.ch\/journal\/wp-json\/wp\/v2\/users\/2"}],"replies":[{"embeddable":true,"href":"https:\/\/bale.ch\/journal\/wp-json\/wp\/v2\/comments?post=4118"}],"version-history":[{"count":3,"href":"https:\/\/bale.ch\/journal\/wp-json\/wp\/v2\/posts\/4118\/revisions"}],"predecessor-version":[{"id":4129,"href":"https:\/\/bale.ch\/journal\/wp-json\/wp\/v2\/posts\/4118\/revisions\/4129"}],"wp:featuredmedia":[{"embeddable":true,"href":"https:\/\/bale.ch\/journal\/wp-json\/wp\/v2\/media\/4126"}],"wp:attachment":[{"href":"https:\/\/bale.ch\/journal\/wp-json\/wp\/v2\/media?parent=4118"}],"wp:term":[{"taxonomy":"category","embeddable":true,"href":"https:\/\/bale.ch\/journal\/wp-json\/wp\/v2\/categories?post=4118"},{"taxonomy":"post_tag","embeddable":true,"href":"https:\/\/bale.ch\/journal\/wp-json\/wp\/v2\/tags?post=4118"}],"curies":[{"name":"wp","href":"https:\/\/api.w.org\/{rel}","templated":true}]}}