{"id":420,"date":"2016-03-29T15:49:42","date_gmt":"2016-03-29T15:49:42","guid":{"rendered":"http:\/\/bale.ch\/journal\/?p=420"},"modified":"2016-04-03T13:24:45","modified_gmt":"2016-04-03T13:24:45","slug":"baselworld-2016-bilan","status":"publish","type":"post","link":"https:\/\/bale.ch\/journal\/baselworld-2016-bilan\/","title":{"rendered":"BASELWORLD 2016: bilan positif pour la centi\u00e8me \u00e9dition"},"content":{"rendered":"<p>&nbsp;<\/p>\n<p><strong>Fort attrait m\u00e9diatique et\u00a0recul du nombre de visiteurs<\/strong><\/p>\n<figure id=\"attachment_421\" aria-describedby=\"caption-attachment-421\" style=\"width: 300px\" class=\"wp-caption alignleft\"><a href=\"https:\/\/bale.ch\/journal\/wp-content\/uploads\/2016\/03\/2016-03-24-17-42-50.jpg\" rel=\"attachment wp-att-421\"><img loading=\"lazy\" decoding=\"async\" class=\"size-medium wp-image-421\" src=\"https:\/\/bale.ch\/journal\/wp-content\/uploads\/2016\/03\/2016-03-24-17-42-50-300x298.jpg\" alt=\"Baselworld 2016\" width=\"300\" height=\"298\" srcset=\"https:\/\/bale.ch\/journal\/wp-content\/uploads\/2016\/03\/2016-03-24-17-42-50-300x298.jpg 300w, https:\/\/bale.ch\/journal\/wp-content\/uploads\/2016\/03\/2016-03-24-17-42-50-150x150.jpg 150w, https:\/\/bale.ch\/journal\/wp-content\/uploads\/2016\/03\/2016-03-24-17-42-50-768x762.jpg 768w, https:\/\/bale.ch\/journal\/wp-content\/uploads\/2016\/03\/2016-03-24-17-42-50-1024x1015.jpg 1024w, https:\/\/bale.ch\/journal\/wp-content\/uploads\/2016\/03\/2016-03-24-17-42-50.jpg 1080w\" sizes=\"auto, (max-width: 300px) 100vw, 300px\" \/><\/a><figcaption id=\"caption-attachment-421\" class=\"wp-caption-text\">Baselworld 2016<\/figcaption><\/figure>\n<p><strong>Baselworld<\/strong> est la plateforme unique o\u00f9 se r\u00e9unissent les acteurs cl\u00e9s de l\u2019industrie horlog\u00e8re et bijouti\u00e8re mondiale, ainsi que les secteurs des diamants, des pierres pr\u00e9cieuses, des perles, des machines et autres branches annexes.<\/p>\n<p>Quelque 150&rsquo;000 professionnels, de plus de 100 pays, se rendent vers B\u00e2le chaque ann\u00e9e pour y prendre le pouls de l\u2019industrie. Sur 141&rsquo;000 m\u00e8tres carr\u00e9s, ils s\u2019inspirent des innovations et des cr\u00e9ations expos\u00e9es avec splendeur, d\u00e9couvrent les nouvelles tendances et font l\u2019acquisition des derni\u00e8res collections pr\u00e9sent\u00e9es par 1&rsquo;500 marques, parmi les plus r\u00e9put\u00e9es et prestigieuses au monde. Huit jours par an, Baselworld devient le centre n\u00e9vralgique de toute l\u2019industrie. L\u2019impact suscit\u00e9 par\u00a0celui-ci\u00a0se r\u00e9percute\u00a0partout dans le monde: l\u2019actualit\u00e9 sur les derniers lancements se diffuse aux quatre coins de la plan\u00e8te et les nouvelles collections, attendues avec impatience, seront visibles d\u2019ici quelques mois dans les vitrines les plus c\u00e9l\u00e8bres des grandes m\u00e9tropoles.<\/p><div id=\"crieu-2629008513\" class=\"crieu-content crieu-entity-placement\"><script async src=\"\/\/pagead2.googlesyndication.com\/pagead\/js\/adsbygoogle.js?client=ca-pub-5271584769416742\" crossorigin=\"anonymous\"><\/script><ins class=\"adsbygoogle\" style=\"display:block;\" data-ad-client=\"ca-pub-5271584769416742\" \ndata-ad-slot=\"9321250718\" \ndata-ad-format=\"auto\"><\/ins>\n<script> \n(adsbygoogle = window.adsbygoogle || []).push({}); \n<\/script>\n<\/div>\n<figure id=\"attachment_425\" aria-describedby=\"caption-attachment-425\" style=\"width: 300px\" class=\"wp-caption alignright\"><a href=\"https:\/\/bale.ch\/journal\/wp-content\/uploads\/2016\/03\/Graff-Herm\u00e8s.jpg\" rel=\"attachment wp-att-425\"><img loading=\"lazy\" decoding=\"async\" class=\"size-medium wp-image-425\" src=\"https:\/\/bale.ch\/journal\/wp-content\/uploads\/2016\/03\/Graff-Herm\u00e8s-300x169.jpg\" alt=\"Stands Graff &amp; Herm\u00e8s\" width=\"300\" height=\"169\" srcset=\"https:\/\/bale.ch\/journal\/wp-content\/uploads\/2016\/03\/Graff-Herm\u00e8s-300x169.jpg 300w, https:\/\/bale.ch\/journal\/wp-content\/uploads\/2016\/03\/Graff-Herm\u00e8s-768x432.jpg 768w, https:\/\/bale.ch\/journal\/wp-content\/uploads\/2016\/03\/Graff-Herm\u00e8s-1024x576.jpg 1024w, https:\/\/bale.ch\/journal\/wp-content\/uploads\/2016\/03\/Graff-Herm\u00e8s-777x437.jpg 777w, https:\/\/bale.ch\/journal\/wp-content\/uploads\/2016\/03\/Graff-Herm\u00e8s-260x146.jpg 260w, https:\/\/bale.ch\/journal\/wp-content\/uploads\/2016\/03\/Graff-Herm\u00e8s-120x67.jpg 120w, https:\/\/bale.ch\/journal\/wp-content\/uploads\/2016\/03\/Graff-Herm\u00e8s.jpg 1366w\" sizes=\"auto, (max-width: 300px) 100vw, 300px\" \/><\/a><figcaption id=\"caption-attachment-425\" class=\"wp-caption-text\">Stands Graff &amp; Herm\u00e8s<\/figcaption><\/figure>\n<figure id=\"attachment_424\" aria-describedby=\"caption-attachment-424\" style=\"width: 300px\" class=\"wp-caption alignnone\"><a href=\"https:\/\/bale.ch\/journal\/wp-content\/uploads\/2016\/03\/Baselworld-2016.jpg\" rel=\"attachment wp-att-424\"><img loading=\"lazy\" decoding=\"async\" class=\"size-medium wp-image-424\" src=\"https:\/\/bale.ch\/journal\/wp-content\/uploads\/2016\/03\/Baselworld-2016-300x169.jpg\" alt=\"Hall of Fame\" width=\"300\" height=\"169\" srcset=\"https:\/\/bale.ch\/journal\/wp-content\/uploads\/2016\/03\/Baselworld-2016-300x169.jpg 300w, https:\/\/bale.ch\/journal\/wp-content\/uploads\/2016\/03\/Baselworld-2016-768x432.jpg 768w, https:\/\/bale.ch\/journal\/wp-content\/uploads\/2016\/03\/Baselworld-2016-1024x576.jpg 1024w, https:\/\/bale.ch\/journal\/wp-content\/uploads\/2016\/03\/Baselworld-2016-777x437.jpg 777w, https:\/\/bale.ch\/journal\/wp-content\/uploads\/2016\/03\/Baselworld-2016-260x146.jpg 260w, https:\/\/bale.ch\/journal\/wp-content\/uploads\/2016\/03\/Baselworld-2016-120x67.jpg 120w, https:\/\/bale.ch\/journal\/wp-content\/uploads\/2016\/03\/Baselworld-2016.jpg 1366w\" sizes=\"auto, (max-width: 300px) 100vw, 300px\" \/><\/a><figcaption id=\"caption-attachment-424\" class=\"wp-caption-text\">Hall of Fame<\/figcaption><\/figure>\n<p>Le bilan de cette centi\u00e8me \u00e9dition se veut malgr\u00e9 tout positif, alors que le salon se tenait avec en toile de fond un contexte \u00e9conomique et politique morose. Son ralentissement \u00e9tait notamment illustr\u00e9 par le repli des exportations horlog\u00e8res suisses en f\u00e9vrier (-3,3% sur un an), pour le huiti\u00e8me mois cons\u00e9cutif. Au total 145&rsquo;000 visiteurs, exposants et acheteurs se sont retrouv\u00e9s \u00e0 Baselworld cette ann\u00e9e, soit 3% de moins que l\u2019ann\u00e9e derni\u00e8re, selon le communiqu\u00e9 des responsables de la foire. A l\u2019inverse, les journalistes ont \u00e9t\u00e9 2,3% de plus en comparaison avec l\u2019\u00e9dition pr\u00e9c\u00e9dente: ils \u00e9taient 4&rsquo;400, issus de septante pays.<\/p>\n<p>Parmi les grandes attractions de cette \u00e9dition 2016, on ne pouvait pas passer \u00e0 c\u00f4t\u00e9 de la montre <strong>Monsieur<\/strong>\u00a0d\u00e9voil\u00e9e par <strong>Chanel<\/strong>, premier garde-temps masculin \u00e0 heures sautantes et minutes r\u00e9trogrades enti\u00e8rement d\u00e9velopp\u00e9 \u00e0 l\u2019interne et mis au point pendant cinq ans dans le plus grand des secrets. Une vraie r\u00e9ussite esth\u00e9tique et v\u00e9ritable prouesse technique. Pour 2016, cette premi\u00e8re \u00e9dition de la montre Monsieur est disponible \u00e0 150 exemplaires pour la montre en or beige, 150 exemplaires pour le mod\u00e8le en or blanc (photo ci-dessous).<\/p>\n<figure id=\"attachment_427\" aria-describedby=\"caption-attachment-427\" style=\"width: 300px\" class=\"wp-caption alignnone\"><a href=\"https:\/\/bale.ch\/journal\/wp-content\/uploads\/2016\/03\/chanel-monsieur-watch-front-back.jpg\" rel=\"attachment wp-att-427\"><img loading=\"lazy\" decoding=\"async\" class=\"size-medium wp-image-427\" src=\"https:\/\/bale.ch\/journal\/wp-content\/uploads\/2016\/03\/chanel-monsieur-watch-front-back-300x208.jpg\" alt=\"Monsieur de Chanel\" width=\"300\" height=\"208\" srcset=\"https:\/\/bale.ch\/journal\/wp-content\/uploads\/2016\/03\/chanel-monsieur-watch-front-back-300x208.jpg 300w, https:\/\/bale.ch\/journal\/wp-content\/uploads\/2016\/03\/chanel-monsieur-watch-front-back.jpg 510w\" sizes=\"auto, (max-width: 300px) 100vw, 300px\" \/><\/a><figcaption id=\"caption-attachment-427\" class=\"wp-caption-text\">Monsieur de Chanel<\/figcaption><\/figure>\n<p><strong>Hublot <\/strong>avec son savoir-faire reconnu et son innovation l\u00e9gendaire nous a surpris \u00e9galement avec sa nouvelle <strong>Big Bang Unico Sapphire<\/strong>, transparente et futuriste, tout en saphir presque crystallin. La carrure, la lunette et le fond du bo\u00eetier sont taill\u00e9s dans des blocs de saphir. Seul les vis, la couronne, les poussoirs et la boucle d\u00e9ployante sont en titane. Son cadran squelett\u00e9 en r\u00e9sine transparente d\u00e9voile le mouvement maison Unico\u00a0HUB1242\u00a0et ses finitions. Cette petite oeuvre d\u2019art contemporain est \u00e9dit\u00e9e \u00e0 seulement\u00a0500\u00a0exemplaires (photo ci-dessous).<\/p>\n<figure id=\"attachment_429\" aria-describedby=\"caption-attachment-429\" style=\"width: 300px\" class=\"wp-caption alignnone\"><a href=\"https:\/\/bale.ch\/journal\/wp-content\/uploads\/2016\/03\/Baselworld-2016-Hublot-unico-Sapphire-white-1.jpg\" rel=\"attachment wp-att-429\"><img loading=\"lazy\" decoding=\"async\" class=\"size-medium wp-image-429\" src=\"https:\/\/bale.ch\/journal\/wp-content\/uploads\/2016\/03\/Baselworld-2016-Hublot-unico-Sapphire-white-1-300x185.jpg\" alt=\"Hublot Big Bang Unico Sapphire White\" width=\"300\" height=\"185\" srcset=\"https:\/\/bale.ch\/journal\/wp-content\/uploads\/2016\/03\/Baselworld-2016-Hublot-unico-Sapphire-white-1-300x185.jpg 300w, https:\/\/bale.ch\/journal\/wp-content\/uploads\/2016\/03\/Baselworld-2016-Hublot-unico-Sapphire-white-1-768x473.jpg 768w, https:\/\/bale.ch\/journal\/wp-content\/uploads\/2016\/03\/Baselworld-2016-Hublot-unico-Sapphire-white-1-1024x631.jpg 1024w, https:\/\/bale.ch\/journal\/wp-content\/uploads\/2016\/03\/Baselworld-2016-Hublot-unico-Sapphire-white-1.jpg 1500w\" sizes=\"auto, (max-width: 300px) 100vw, 300px\" \/><\/a><figcaption id=\"caption-attachment-429\" class=\"wp-caption-text\">Hublot Big Bang Unico Sapphire White<\/figcaption><\/figure>\n<p>Chez\u00a0<strong>Rolex<\/strong>, c&rsquo;est la r\u00e9\u00e9dition de la mythique\u00a0<strong>Oyster Perpetual Cosmograph Daytona Paul Newman<\/strong>\u00a0 (1963) en acier 904L qui a fait sensation. La lunette noire rappelle en effet celle du\u00a0 mod\u00e8le de 1965 muni d\u2019un disque noir en plexiglas. Cette \u00e9volution combine haute technologie et esth\u00e9tique rac\u00e9e, tout en rendant hommage \u00e0 l\u2019h\u00e9ritage de ce chronographe de l\u00e9gende. Tr\u00e8s moderne, et \u00e0 la fois intemporelle, cette montre 100% maison devrait faire le bonheur des amateurs de la marque et des fondus de\u00a0garde-temps inspir\u00e9s par la course automobile (photo ci-dessous).<\/p>\n<figure id=\"attachment_430\" aria-describedby=\"caption-attachment-430\" style=\"width: 300px\" class=\"wp-caption alignnone\"><a href=\"https:\/\/bale.ch\/journal\/wp-content\/uploads\/2016\/03\/m116500ln-0001.jpg\" rel=\"attachment wp-att-430\"><img loading=\"lazy\" decoding=\"async\" class=\"size-medium wp-image-430\" src=\"https:\/\/bale.ch\/journal\/wp-content\/uploads\/2016\/03\/m116500ln-0001-300x191.jpg\" alt=\"Oyster Perpetual Cosmograph Daytona Paul Newman\" width=\"300\" height=\"191\" srcset=\"https:\/\/bale.ch\/journal\/wp-content\/uploads\/2016\/03\/m116500ln-0001-300x191.jpg 300w, https:\/\/bale.ch\/journal\/wp-content\/uploads\/2016\/03\/m116500ln-0001-768x489.jpg 768w, https:\/\/bale.ch\/journal\/wp-content\/uploads\/2016\/03\/m116500ln-0001-1024x652.jpg 1024w, https:\/\/bale.ch\/journal\/wp-content\/uploads\/2016\/03\/m116500ln-0001.jpg 1680w\" sizes=\"auto, (max-width: 300px) 100vw, 300px\" \/><\/a><figcaption id=\"caption-attachment-430\" class=\"wp-caption-text\">Oyster Perpetual Cosmograph Daytona Paul Newman<\/figcaption><\/figure>\n<p>Baselworld est l\u2019occasion pour les distributeurs de venir sentir l\u2019atmosph\u00e8re de l\u2019industrie dans les trav\u00e9es du salon mais aussi la seule possibilit\u00e9 de d\u00e9couvrir \u00a0en avance les nouveaux mod\u00e8les, les essayer et remplir ainsi leurs carnets de commande avec certaines marques.<\/p>\n<p>Publi\u00e9es par la F\u00e9d\u00e9ration horlog\u00e8re durant le salon, les statistiques des exportations horlog\u00e8res en direction de Hong Kong en f\u00e9vrier ont chut\u00e9 \u00e0 nouveau de 25,3%. Cette nouvelle a plomb\u00e9 le moral des d\u00e9taillants hongkongais qui se retrouvent avec un exc\u00e9dent de pi\u00e8ces invendues. Cependant, certaines marques comprennent bien la situation et essayent de soulager leurs d\u00e9taillants avec le surplus de stock en leur accordant des cr\u00e9dits sur de nouvelles pi\u00e8ces en \u00e9change d\u2019une reprise de leurs vieux stocks d\u2019invendus. Quand l\u2019\u00e9conomie va mal, tout le monde se serre les coudes. Il y a une vraie entraide entre certaines marques et leurs d\u00e9taillants.<\/p>\n<p>Unanimement reconnue pour son dynamisme, son esprit visionnaire et son inventivit\u00e9, l\u2019industrie horlog\u00e8re et bijouti\u00e8re conclut donc positivement cette nouvelle \u00e9dition de Baselworld 2016.<\/p>\n<p>Relevant le caract\u00e8re unique de Baselworld, <strong>Fran\u00e7ois Thi\u00e9baud, Pr\u00e9sident du Comit\u00e9 des Exposants Suisses<\/strong>, en souligne aussi la dimension: \u00ab Baselworld est le centre du monde horloger et bijoutier \u2013 un lieu unique o\u00f9 l\u2019industrie enti\u00e8re se donne rendez-vous une fois par an \u00bb. Il ajoute: \u00ab Dans les halles, vous rencontrez non seulement tous les acteurs cl\u00e9s de notre industrie mais vous ressentez aussi un esprit de cr\u00e9ativit\u00e9 que seul Baselworld parvient \u00e0 concentrer. C\u2019est un endroit unique, o\u00f9 l\u2019on peut \u00e0 la fois s\u2019inspirer des nouveaut\u00e9s pr\u00e9sent\u00e9es et plonger dans une atmosph\u00e8re remarquable qui exhale la pure inventivit\u00e9. \u00bb \u00c0 l\u2019issue de cette \u00e9dition, M. Thi\u00e9baud conclut que tout ce qu\u2019il a vu et entendu durant la semaine le conforte dans sa conviction que l\u2019industrie horlog\u00e8re \u00ab se montre tr\u00e8s confiante face \u00e0 l\u2019avenir \u00bb et que l\u2019impact absolument unique des medias suscit\u00e9 par Baselworld \u00ab va r\u00e9affirmer les forces et les caract\u00e9ristiques qui ont d\u00e9fini cette industrie au fil des si\u00e8cles et lui ont permis de surmonter d\u2019innombrables d\u00e9fis. \u00bb<\/p>\n<p>&nbsp;<\/p>\n<p><u>Notre interview<\/u><\/p>\n<p>Lors de notre visite, nous avons rencontr\u00e9 <strong>Marjanko Jakimovski<\/strong> (ci-apr\u00e8s MJ), <strong>merchandising designer<\/strong> dans l\u2019horlogerie, qui a accept\u00e9 aimablement de r\u00e9pondre \u00e0 nos quelques questions\u00a0:<\/p>\n<p>Crieur.ch\u00a0: Marjanco, vous \u00eates un habitu\u00e9 de Baselworld ayant d\u00e9j\u00e0 collabor\u00e9 avec plusieurs marques horlog\u00e8res prestigieuses en qualit\u00e9 de merchandising designer. Quelles \u00e9taient vos attentes pour cette nouvelle \u00e9dition en tant que visiteur\u00a0?<\/p>\n<p>MJ\u00a0:\u00a0Cette ann\u00e9e je me suis rendu \u00e0 B\u00e2le pour, d\u2019une part voir les stands\/d\u00e9co et l&rsquo;\u00e9volution\u00a0par rapport \u00e0 l\u2019ann\u00e9e pr\u00e9c\u00e9dente, et d&rsquo;autre part pour mesurer la temp\u00e9rature quant \u00e0 la \u00ab\u00a0crise\u00a0\u00bb, si on ose utiliser ce mot qui fait tant peur aux m\u00e9dias suisses.<\/p>\n<p>Crieur.ch\u00a0: Quel est votre regard par rapport \u00e0 la d\u00e9cadence de certains stands de marques horlog\u00e8res prestigieuses qui investissent plusieurs dizaine de millions de francs pour pr\u00e9senter leurs nouvelles collections pendant 8 jours\u00a0?<\/p>\n<p>MJ\u00a0:\u00a0Je me demande toujours pourquoi autant de millions sont investis pour une dur\u00e9e aussi courte. J\u2019imagine bien que le budget pourrait \u00eatre investi ailleurs et d\u2019une mani\u00e8re plus intelligente avec\u00a0plus d\u2019impact au niveau marketing. Prenons l\u2019exemple de la marque de voiture \u00ab\u00a0Tesla\u00a0\u00bb. Elle \u00e9tait pr\u00e9sente au salon international de la voiture \u00e0 Gen\u00e8ve, mais son stand \u00e9tait ridiculement petit et insignifiant quand on l\u2019a compar\u00e9 aux concurrents. La strat\u00e9gie de Tesla est d\u2019investir tout son budget marketing pour fournir gratuitement les propri\u00e9taires d\u2019une voiture Tesla en \u00e9lectricit\u00e9 (et ce gratuitement). Je trouve que ce genre de coup marketing vaut la peine et est, d\u2019un point de vue marketing d\u2019une intelligence sans \u00e9gale.<\/p>\n<p>Crieur.ch\u00a0: Quels sont vos coups de c\u0153ur cette ann\u00e9e en termes de nouveaux produits ou nouveaux displays puisque c\u2019est votre domaine d\u2019expertise et pour quelles raisons ?<\/p>\n<p>MJ\u00a0:\u00a0Les vitrines Chanel \u00e9taient tr\u00e8s po\u00e9tiques et un \u00e9tage plus haut, Romain J\u00e9r\u00f4me a repris un classique des jeux vid\u00e9os des ann\u00e9es 80 \u00ab\u00a0super Mario\u00a0\u00bb. Je trouve dr\u00f4le et \u00e7a fait plaisir de voir qu\u2019une telle marque a un peu le sens de l\u2019humour.<\/p>\n<p>Crieur.ch\u00a0: Votre m\u00e9tier de merchandising designer dans le monde horloger vous a amen\u00e9 \u00e0 voyager sur tous les continents (ou presque). Quel est le d\u00e9fi majeur des marques horlog\u00e8res pour exposer et vendre leur produit aux 4 coins du monde\u00a0?<\/p>\n<p>MJ\u00a0:\u00a0Le plus gros d\u00e9fi est de faire comprendre aux march\u00e9s les lignes directrices de la marque, de les suivre et d\u2019exposer les produits en cons\u00e9quence. Un autre\u00a0d\u00e9fi important est de faire comprendre aux commer\u00e7ants de mettre moins de produits en vitrine. Ils ont toujours tendance \u00e0 vouloir pr\u00e9senter\u00a0tout leur stock \u00a0en pensant que le chaland va acheter. Mais trop de produits dans une vitrine tue le produit.<\/p>\n<p>Crieur.ch\u00a0: Si vous souhaitiez acqu\u00e9rir une montre m\u00e9canique haut-de-gamme, pourriez-vous imaginer requ\u00e9rir dans le futur \u00e0 une nouvelle plateforme de leasing on-line destin\u00e9e aux montres et aux bijoux de luxe bas\u00e9e en Suisse\u00a0?<\/p>\n<p>MJ\u00a0:\u00a0L\u2019achat d\u2019une montre de luxe est un plaisir que je me suis fait et que je me ferai peut-\u00eatre \u00e0 l\u2019avenir. Mais c\u2019est un plaisir que je ne veux pas mettre \u00ab\u00a0au cr\u00e9dit\u00a0\u00bb.<\/p>\n<p>Crieur.ch\u00a0: Que pensez-vous de ce nouveau concept\u00a0qui existe d\u00e9j\u00e0 chez nos voisins fran\u00e7ais et anglais qui s\u2019offre depuis peu aux amateurs de belles m\u00e9caniques ?<\/p>\n<p>MJ\u00a0:\u00a0A mon avis, le syst\u00e8me de leasing est pour moi uniquement r\u00e9serv\u00e9 \u00e0 l\u2019achat d\u2019une voiture. Je ne me verrais pas utiliser ce genre de service pour l\u2019achat d\u2019une montre.<\/p>\n<p>Crieur.ch\u00a0: Aujourd\u2019hui (ndlr 24 mars), Baselworld ferme ses portes. Malgr\u00e9 une ambiance morose de l\u2019industrie en 2015 et un climat \u00e9conomique actuel incertain, le salon a affich\u00e9 avec surprise une enti\u00e8re satisfaction de la plus part des marques pr\u00e9sentes. Quel a \u00e9t\u00e9 votre sentiment dans les diff\u00e9rentes halles visit\u00e9es et quelle \u00e9tait l\u2019atmosph\u00e8re g\u00e9n\u00e9rale sur les stands\u00a0?<\/p>\n<p>MJ\u00a0:\u00a0Mon sentiment global \u00e9tait d\u00e9primant. Il y avait du\u00a0 monde, mais tr\u00e8s peu d\u2019enthousiasme, les visages \u00e9taient crisp\u00e9s. Malgr\u00e9 la foule, tr\u00e8s peu de bruit, tr\u00e8s peu de vie finalement dans la foire.<\/p>\n<p>Crieur.ch\u00a0: Reviendrez-vous l\u2019ann\u00e9e prochaine\u00a0?<\/p>\n<p>MJ\u00a0:\u00a0Je pense que oui. Il y a toujours de nouvelles sc\u00e9nographies, de nouveaux d\u00e9cors et certaines marques m\u00e9ritent le d\u00e9tour du fait de leur cr\u00e9ativit\u00e9 et leur innovation.<\/p>\n<p>Merci \u00e0 Marjanco d\u2019avoir pris le temps de r\u00e9pondre \u00e0 nos questions<i>.<\/i><\/p>\n<p><em>La prochaine \u00e9dition de Baselworld aura lieu du 23 au 30 mars 2017.<\/em><\/p>\n<figure id=\"attachment_431\" aria-describedby=\"caption-attachment-431\" style=\"width: 300px\" class=\"wp-caption alignnone\"><a href=\"https:\/\/bale.ch\/journal\/wp-content\/uploads\/2016\/03\/IMG_20160324_174106.jpg\" rel=\"attachment wp-att-431\"><img loading=\"lazy\" decoding=\"async\" class=\"wp-image-431 size-medium\" src=\"https:\/\/bale.ch\/journal\/wp-content\/uploads\/2016\/03\/IMG_20160324_174106-300x270.jpg\" alt=\"\" width=\"300\" height=\"270\" srcset=\"https:\/\/bale.ch\/journal\/wp-content\/uploads\/2016\/03\/IMG_20160324_174106-300x270.jpg 300w, https:\/\/bale.ch\/journal\/wp-content\/uploads\/2016\/03\/IMG_20160324_174106.jpg 433w\" sizes=\"auto, (max-width: 300px) 100vw, 300px\" \/><\/a><figcaption id=\"caption-attachment-431\" class=\"wp-caption-text\">Baselworld 2017<\/figcaption><\/figure>\n<div id=\"crieu-915671389\" class=\"crieu-apres-le-contenu crieu-entity-placement\" style=\"margin-left: auto;margin-right: auto;text-align: center;\"><script async src=\"\/\/pagead2.googlesyndication.com\/pagead\/js\/adsbygoogle.js?client=ca-pub-5271584769416742\" crossorigin=\"anonymous\"><\/script><ins class=\"adsbygoogle\" style=\"display:block;\" data-ad-client=\"ca-pub-5271584769416742\" \ndata-ad-slot=\"9321250718\" \ndata-ad-format=\"auto\"><\/ins>\n<script> \n(adsbygoogle = window.adsbygoogle || []).push({}); \n<\/script>\n<\/div>","protected":false},"excerpt":{"rendered":"<p>&nbsp; Fort attrait m\u00e9diatique et\u00a0recul du nombre de visiteurs Baselworld est la plateforme unique o\u00f9 se r\u00e9unissent les acteurs cl\u00e9s de l\u2019industrie horlog\u00e8re et bijouti\u00e8re mondiale, ainsi que les secteurs <a href=\"https:\/\/bale.ch\/journal\/baselworld-2016-bilan\/\" class=\"read-more button-fancy -red\"><span class=\"btn-arrow\"><\/span><span class=\"twp-read-more text\">Continuer la lecture<\/span><\/a><\/p>\n","protected":false},"author":20,"featured_media":422,"comment_status":"closed","ping_status":"closed","sticky":false,"template":"","format":"standard","meta":{"footnotes":""},"categories":[7],"tags":[],"class_list":["post-420","post","type-post","status-publish","format-standard","has-post-thumbnail","hentry","category-bale"],"yoast_head":"<!-- This site is optimized with the Yoast SEO plugin v28.3 - https:\/\/yoast.com\/product\/yoast-seo-wordpress\/ -->\n<title>BASELWORLD 2016: bilan positif pour la centi\u00e8me \u00e9dition - Journal de B\u00e2le et Gen\u00e8ve<\/title>\n<meta name=\"robots\" content=\"index, follow, max-snippet:-1, max-image-preview:large, max-video-preview:-1\" \/>\n<link rel=\"canonical\" href=\"https:\/\/bale.ch\/journal\/baselworld-2016-bilan\/\" \/>\n<meta property=\"og:locale\" content=\"fr_FR\" \/>\n<meta property=\"og:type\" content=\"article\" \/>\n<meta property=\"og:title\" content=\"BASELWORLD 2016: bilan positif pour la centi\u00e8me \u00e9dition - Journal de B\u00e2le et Gen\u00e8ve\" \/>\n<meta property=\"og:description\" content=\"&nbsp; Fort attrait m\u00e9diatique et\u00a0recul du nombre de visiteurs Baselworld est la plateforme unique o\u00f9 se r\u00e9unissent les acteurs cl\u00e9s de l\u2019industrie horlog\u00e8re et bijouti\u00e8re mondiale, ainsi que les secteurs Continuer la lecture\" \/>\n<meta property=\"og:url\" content=\"https:\/\/bale.ch\/journal\/baselworld-2016-bilan\/\" \/>\n<meta property=\"og:site_name\" content=\"Journal de B\u00e2le et Gen\u00e8ve\" \/>\n<meta property=\"article:published_time\" content=\"2016-03-29T15:49:42+00:00\" \/>\n<meta property=\"article:modified_time\" content=\"2016-04-03T13:24:45+00:00\" \/>\n<meta property=\"og:image\" content=\"https:\/\/bale.ch\/journal\/wp-content\/uploads\/2016\/03\/IMG_20160324_173919.jpg\" \/>\n\t<meta property=\"og:image:width\" content=\"1024\" \/>\n\t<meta property=\"og:image:height\" content=\"682\" \/>\n\t<meta property=\"og:image:type\" content=\"image\/jpeg\" \/>\n<meta name=\"author\" content=\"Anthony Kvaternik\" \/>\n<meta name=\"twitter:card\" content=\"summary_large_image\" \/>\n<meta name=\"twitter:label1\" content=\"\u00c9crit par\" \/>\n\t<meta name=\"twitter:data1\" content=\"Anthony Kvaternik\" \/>\n\t<meta name=\"twitter:label2\" content=\"Dur\u00e9e de lecture estim\u00e9e\" \/>\n\t<meta name=\"twitter:data2\" content=\"9 minutes\" \/>\n<script type=\"application\/ld+json\" class=\"yoast-schema-graph\">{\"@context\":\"https:\\\/\\\/schema.org\",\"@graph\":[{\"@type\":\"Article\",\"@id\":\"https:\\\/\\\/bale.ch\\\/journal\\\/baselworld-2016-bilan\\\/#article\",\"isPartOf\":{\"@id\":\"https:\\\/\\\/bale.ch\\\/journal\\\/baselworld-2016-bilan\\\/\"},\"author\":{\"name\":\"Anthony Kvaternik\",\"@id\":\"https:\\\/\\\/bale.ch\\\/journal\\\/#\\\/schema\\\/person\\\/b1e5c7fc925a490a48607bfdc7ee7539\"},\"headline\":\"BASELWORLD 2016: bilan positif pour la centi\u00e8me \u00e9dition\",\"datePublished\":\"2016-03-29T15:49:42+00:00\",\"dateModified\":\"2016-04-03T13:24:45+00:00\",\"mainEntityOfPage\":{\"@id\":\"https:\\\/\\\/bale.ch\\\/journal\\\/baselworld-2016-bilan\\\/\"},\"wordCount\":1834,\"publisher\":{\"@id\":\"https:\\\/\\\/bale.ch\\\/journal\\\/#organization\"},\"image\":{\"@id\":\"https:\\\/\\\/bale.ch\\\/journal\\\/baselworld-2016-bilan\\\/#primaryimage\"},\"thumbnailUrl\":\"https:\\\/\\\/bale.ch\\\/journal\\\/wp-content\\\/uploads\\\/2016\\\/03\\\/IMG_20160324_173919.jpg\",\"articleSection\":[\"B\u00e2le Trinationale\"],\"inLanguage\":\"fr-FR\"},{\"@type\":\"WebPage\",\"@id\":\"https:\\\/\\\/bale.ch\\\/journal\\\/baselworld-2016-bilan\\\/\",\"url\":\"https:\\\/\\\/bale.ch\\\/journal\\\/baselworld-2016-bilan\\\/\",\"name\":\"BASELWORLD 2016: bilan positif pour la centi\u00e8me \u00e9dition - Journal de B\u00e2le et Gen\u00e8ve\",\"isPartOf\":{\"@id\":\"https:\\\/\\\/bale.ch\\\/journal\\\/#website\"},\"primaryImageOfPage\":{\"@id\":\"https:\\\/\\\/bale.ch\\\/journal\\\/baselworld-2016-bilan\\\/#primaryimage\"},\"image\":{\"@id\":\"https:\\\/\\\/bale.ch\\\/journal\\\/baselworld-2016-bilan\\\/#primaryimage\"},\"thumbnailUrl\":\"https:\\\/\\\/bale.ch\\\/journal\\\/wp-content\\\/uploads\\\/2016\\\/03\\\/IMG_20160324_173919.jpg\",\"datePublished\":\"2016-03-29T15:49:42+00:00\",\"dateModified\":\"2016-04-03T13:24:45+00:00\",\"breadcrumb\":{\"@id\":\"https:\\\/\\\/bale.ch\\\/journal\\\/baselworld-2016-bilan\\\/#breadcrumb\"},\"inLanguage\":\"fr-FR\",\"potentialAction\":[{\"@type\":\"ReadAction\",\"target\":[\"https:\\\/\\\/bale.ch\\\/journal\\\/baselworld-2016-bilan\\\/\"]}]},{\"@type\":\"ImageObject\",\"inLanguage\":\"fr-FR\",\"@id\":\"https:\\\/\\\/bale.ch\\\/journal\\\/baselworld-2016-bilan\\\/#primaryimage\",\"url\":\"https:\\\/\\\/bale.ch\\\/journal\\\/wp-content\\\/uploads\\\/2016\\\/03\\\/IMG_20160324_173919.jpg\",\"contentUrl\":\"https:\\\/\\\/bale.ch\\\/journal\\\/wp-content\\\/uploads\\\/2016\\\/03\\\/IMG_20160324_173919.jpg\",\"width\":1024,\"height\":682,\"caption\":\"Baselworld 2016\"},{\"@type\":\"BreadcrumbList\",\"@id\":\"https:\\\/\\\/bale.ch\\\/journal\\\/baselworld-2016-bilan\\\/#breadcrumb\",\"itemListElement\":[{\"@type\":\"ListItem\",\"position\":1,\"name\":\"Accueil\",\"item\":\"https:\\\/\\\/bale.ch\\\/journal\\\/\"},{\"@type\":\"ListItem\",\"position\":2,\"name\":\"BASELWORLD 2016: bilan positif pour la centi\u00e8me \u00e9dition\"}]},{\"@type\":\"WebSite\",\"@id\":\"https:\\\/\\\/bale.ch\\\/journal\\\/#website\",\"url\":\"https:\\\/\\\/bale.ch\\\/journal\\\/\",\"name\":\"Journal de B\u00e2le et Gen\u00e8ve\",\"description\":\"M\u00e9dia transfrontalier d&#039;actualit\u00e9s - News\",\"publisher\":{\"@id\":\"https:\\\/\\\/bale.ch\\\/journal\\\/#organization\"},\"potentialAction\":[{\"@type\":\"SearchAction\",\"target\":{\"@type\":\"EntryPoint\",\"urlTemplate\":\"https:\\\/\\\/bale.ch\\\/journal\\\/?s={search_term_string}\"},\"query-input\":{\"@type\":\"PropertyValueSpecification\",\"valueRequired\":true,\"valueName\":\"search_term_string\"}}],\"inLanguage\":\"fr-FR\"},{\"@type\":\"Organization\",\"@id\":\"https:\\\/\\\/bale.ch\\\/journal\\\/#organization\",\"name\":\"Journal de B\u00e2le et Gen\u00e8ve\",\"url\":\"https:\\\/\\\/bale.ch\\\/journal\\\/\",\"logo\":{\"@type\":\"ImageObject\",\"inLanguage\":\"fr-FR\",\"@id\":\"https:\\\/\\\/bale.ch\\\/journal\\\/#\\\/schema\\\/logo\\\/image\\\/\",\"url\":\"https:\\\/\\\/bale.ch\\\/journal\\\/wp-content\\\/uploads\\\/2023\\\/07\\\/journaldebale_logo_2023_nb.png\",\"contentUrl\":\"https:\\\/\\\/bale.ch\\\/journal\\\/wp-content\\\/uploads\\\/2023\\\/07\\\/journaldebale_logo_2023_nb.png\",\"width\":371,\"height\":127,\"caption\":\"Journal de B\u00e2le et Gen\u00e8ve\"},\"image\":{\"@id\":\"https:\\\/\\\/bale.ch\\\/journal\\\/#\\\/schema\\\/logo\\\/image\\\/\"}},{\"@type\":\"Person\",\"@id\":\"https:\\\/\\\/bale.ch\\\/journal\\\/#\\\/schema\\\/person\\\/b1e5c7fc925a490a48607bfdc7ee7539\",\"name\":\"Anthony Kvaternik\",\"image\":{\"@type\":\"ImageObject\",\"inLanguage\":\"fr-FR\",\"@id\":\"https:\\\/\\\/secure.gravatar.com\\\/avatar\\\/05956803611f99ba6bac4541cd9ea263c3adb13ee140301fb93c1880158c915a?s=96&d=mm&r=g\",\"url\":\"https:\\\/\\\/secure.gravatar.com\\\/avatar\\\/05956803611f99ba6bac4541cd9ea263c3adb13ee140301fb93c1880158c915a?s=96&d=mm&r=g\",\"contentUrl\":\"https:\\\/\\\/secure.gravatar.com\\\/avatar\\\/05956803611f99ba6bac4541cd9ea263c3adb13ee140301fb93c1880158c915a?s=96&d=mm&r=g\",\"caption\":\"Anthony Kvaternik\"},\"description\":\"R\u00e9dacteur r\u00e9gion B\u00e2le Dreiland\",\"url\":\"https:\\\/\\\/bale.ch\\\/journal\\\/author\\\/anthony\\\/\"}]}<\/script>\n<!-- \/ Yoast SEO plugin. -->","yoast_head_json":{"title":"BASELWORLD 2016: bilan positif pour la centi\u00e8me \u00e9dition - Journal de B\u00e2le et Gen\u00e8ve","robots":{"index":"index","follow":"follow","max-snippet":"max-snippet:-1","max-image-preview":"max-image-preview:large","max-video-preview":"max-video-preview:-1"},"canonical":"https:\/\/bale.ch\/journal\/baselworld-2016-bilan\/","og_locale":"fr_FR","og_type":"article","og_title":"BASELWORLD 2016: bilan positif pour la centi\u00e8me \u00e9dition - Journal de B\u00e2le et Gen\u00e8ve","og_description":"&nbsp; Fort attrait m\u00e9diatique et\u00a0recul du nombre de visiteurs Baselworld est la plateforme unique o\u00f9 se r\u00e9unissent les acteurs cl\u00e9s de l\u2019industrie horlog\u00e8re et bijouti\u00e8re mondiale, ainsi que les secteurs Continuer la lecture","og_url":"https:\/\/bale.ch\/journal\/baselworld-2016-bilan\/","og_site_name":"Journal de B\u00e2le et Gen\u00e8ve","article_published_time":"2016-03-29T15:49:42+00:00","article_modified_time":"2016-04-03T13:24:45+00:00","og_image":[{"width":1024,"height":682,"url":"https:\/\/bale.ch\/journal\/wp-content\/uploads\/2016\/03\/IMG_20160324_173919.jpg","type":"image\/jpeg"}],"author":"Anthony Kvaternik","twitter_card":"summary_large_image","twitter_misc":{"\u00c9crit par":"Anthony Kvaternik","Dur\u00e9e de lecture estim\u00e9e":"9 minutes"},"schema":{"@context":"https:\/\/schema.org","@graph":[{"@type":"Article","@id":"https:\/\/bale.ch\/journal\/baselworld-2016-bilan\/#article","isPartOf":{"@id":"https:\/\/bale.ch\/journal\/baselworld-2016-bilan\/"},"author":{"name":"Anthony Kvaternik","@id":"https:\/\/bale.ch\/journal\/#\/schema\/person\/b1e5c7fc925a490a48607bfdc7ee7539"},"headline":"BASELWORLD 2016: bilan positif pour la centi\u00e8me \u00e9dition","datePublished":"2016-03-29T15:49:42+00:00","dateModified":"2016-04-03T13:24:45+00:00","mainEntityOfPage":{"@id":"https:\/\/bale.ch\/journal\/baselworld-2016-bilan\/"},"wordCount":1834,"publisher":{"@id":"https:\/\/bale.ch\/journal\/#organization"},"image":{"@id":"https:\/\/bale.ch\/journal\/baselworld-2016-bilan\/#primaryimage"},"thumbnailUrl":"https:\/\/bale.ch\/journal\/wp-content\/uploads\/2016\/03\/IMG_20160324_173919.jpg","articleSection":["B\u00e2le Trinationale"],"inLanguage":"fr-FR"},{"@type":"WebPage","@id":"https:\/\/bale.ch\/journal\/baselworld-2016-bilan\/","url":"https:\/\/bale.ch\/journal\/baselworld-2016-bilan\/","name":"BASELWORLD 2016: bilan positif pour la centi\u00e8me \u00e9dition - Journal de B\u00e2le et Gen\u00e8ve","isPartOf":{"@id":"https:\/\/bale.ch\/journal\/#website"},"primaryImageOfPage":{"@id":"https:\/\/bale.ch\/journal\/baselworld-2016-bilan\/#primaryimage"},"image":{"@id":"https:\/\/bale.ch\/journal\/baselworld-2016-bilan\/#primaryimage"},"thumbnailUrl":"https:\/\/bale.ch\/journal\/wp-content\/uploads\/2016\/03\/IMG_20160324_173919.jpg","datePublished":"2016-03-29T15:49:42+00:00","dateModified":"2016-04-03T13:24:45+00:00","breadcrumb":{"@id":"https:\/\/bale.ch\/journal\/baselworld-2016-bilan\/#breadcrumb"},"inLanguage":"fr-FR","potentialAction":[{"@type":"ReadAction","target":["https:\/\/bale.ch\/journal\/baselworld-2016-bilan\/"]}]},{"@type":"ImageObject","inLanguage":"fr-FR","@id":"https:\/\/bale.ch\/journal\/baselworld-2016-bilan\/#primaryimage","url":"https:\/\/bale.ch\/journal\/wp-content\/uploads\/2016\/03\/IMG_20160324_173919.jpg","contentUrl":"https:\/\/bale.ch\/journal\/wp-content\/uploads\/2016\/03\/IMG_20160324_173919.jpg","width":1024,"height":682,"caption":"Baselworld 2016"},{"@type":"BreadcrumbList","@id":"https:\/\/bale.ch\/journal\/baselworld-2016-bilan\/#breadcrumb","itemListElement":[{"@type":"ListItem","position":1,"name":"Accueil","item":"https:\/\/bale.ch\/journal\/"},{"@type":"ListItem","position":2,"name":"BASELWORLD 2016: bilan positif pour la centi\u00e8me \u00e9dition"}]},{"@type":"WebSite","@id":"https:\/\/bale.ch\/journal\/#website","url":"https:\/\/bale.ch\/journal\/","name":"Journal de B\u00e2le et Gen\u00e8ve","description":"M\u00e9dia transfrontalier d&#039;actualit\u00e9s - News","publisher":{"@id":"https:\/\/bale.ch\/journal\/#organization"},"potentialAction":[{"@type":"SearchAction","target":{"@type":"EntryPoint","urlTemplate":"https:\/\/bale.ch\/journal\/?s={search_term_string}"},"query-input":{"@type":"PropertyValueSpecification","valueRequired":true,"valueName":"search_term_string"}}],"inLanguage":"fr-FR"},{"@type":"Organization","@id":"https:\/\/bale.ch\/journal\/#organization","name":"Journal de B\u00e2le et Gen\u00e8ve","url":"https:\/\/bale.ch\/journal\/","logo":{"@type":"ImageObject","inLanguage":"fr-FR","@id":"https:\/\/bale.ch\/journal\/#\/schema\/logo\/image\/","url":"https:\/\/bale.ch\/journal\/wp-content\/uploads\/2023\/07\/journaldebale_logo_2023_nb.png","contentUrl":"https:\/\/bale.ch\/journal\/wp-content\/uploads\/2023\/07\/journaldebale_logo_2023_nb.png","width":371,"height":127,"caption":"Journal de B\u00e2le et Gen\u00e8ve"},"image":{"@id":"https:\/\/bale.ch\/journal\/#\/schema\/logo\/image\/"}},{"@type":"Person","@id":"https:\/\/bale.ch\/journal\/#\/schema\/person\/b1e5c7fc925a490a48607bfdc7ee7539","name":"Anthony Kvaternik","image":{"@type":"ImageObject","inLanguage":"fr-FR","@id":"https:\/\/secure.gravatar.com\/avatar\/05956803611f99ba6bac4541cd9ea263c3adb13ee140301fb93c1880158c915a?s=96&d=mm&r=g","url":"https:\/\/secure.gravatar.com\/avatar\/05956803611f99ba6bac4541cd9ea263c3adb13ee140301fb93c1880158c915a?s=96&d=mm&r=g","contentUrl":"https:\/\/secure.gravatar.com\/avatar\/05956803611f99ba6bac4541cd9ea263c3adb13ee140301fb93c1880158c915a?s=96&d=mm&r=g","caption":"Anthony Kvaternik"},"description":"R\u00e9dacteur r\u00e9gion B\u00e2le Dreiland","url":"https:\/\/bale.ch\/journal\/author\/anthony\/"}]}},"_links":{"self":[{"href":"https:\/\/bale.ch\/journal\/wp-json\/wp\/v2\/posts\/420","targetHints":{"allow":["GET"]}}],"collection":[{"href":"https:\/\/bale.ch\/journal\/wp-json\/wp\/v2\/posts"}],"about":[{"href":"https:\/\/bale.ch\/journal\/wp-json\/wp\/v2\/types\/post"}],"author":[{"embeddable":true,"href":"https:\/\/bale.ch\/journal\/wp-json\/wp\/v2\/users\/20"}],"replies":[{"embeddable":true,"href":"https:\/\/bale.ch\/journal\/wp-json\/wp\/v2\/comments?post=420"}],"version-history":[{"count":22,"href":"https:\/\/bale.ch\/journal\/wp-json\/wp\/v2\/posts\/420\/revisions"}],"predecessor-version":[{"id":458,"href":"https:\/\/bale.ch\/journal\/wp-json\/wp\/v2\/posts\/420\/revisions\/458"}],"wp:featuredmedia":[{"embeddable":true,"href":"https:\/\/bale.ch\/journal\/wp-json\/wp\/v2\/media\/422"}],"wp:attachment":[{"href":"https:\/\/bale.ch\/journal\/wp-json\/wp\/v2\/media?parent=420"}],"wp:term":[{"taxonomy":"category","embeddable":true,"href":"https:\/\/bale.ch\/journal\/wp-json\/wp\/v2\/categories?post=420"},{"taxonomy":"post_tag","embeddable":true,"href":"https:\/\/bale.ch\/journal\/wp-json\/wp\/v2\/tags?post=420"}],"curies":[{"name":"wp","href":"https:\/\/api.w.org\/{rel}","templated":true}]}}