{"id":465,"date":"2016-04-08T08:17:32","date_gmt":"2016-04-08T08:17:32","guid":{"rendered":"http:\/\/bale.ch\/journal\/?p=465"},"modified":"2016-07-16T15:56:04","modified_gmt":"2016-07-16T15:56:04","slug":"grand-geneve-bornes-frontieres","status":"publish","type":"post","link":"https:\/\/bale.ch\/journal\/grand-geneve-bornes-frontieres\/","title":{"rendered":"Agglom\u00e9ration de Gen\u00e8ve: r\u00e9flexion sur les fronti\u00e8res et l&rsquo;urbanit\u00e9"},"content":{"rendered":"<p><strong>De Nyon \u00e0 Thonon-les-Bains, du Jet d\u2019eau \u00e0 la Jonction, 25 bornes-miroirs g\u00e9antes mat\u00e9rialisent pour la premi\u00e8re fois le territoire du Grand Gen\u00e8ve, sautant les fronti\u00e8res cantonales ou nationales.<\/strong><\/p>\n<p><!--more--><\/p>\n<figure id=\"attachment_466\" aria-describedby=\"caption-attachment-466\" style=\"width: 1000px\" class=\"wp-caption alignnone\"><a href=\"https:\/\/bale.ch\/journal\/wp-content\/uploads\/2016\/04\/hes-so_geneve.jpg\"><img loading=\"lazy\" decoding=\"async\" class=\"size-full wp-image-466\" src=\"https:\/\/bale.ch\/journal\/wp-content\/uploads\/2016\/04\/hes-so_geneve.jpg\" alt=\"Les 25 bornes-miroir install\u00e9es sur tout le territoire du Grand Gen\u00e8ve invitent le passant \u00e0 la r\u00e9flexion. \u00a9 HES-SO Gen\u00e8ve\" width=\"1000\" height=\"563\" srcset=\"https:\/\/bale.ch\/journal\/wp-content\/uploads\/2016\/04\/hes-so_geneve.jpg 1000w, https:\/\/bale.ch\/journal\/wp-content\/uploads\/2016\/04\/hes-so_geneve-300x169.jpg 300w, https:\/\/bale.ch\/journal\/wp-content\/uploads\/2016\/04\/hes-so_geneve-768x432.jpg 768w, https:\/\/bale.ch\/journal\/wp-content\/uploads\/2016\/04\/hes-so_geneve-777x437.jpg 777w, https:\/\/bale.ch\/journal\/wp-content\/uploads\/2016\/04\/hes-so_geneve-260x146.jpg 260w, https:\/\/bale.ch\/journal\/wp-content\/uploads\/2016\/04\/hes-so_geneve-120x67.jpg 120w\" sizes=\"auto, (max-width: 1000px) 100vw, 1000px\" \/><\/a><figcaption id=\"caption-attachment-466\" class=\"wp-caption-text\">Les 25 bornes-miroir install\u00e9es sur tout le territoire<br \/>du Grand Gen\u00e8ve invitent le passant \u00e0 la r\u00e9flexion.<br \/>\u00a9 HES-SO Gen\u00e8ve<\/figcaption><\/figure>\n<p>Au pied de chacune d\u2019elles, les visiteurs d\u00e9couvrent sur leur smartphone des images en 3D \u00e0 360\u00b0 qui les entra\u00eenent dans une visite virtuelle de la r\u00e9gion, jusqu\u2019\u00e0 la plus grande tour du monde, un \u00e9difice de mille m\u00e8tres de haut construit \u00e0 la Jonction. Ce sont deux des projets phares de l\u2019\u00e9v\u00e9nement HES imagin\u00e9 par les six \u00e9coles de la HES-SO Gen\u00e8ve.<\/p>\n<p>Du 28 avril au 30 juin 2016, l\u2019\u00e9v\u00e9nement HES propose colloques, concerts, promenades virtuelles, conf\u00e9rences, d\u00e9bats et expositions autour d\u2019un th\u00e8me commun: Fronti\u00e8res et urbanit\u00e9. Forte de son p\u00f4le de comp\u00e9tences en d\u00e9veloppement urbain, la HES-SO Gen\u00e8ve explore de fa\u00e7on pluridisciplinaire tous les enjeux d\u2019une m\u00e9tropole \u2013 le Grand Gen\u00e8ve -, \u00e0 la fois cit\u00e9 internationale et agglom\u00e9ration transfrontali\u00e8re en plein d\u00e9veloppement. L\u2019occasion de s\u2019interroger sur le sens que nous donnons \u00e0 notre environnement urbain quotidien, sur l\u2019impact et la pertinence des fronti\u00e8res qui le traversent \u2013 naturelles, culturelles, sociales, \u00e9conomiques ou politiques.<\/p><div id=\"crieu-3409054046\" class=\"crieu-content crieu-entity-placement\"><script async src=\"\/\/pagead2.googlesyndication.com\/pagead\/js\/adsbygoogle.js?client=ca-pub-5271584769416742\" crossorigin=\"anonymous\"><\/script><ins class=\"adsbygoogle\" style=\"display:block;\" data-ad-client=\"ca-pub-5271584769416742\" \ndata-ad-slot=\"9321250718\" \ndata-ad-format=\"auto\"><\/ins>\n<script> \n(adsbygoogle = window.adsbygoogle || []).push({}); \n<\/script>\n<\/div>\n<p>En 2020, les deux tiers de l&rsquo;humanit\u00e9 vivront dans une ville. Les probl\u00e9matiques qui en d\u00e9coulent sont complexes et requi\u00e8rent une approche r\u00e9solument transdisciplinaire. Ce sera l&rsquo;un des axes de r\u00e9flexion du colloque d&rsquo;ouverture organis\u00e9 le 28 avril au Pavillon Sicli. Fran\u00e7ois Longchamp, pr\u00e9sident du Conseil d&rsquo;Etat de Gen\u00e8ve, et Guy Morin, pr\u00e9sident du Gouvernement cantonal de B\u00e2le-Ville, pourront ainsi confronter leur vision du d\u00e9veloppement des m\u00e9tropoles transfrontali\u00e8res, en dialoguant \u00e9galement avec des urbanistes internationalement reconnus et les membres du corps professoral de la HES-SO Gen\u00e8ve.<\/p>\n<figure id=\"attachment_467\" aria-describedby=\"caption-attachment-467\" style=\"width: 300px\" class=\"wp-caption alignleft\"><a href=\"https:\/\/bale.ch\/journal\/wp-content\/uploads\/2016\/04\/Borne-miroir-6635.png\" rel=\"attachment wp-att-467\"><img loading=\"lazy\" decoding=\"async\" class=\"size-medium wp-image-467\" src=\"https:\/\/bale.ch\/journal\/wp-content\/uploads\/2016\/04\/Borne-miroir-6635-300x293.png\" alt=\"Les 25 bornes-miroir install\u00e9es sur tout le territoire du Grand Gen\u00e8ve invitent le passant \u00e0 la r\u00e9flexion. \u00a9 HES-SO Gen\u00e8ve\" width=\"300\" height=\"293\" srcset=\"https:\/\/bale.ch\/journal\/wp-content\/uploads\/2016\/04\/Borne-miroir-6635-300x293.png 300w, https:\/\/bale.ch\/journal\/wp-content\/uploads\/2016\/04\/Borne-miroir-6635.png 602w\" sizes=\"auto, (max-width: 300px) 100vw, 300px\" \/><\/a><figcaption id=\"caption-attachment-467\" class=\"wp-caption-text\">\u00a9 HES-SO Gen\u00e8ve<\/figcaption><\/figure>\n<p>A travers l&rsquo;\u00e9v\u00e9nement HES, les six \u00e9coles de la HES-SO Gen\u00e8ve soulignent aussi l&rsquo;importance de leur ancrage r\u00e9gional. Elles inscrivent leur action dans le cadre du Grand Gen\u00e8ve, mat\u00e9rialis\u00e9 par l&rsquo;exposition-\u00e9v\u00e9nement Miroirs, mais aussi d\u00e9crypt\u00e9 gr\u00e2ce \u00e0 une enqu\u00eate exclusive dont les r\u00e9sultats, mis en perspective par une \u00e9quipe pluridisciplinaire et inter-\u00e9coles, seront publi\u00e9s le 26 avril. Elles se penchent enfin sur les r\u00e9alit\u00e9s transfrontali\u00e8res \u00e0 travers la question de la formation du personnel soignant et des syst\u00e8mes de sant\u00e9.<\/p>\n<p>T\u00e9moin de l&rsquo;importance que la HES-SO Gen\u00e8ve accorde \u00e0 la recherche appliqu\u00e9e et d\u00e9veloppement, le projet GEoTweet r\u00e9v\u00e8le les enjeux du traitement massif de donn\u00e9es, \u00e0 travers l&rsquo;analyse de plusieurs millions de tweets \u00e9mis dans la r\u00e9gion genevoise pendant un an. Quant au projet Regards, qui propose une d\u00e9couverte de Gen\u00e8ve en r\u00e9alit\u00e9 virtuelle, il d\u00e9montre tout le potentiel des nouvelles technologies mises au service de la visualisation de projets d&rsquo;am\u00e9nagement de grande envergure.<\/p>\n<p>Depuis plusieurs mois, des \u00e9quipes pluridisciplinaires et inter-\u00e9coles se sont form\u00e9es autour de projets originaux sur la th\u00e9matique \u201cFronti\u00e8res et urbanit\u00e9\u201d, r\u00e9unissant \u00e9tudiantes, \u00e9tudiants, collaboratrices et collaborateurs de la HES-SO Gen\u00e8ve. En multipliant les \u00e9changes et les passerelles entre \u00e9coles, ces \u00e9quipes r\u00e9v\u00e8lent la compl\u00e9mentarit\u00e9 et la cr\u00e9ativit\u00e9 des six \u00e9coles HES genevoises dont elles sont issues. Elles mettent en commun leurs savoir-faire et t\u00e9moignent de leur implication dans la vie de la Cit\u00e9. Le grand public pourra en d\u00e9couvrir le r\u00e9sultat au travers des multiples projets qu&rsquo;elles proposent.<\/p>\n<p><a href=\"https:\/\/www.hesge.ch\/geneve\/sites\/default\/files\/actualite\/documents\/160407_dp_evthes.pdf\" target=\"_blank\">Programme complet<\/a>.<\/p>\n<blockquote><p>La HES-SO Gen\u00e8ve est un acteur fondamental du tissu \u00e9conomique, social et culturel genevois. Ses six hautes \u00e9coles offrent des formations tertiaires de niveau universitaire, ax\u00e9es sur la pratique professionnelle et euro-compatibles ; elles d\u00e9livrent 27 Bachelors et 17 Masters. Ses 11 instituts de recherche participent \u00e0 de nombreux projets r\u00e9gionaux, nationaux et internationaux. Membre de la Haute Ecole Sp\u00e9cialis\u00e9e de Suisse occidentale, la HES-SO Gen\u00e8ve accueille plus de 5&rsquo;400 \u00e9tudiants. Ses \u00e9coles sont : la Haute \u00e9cole du paysage, d&rsquo;ing\u00e9nierie et d&rsquo;architecture, la Haute \u00e9cole de gestion, la Haute \u00e9cole d\u2019art et de design, la Haute \u00e9cole de musique, la Haute \u00e9cole de sant\u00e9 et la Haute \u00e9cole de travail social.<\/p><\/blockquote>\n<div id=\"crieu-2923930987\" class=\"crieu-apres-le-contenu crieu-entity-placement\" style=\"margin-left: auto;margin-right: auto;text-align: center;\"><script async src=\"\/\/pagead2.googlesyndication.com\/pagead\/js\/adsbygoogle.js?client=ca-pub-5271584769416742\" crossorigin=\"anonymous\"><\/script><ins class=\"adsbygoogle\" style=\"display:block;\" data-ad-client=\"ca-pub-5271584769416742\" \ndata-ad-slot=\"9321250718\" \ndata-ad-format=\"auto\"><\/ins>\n<script> \n(adsbygoogle = window.adsbygoogle || []).push({}); \n<\/script>\n<\/div>","protected":false},"excerpt":{"rendered":"<p>De Nyon \u00e0 Thonon-les-Bains, du Jet d\u2019eau \u00e0 la Jonction, 25 bornes-miroirs g\u00e9antes mat\u00e9rialisent pour la premi\u00e8re fois le territoire du Grand Gen\u00e8ve, sautant les fronti\u00e8res cantonales ou nationales.<\/p>\n","protected":false},"author":2,"featured_media":466,"comment_status":"closed","ping_status":"closed","sticky":false,"template":"","format":"standard","meta":{"footnotes":""},"categories":[4],"tags":[],"class_list":["post-465","post","type-post","status-publish","format-standard","has-post-thumbnail","hentry","category-grand-geneve"],"yoast_head":"<!-- This site is optimized with the Yoast SEO plugin v28.3 - https:\/\/yoast.com\/product\/yoast-seo-wordpress\/ -->\n<title>Agglom\u00e9ration de Gen\u00e8ve: r\u00e9flexion sur les fronti\u00e8res et l&#039;urbanit\u00e9 - Journal de B\u00e2le et Gen\u00e8ve<\/title>\n<meta name=\"robots\" content=\"index, follow, max-snippet:-1, max-image-preview:large, max-video-preview:-1\" \/>\n<link rel=\"canonical\" href=\"https:\/\/bale.ch\/journal\/grand-geneve-bornes-frontieres\/\" \/>\n<meta property=\"og:locale\" content=\"fr_FR\" \/>\n<meta property=\"og:type\" content=\"article\" \/>\n<meta property=\"og:title\" content=\"Agglom\u00e9ration de Gen\u00e8ve: r\u00e9flexion sur les fronti\u00e8res et l&#039;urbanit\u00e9 - Journal de B\u00e2le et Gen\u00e8ve\" \/>\n<meta property=\"og:description\" content=\"De Nyon \u00e0 Thonon-les-Bains, du Jet d\u2019eau \u00e0 la Jonction, 25 bornes-miroirs g\u00e9antes mat\u00e9rialisent pour la premi\u00e8re fois le territoire du Grand Gen\u00e8ve, sautant les fronti\u00e8res cantonales ou nationales.\" \/>\n<meta property=\"og:url\" content=\"https:\/\/bale.ch\/journal\/grand-geneve-bornes-frontieres\/\" \/>\n<meta property=\"og:site_name\" content=\"Journal de B\u00e2le et Gen\u00e8ve\" \/>\n<meta property=\"article:published_time\" content=\"2016-04-08T08:17:32+00:00\" \/>\n<meta property=\"article:modified_time\" content=\"2016-07-16T15:56:04+00:00\" \/>\n<meta property=\"og:image\" content=\"https:\/\/bale.ch\/journal\/wp-content\/uploads\/2016\/04\/hes-so_geneve.jpg\" \/>\n\t<meta property=\"og:image:width\" content=\"1000\" \/>\n\t<meta property=\"og:image:height\" content=\"563\" \/>\n\t<meta property=\"og:image:type\" content=\"image\/jpeg\" \/>\n<meta name=\"author\" content=\"La R\u00e9daction\" \/>\n<meta name=\"twitter:card\" content=\"summary_large_image\" \/>\n<meta name=\"twitter:label1\" content=\"\u00c9crit par\" \/>\n\t<meta name=\"twitter:data1\" content=\"La R\u00e9daction\" \/>\n\t<meta name=\"twitter:label2\" content=\"Dur\u00e9e de lecture estim\u00e9e\" \/>\n\t<meta name=\"twitter:data2\" content=\"4 minutes\" \/>\n<script type=\"application\/ld+json\" class=\"yoast-schema-graph\">{\"@context\":\"https:\\\/\\\/schema.org\",\"@graph\":[{\"@type\":\"Article\",\"@id\":\"https:\\\/\\\/bale.ch\\\/journal\\\/grand-geneve-bornes-frontieres\\\/#article\",\"isPartOf\":{\"@id\":\"https:\\\/\\\/bale.ch\\\/journal\\\/grand-geneve-bornes-frontieres\\\/\"},\"author\":{\"name\":\"La R\u00e9daction\",\"@id\":\"https:\\\/\\\/bale.ch\\\/journal\\\/#\\\/schema\\\/person\\\/03ced978db3b7a5274c5cef003f352f5\"},\"headline\":\"Agglom\u00e9ration de Gen\u00e8ve: r\u00e9flexion sur les fronti\u00e8res et l&rsquo;urbanit\u00e9\",\"datePublished\":\"2016-04-08T08:17:32+00:00\",\"dateModified\":\"2016-07-16T15:56:04+00:00\",\"mainEntityOfPage\":{\"@id\":\"https:\\\/\\\/bale.ch\\\/journal\\\/grand-geneve-bornes-frontieres\\\/\"},\"wordCount\":767,\"publisher\":{\"@id\":\"https:\\\/\\\/bale.ch\\\/journal\\\/#organization\"},\"image\":{\"@id\":\"https:\\\/\\\/bale.ch\\\/journal\\\/grand-geneve-bornes-frontieres\\\/#primaryimage\"},\"thumbnailUrl\":\"https:\\\/\\\/bale.ch\\\/journal\\\/wp-content\\\/uploads\\\/2016\\\/04\\\/hes-so_geneve.jpg\",\"articleSection\":[\"Grand Gen\u00e8ve\"],\"inLanguage\":\"fr-FR\"},{\"@type\":\"WebPage\",\"@id\":\"https:\\\/\\\/bale.ch\\\/journal\\\/grand-geneve-bornes-frontieres\\\/\",\"url\":\"https:\\\/\\\/bale.ch\\\/journal\\\/grand-geneve-bornes-frontieres\\\/\",\"name\":\"Agglom\u00e9ration de Gen\u00e8ve: r\u00e9flexion sur les fronti\u00e8res et l'urbanit\u00e9 - Journal de B\u00e2le et Gen\u00e8ve\",\"isPartOf\":{\"@id\":\"https:\\\/\\\/bale.ch\\\/journal\\\/#website\"},\"primaryImageOfPage\":{\"@id\":\"https:\\\/\\\/bale.ch\\\/journal\\\/grand-geneve-bornes-frontieres\\\/#primaryimage\"},\"image\":{\"@id\":\"https:\\\/\\\/bale.ch\\\/journal\\\/grand-geneve-bornes-frontieres\\\/#primaryimage\"},\"thumbnailUrl\":\"https:\\\/\\\/bale.ch\\\/journal\\\/wp-content\\\/uploads\\\/2016\\\/04\\\/hes-so_geneve.jpg\",\"datePublished\":\"2016-04-08T08:17:32+00:00\",\"dateModified\":\"2016-07-16T15:56:04+00:00\",\"breadcrumb\":{\"@id\":\"https:\\\/\\\/bale.ch\\\/journal\\\/grand-geneve-bornes-frontieres\\\/#breadcrumb\"},\"inLanguage\":\"fr-FR\",\"potentialAction\":[{\"@type\":\"ReadAction\",\"target\":[\"https:\\\/\\\/bale.ch\\\/journal\\\/grand-geneve-bornes-frontieres\\\/\"]}]},{\"@type\":\"ImageObject\",\"inLanguage\":\"fr-FR\",\"@id\":\"https:\\\/\\\/bale.ch\\\/journal\\\/grand-geneve-bornes-frontieres\\\/#primaryimage\",\"url\":\"https:\\\/\\\/bale.ch\\\/journal\\\/wp-content\\\/uploads\\\/2016\\\/04\\\/hes-so_geneve.jpg\",\"contentUrl\":\"https:\\\/\\\/bale.ch\\\/journal\\\/wp-content\\\/uploads\\\/2016\\\/04\\\/hes-so_geneve.jpg\",\"width\":1000,\"height\":563,\"caption\":\"Les 25 bornes-miroir install\u00e9es sur tout le territoire du Grand Gen\u00e8ve invitent le passant \u00e0 la r\u00e9flexion. \u00a9 HES-SO Gen\u00e8ve\"},{\"@type\":\"BreadcrumbList\",\"@id\":\"https:\\\/\\\/bale.ch\\\/journal\\\/grand-geneve-bornes-frontieres\\\/#breadcrumb\",\"itemListElement\":[{\"@type\":\"ListItem\",\"position\":1,\"name\":\"Accueil\",\"item\":\"https:\\\/\\\/bale.ch\\\/journal\\\/\"},{\"@type\":\"ListItem\",\"position\":2,\"name\":\"Agglom\u00e9ration de Gen\u00e8ve: r\u00e9flexion sur les fronti\u00e8res et l&rsquo;urbanit\u00e9\"}]},{\"@type\":\"WebSite\",\"@id\":\"https:\\\/\\\/bale.ch\\\/journal\\\/#website\",\"url\":\"https:\\\/\\\/bale.ch\\\/journal\\\/\",\"name\":\"Journal de B\u00e2le et Gen\u00e8ve\",\"description\":\"M\u00e9dia transfrontalier d&#039;actualit\u00e9s - News\",\"publisher\":{\"@id\":\"https:\\\/\\\/bale.ch\\\/journal\\\/#organization\"},\"potentialAction\":[{\"@type\":\"SearchAction\",\"target\":{\"@type\":\"EntryPoint\",\"urlTemplate\":\"https:\\\/\\\/bale.ch\\\/journal\\\/?s={search_term_string}\"},\"query-input\":{\"@type\":\"PropertyValueSpecification\",\"valueRequired\":true,\"valueName\":\"search_term_string\"}}],\"inLanguage\":\"fr-FR\"},{\"@type\":\"Organization\",\"@id\":\"https:\\\/\\\/bale.ch\\\/journal\\\/#organization\",\"name\":\"Journal de B\u00e2le et Gen\u00e8ve\",\"url\":\"https:\\\/\\\/bale.ch\\\/journal\\\/\",\"logo\":{\"@type\":\"ImageObject\",\"inLanguage\":\"fr-FR\",\"@id\":\"https:\\\/\\\/bale.ch\\\/journal\\\/#\\\/schema\\\/logo\\\/image\\\/\",\"url\":\"https:\\\/\\\/bale.ch\\\/journal\\\/wp-content\\\/uploads\\\/2023\\\/07\\\/journaldebale_logo_2023_nb.png\",\"contentUrl\":\"https:\\\/\\\/bale.ch\\\/journal\\\/wp-content\\\/uploads\\\/2023\\\/07\\\/journaldebale_logo_2023_nb.png\",\"width\":371,\"height\":127,\"caption\":\"Journal de B\u00e2le et Gen\u00e8ve\"},\"image\":{\"@id\":\"https:\\\/\\\/bale.ch\\\/journal\\\/#\\\/schema\\\/logo\\\/image\\\/\"}},{\"@type\":\"Person\",\"@id\":\"https:\\\/\\\/bale.ch\\\/journal\\\/#\\\/schema\\\/person\\\/03ced978db3b7a5274c5cef003f352f5\",\"name\":\"La R\u00e9daction\",\"image\":{\"@type\":\"ImageObject\",\"inLanguage\":\"fr-FR\",\"@id\":\"https:\\\/\\\/secure.gravatar.com\\\/avatar\\\/d1327e2ce8d2b860112f968a3f34686c9bdda7a463a1502cdd1070ac9d88cf1e?s=96&d=mm&r=g\",\"url\":\"https:\\\/\\\/secure.gravatar.com\\\/avatar\\\/d1327e2ce8d2b860112f968a3f34686c9bdda7a463a1502cdd1070ac9d88cf1e?s=96&d=mm&r=g\",\"contentUrl\":\"https:\\\/\\\/secure.gravatar.com\\\/avatar\\\/d1327e2ce8d2b860112f968a3f34686c9bdda7a463a1502cdd1070ac9d88cf1e?s=96&d=mm&r=g\",\"caption\":\"La R\u00e9daction\"},\"url\":\"https:\\\/\\\/bale.ch\\\/journal\\\/author\\\/laredaction\\\/\"}]}<\/script>\n<!-- \/ Yoast SEO plugin. -->","yoast_head_json":{"title":"Agglom\u00e9ration de Gen\u00e8ve: r\u00e9flexion sur les fronti\u00e8res et l'urbanit\u00e9 - Journal de B\u00e2le et Gen\u00e8ve","robots":{"index":"index","follow":"follow","max-snippet":"max-snippet:-1","max-image-preview":"max-image-preview:large","max-video-preview":"max-video-preview:-1"},"canonical":"https:\/\/bale.ch\/journal\/grand-geneve-bornes-frontieres\/","og_locale":"fr_FR","og_type":"article","og_title":"Agglom\u00e9ration de Gen\u00e8ve: r\u00e9flexion sur les fronti\u00e8res et l'urbanit\u00e9 - Journal de B\u00e2le et Gen\u00e8ve","og_description":"De Nyon \u00e0 Thonon-les-Bains, du Jet d\u2019eau \u00e0 la Jonction, 25 bornes-miroirs g\u00e9antes mat\u00e9rialisent pour la premi\u00e8re fois le territoire du Grand Gen\u00e8ve, sautant les fronti\u00e8res cantonales ou nationales.","og_url":"https:\/\/bale.ch\/journal\/grand-geneve-bornes-frontieres\/","og_site_name":"Journal de B\u00e2le et Gen\u00e8ve","article_published_time":"2016-04-08T08:17:32+00:00","article_modified_time":"2016-07-16T15:56:04+00:00","og_image":[{"width":1000,"height":563,"url":"https:\/\/bale.ch\/journal\/wp-content\/uploads\/2016\/04\/hes-so_geneve.jpg","type":"image\/jpeg"}],"author":"La R\u00e9daction","twitter_card":"summary_large_image","twitter_misc":{"\u00c9crit par":"La R\u00e9daction","Dur\u00e9e de lecture estim\u00e9e":"4 minutes"},"schema":{"@context":"https:\/\/schema.org","@graph":[{"@type":"Article","@id":"https:\/\/bale.ch\/journal\/grand-geneve-bornes-frontieres\/#article","isPartOf":{"@id":"https:\/\/bale.ch\/journal\/grand-geneve-bornes-frontieres\/"},"author":{"name":"La R\u00e9daction","@id":"https:\/\/bale.ch\/journal\/#\/schema\/person\/03ced978db3b7a5274c5cef003f352f5"},"headline":"Agglom\u00e9ration de Gen\u00e8ve: r\u00e9flexion sur les fronti\u00e8res et l&rsquo;urbanit\u00e9","datePublished":"2016-04-08T08:17:32+00:00","dateModified":"2016-07-16T15:56:04+00:00","mainEntityOfPage":{"@id":"https:\/\/bale.ch\/journal\/grand-geneve-bornes-frontieres\/"},"wordCount":767,"publisher":{"@id":"https:\/\/bale.ch\/journal\/#organization"},"image":{"@id":"https:\/\/bale.ch\/journal\/grand-geneve-bornes-frontieres\/#primaryimage"},"thumbnailUrl":"https:\/\/bale.ch\/journal\/wp-content\/uploads\/2016\/04\/hes-so_geneve.jpg","articleSection":["Grand Gen\u00e8ve"],"inLanguage":"fr-FR"},{"@type":"WebPage","@id":"https:\/\/bale.ch\/journal\/grand-geneve-bornes-frontieres\/","url":"https:\/\/bale.ch\/journal\/grand-geneve-bornes-frontieres\/","name":"Agglom\u00e9ration de Gen\u00e8ve: r\u00e9flexion sur les fronti\u00e8res et l'urbanit\u00e9 - Journal de B\u00e2le et Gen\u00e8ve","isPartOf":{"@id":"https:\/\/bale.ch\/journal\/#website"},"primaryImageOfPage":{"@id":"https:\/\/bale.ch\/journal\/grand-geneve-bornes-frontieres\/#primaryimage"},"image":{"@id":"https:\/\/bale.ch\/journal\/grand-geneve-bornes-frontieres\/#primaryimage"},"thumbnailUrl":"https:\/\/bale.ch\/journal\/wp-content\/uploads\/2016\/04\/hes-so_geneve.jpg","datePublished":"2016-04-08T08:17:32+00:00","dateModified":"2016-07-16T15:56:04+00:00","breadcrumb":{"@id":"https:\/\/bale.ch\/journal\/grand-geneve-bornes-frontieres\/#breadcrumb"},"inLanguage":"fr-FR","potentialAction":[{"@type":"ReadAction","target":["https:\/\/bale.ch\/journal\/grand-geneve-bornes-frontieres\/"]}]},{"@type":"ImageObject","inLanguage":"fr-FR","@id":"https:\/\/bale.ch\/journal\/grand-geneve-bornes-frontieres\/#primaryimage","url":"https:\/\/bale.ch\/journal\/wp-content\/uploads\/2016\/04\/hes-so_geneve.jpg","contentUrl":"https:\/\/bale.ch\/journal\/wp-content\/uploads\/2016\/04\/hes-so_geneve.jpg","width":1000,"height":563,"caption":"Les 25 bornes-miroir install\u00e9es sur tout le territoire du Grand Gen\u00e8ve invitent le passant \u00e0 la r\u00e9flexion. \u00a9 HES-SO Gen\u00e8ve"},{"@type":"BreadcrumbList","@id":"https:\/\/bale.ch\/journal\/grand-geneve-bornes-frontieres\/#breadcrumb","itemListElement":[{"@type":"ListItem","position":1,"name":"Accueil","item":"https:\/\/bale.ch\/journal\/"},{"@type":"ListItem","position":2,"name":"Agglom\u00e9ration de Gen\u00e8ve: r\u00e9flexion sur les fronti\u00e8res et l&rsquo;urbanit\u00e9"}]},{"@type":"WebSite","@id":"https:\/\/bale.ch\/journal\/#website","url":"https:\/\/bale.ch\/journal\/","name":"Journal de B\u00e2le et Gen\u00e8ve","description":"M\u00e9dia transfrontalier d&#039;actualit\u00e9s - News","publisher":{"@id":"https:\/\/bale.ch\/journal\/#organization"},"potentialAction":[{"@type":"SearchAction","target":{"@type":"EntryPoint","urlTemplate":"https:\/\/bale.ch\/journal\/?s={search_term_string}"},"query-input":{"@type":"PropertyValueSpecification","valueRequired":true,"valueName":"search_term_string"}}],"inLanguage":"fr-FR"},{"@type":"Organization","@id":"https:\/\/bale.ch\/journal\/#organization","name":"Journal de B\u00e2le et Gen\u00e8ve","url":"https:\/\/bale.ch\/journal\/","logo":{"@type":"ImageObject","inLanguage":"fr-FR","@id":"https:\/\/bale.ch\/journal\/#\/schema\/logo\/image\/","url":"https:\/\/bale.ch\/journal\/wp-content\/uploads\/2023\/07\/journaldebale_logo_2023_nb.png","contentUrl":"https:\/\/bale.ch\/journal\/wp-content\/uploads\/2023\/07\/journaldebale_logo_2023_nb.png","width":371,"height":127,"caption":"Journal de B\u00e2le et Gen\u00e8ve"},"image":{"@id":"https:\/\/bale.ch\/journal\/#\/schema\/logo\/image\/"}},{"@type":"Person","@id":"https:\/\/bale.ch\/journal\/#\/schema\/person\/03ced978db3b7a5274c5cef003f352f5","name":"La R\u00e9daction","image":{"@type":"ImageObject","inLanguage":"fr-FR","@id":"https:\/\/secure.gravatar.com\/avatar\/d1327e2ce8d2b860112f968a3f34686c9bdda7a463a1502cdd1070ac9d88cf1e?s=96&d=mm&r=g","url":"https:\/\/secure.gravatar.com\/avatar\/d1327e2ce8d2b860112f968a3f34686c9bdda7a463a1502cdd1070ac9d88cf1e?s=96&d=mm&r=g","contentUrl":"https:\/\/secure.gravatar.com\/avatar\/d1327e2ce8d2b860112f968a3f34686c9bdda7a463a1502cdd1070ac9d88cf1e?s=96&d=mm&r=g","caption":"La R\u00e9daction"},"url":"https:\/\/bale.ch\/journal\/author\/laredaction\/"}]}},"_links":{"self":[{"href":"https:\/\/bale.ch\/journal\/wp-json\/wp\/v2\/posts\/465","targetHints":{"allow":["GET"]}}],"collection":[{"href":"https:\/\/bale.ch\/journal\/wp-json\/wp\/v2\/posts"}],"about":[{"href":"https:\/\/bale.ch\/journal\/wp-json\/wp\/v2\/types\/post"}],"author":[{"embeddable":true,"href":"https:\/\/bale.ch\/journal\/wp-json\/wp\/v2\/users\/2"}],"replies":[{"embeddable":true,"href":"https:\/\/bale.ch\/journal\/wp-json\/wp\/v2\/comments?post=465"}],"version-history":[{"count":5,"href":"https:\/\/bale.ch\/journal\/wp-json\/wp\/v2\/posts\/465\/revisions"}],"predecessor-version":[{"id":614,"href":"https:\/\/bale.ch\/journal\/wp-json\/wp\/v2\/posts\/465\/revisions\/614"}],"wp:featuredmedia":[{"embeddable":true,"href":"https:\/\/bale.ch\/journal\/wp-json\/wp\/v2\/media\/466"}],"wp:attachment":[{"href":"https:\/\/bale.ch\/journal\/wp-json\/wp\/v2\/media?parent=465"}],"wp:term":[{"taxonomy":"category","embeddable":true,"href":"https:\/\/bale.ch\/journal\/wp-json\/wp\/v2\/categories?post=465"},{"taxonomy":"post_tag","embeddable":true,"href":"https:\/\/bale.ch\/journal\/wp-json\/wp\/v2\/tags?post=465"}],"curies":[{"name":"wp","href":"https:\/\/api.w.org\/{rel}","templated":true}]}}