{"id":474,"date":"2016-04-26T11:58:15","date_gmt":"2016-04-26T11:58:15","guid":{"rendered":"http:\/\/bale.ch\/journal\/?p=474"},"modified":"2016-04-26T12:54:45","modified_gmt":"2016-04-26T12:54:45","slug":"faut-il-etre-normal-e","status":"publish","type":"post","link":"https:\/\/bale.ch\/journal\/faut-il-etre-normal-e\/","title":{"rendered":"Faut-il \u00eatre normal-e?"},"content":{"rendered":"<p><b>L&rsquo;association Bloom and Boom<\/b><b>,<\/b> <b>dont le credo est de questionner les normes sociales et leurs impacts sur la construction des identit\u00e9s, a r\u00e9uni un panel \u00e9clectique pour nourrir nos r\u00e9flexions<\/b><b> le 17 mars 2016 \u00e0 l\u2019Espace Voisins \u00e0 Gen\u00e8ve<\/b><b>.<\/b>\u00a0<!--more--><\/p>\n<p>La sortie du dernier ouvrage de\u00a0 <strong>St\u00e9phanie Pahud<\/strong>, Linguiste et docteure \u00e8s Lettres,\u00a0<i><a href=\"http:\/\/www.lagedhomme.com\/ouvrages\/stephanie+pahud\/lanormalite\/4228\" target=\"_blank\">Lanormalit\u00e9<\/a><\/i> (L\u2019Age d\u2019Homme, 2016) a servi de d\u00e9tonateur \u00e0 cette soir\u00e9e. C&rsquo;est par la lecture du t\u00e9moignage de Christophe Tison, journaliste et auteur, que Pascale de Senarclens, fondatrice de Bloom and Boom, ouvre la discussion. Christophe Tison \u00e9voque son bricolage de vie, les phases qu&rsquo;il a travers\u00e9es et offre sa vision, ainsi que son v\u00e9cu de la normalit\u00e9.<\/p>\n<p>Imm\u00e9diatement, on comprend la complexit\u00e9 des \u00eatres humains. Ils ne sont pas cantonn\u00e9s \u00e0 un mod\u00e8le, ils \u00e9voluent au fur et \u00e0 mesure de leurs besoins et de leurs envies, et notre \u00e9poque offre une myriade de normes, certes, mais on peut, d\u00e8s lors, se construire en arc-en-ciel. Papillonner ici et l\u00e0, choisir, s\u00e9lectionner. C&rsquo;est d&rsquo;ailleurs le sens du titre du livre de St\u00e9phanie Pahud : <i>Lanormalit\u00e9<\/i>, une norme, compos\u00e9e de normes si diverses, qu&rsquo;elles ne peuvent plus revendiquer d&rsquo;appartenance sauf celle d&rsquo;avoir \u00e9t\u00e9 absorb\u00e9es par une personne.\u00a0 L&rsquo;auteure a cr\u00e9\u00e9 ce n\u00e9ologisme \u00e0 partir du pr\u00e9fixe \u00ab\u00a0A\u00a0\u00bb privatif, qui devient avec le \u00ab\u00a0L\u00a0\u00bb, une nouvelle forme de norme. Une norme sans norme, en quelque sorte, ce qui offre \u00e0 chacun la possibilit\u00e9 de s&rsquo;autod\u00e9terminer par rapport \u00e0 la multitude de normes, parmi lesquelles St\u00e9phanie Pahud cite : les normes politiques, \u00e9ducatives, linguistiques, corporelles ou encore vestimentaires.<\/p><div id=\"crieu-1116458850\" class=\"crieu-content crieu-entity-placement\"><script async src=\"\/\/pagead2.googlesyndication.com\/pagead\/js\/adsbygoogle.js?client=ca-pub-5271584769416742\" crossorigin=\"anonymous\"><\/script><ins class=\"adsbygoogle\" style=\"display:block;\" data-ad-client=\"ca-pub-5271584769416742\" \ndata-ad-slot=\"9321250718\" \ndata-ad-format=\"auto\"><\/ins>\n<script> \n(adsbygoogle = window.adsbygoogle || []).push({}); \n<\/script>\n<\/div>\n<p><strong>Nino Rizzo<\/strong>, psychologue et psychoth\u00e9rapeute, continue sur le champ lexical en nous rappelant l&rsquo;\u00e9tymologie du mot \u00ab\u00a0norme\u00a0\u00bb : <i>norma<\/i> en latin d\u00e9signe l&rsquo;\u00e9querre. Un terme bien technique et qui nous ram\u00e8ne \u00e0 la liste de la rentr\u00e9e scolaire, o\u00f9 elle figurait syst\u00e9matiquement bien que son usage s&rsquo;av\u00e9rait extr\u00eamement limit\u00e9! Nino Rizzo nous explique que ce qui est important dans l&rsquo;\u00e9querre, est l&rsquo;angle de 90\u00b0. Il repr\u00e9sente un \u00e9quilibre entre les normes sociales qui entourent un individu et ce dernier. Il nous rappelle que tout \u00eatre humain est norm\u00e9, il ne peut exister sans codes. Le premier transmetteur est la m\u00e8re, viennent ensuite la famille, la soci\u00e9t\u00e9, la culture, les amis&#8230;<\/p>\n<p>Nino Rizzo met aussi le doigt sur un \u00e9l\u00e9ment crucial : le regard des autres. En effet, c&rsquo;est celui-ci fa\u00e7onn\u00e9 par d&rsquo;autres normes, d&rsquo;autres mod\u00e8les qui juge telle ou telle personne comme faisant ou ne faisant pas partie de la normalit\u00e9, alors que tout un chacun est impr\u00e9gn\u00e9 de ses propres r\u00e9f\u00e9rences. L&rsquo;important est l&rsquo;accordage entre le conscient et l&rsquo;inconscient. L&rsquo;harmonisation de notre \u00ab\u00a0folie priv\u00e9e\u00a0\u00bb, source de cr\u00e9ativit\u00e9 et comment elle prend forme pour que nous trouvions notre place dans un groupe, repr\u00e9sente notre d\u00e9fi d&rsquo;\u00eatre humain.<\/p>\n<p>Yvan Rihs, metteur en sc\u00e8ne et dramaturge, fondateur de la compagnie <i>Yvan Rihs pour le moment<\/i>, d\u00e9crit le th\u00e9\u00e2tre comment \u00e9tant \u00e0 lui seul une exp\u00e9rience de l&rsquo;identit\u00e9. Dans un temps \u00e9ph\u00e9m\u00e8re, de partage et d&rsquo;exploration, des individus ouvrent une parenth\u00e8se, cr\u00e9ent un cadre au sein duquel tout est dicible, tout est possible. On explore des tangentes de fragilit\u00e9s, de faiblesses, tout autant que les craquelures de l&rsquo;\u00e2me pour se surpasser. Mais le monde du th\u00e9\u00e2tre lui-m\u00eame poss\u00e8de des normes. Leur questionnement constant permet de continuer \u00e0 d\u00e9velopper la cr\u00e9ativit\u00e9.<\/p>\n<p>On attribue souvent \u00e0 nos soci\u00e9t\u00e9s des qualificatifs comme \u00ab\u00a0libres\u00a0\u00bb ou \u00ab\u00a0d\u00e9mocratiques\u00a0\u00bb, pourtant l&rsquo;influence des normes se ressent de plus en plus, notamment du fait de leur multiplication, alors on cr\u00e9e des \u00e9tiquettes afin de cat\u00e9goriser les individus. Pour <strong>Lyn M<\/strong>, auteure, compositeure et interpr\u00e8te, la cr\u00e9ativit\u00e9 propre \u00e0 la vie consiste \u00e0 sortir de sa zone de complaisance. Prendre conscience des normes pour les lire, les questionner, les bousculer, les discuter sans n\u00e9cessairement se marginaliser.<\/p>\n<p>Pour Lyn M, il faut \u00ab\u00a0vivre quelque chose pour avoir quelque chose \u00e0 dire\u00a0\u00bb, l&rsquo;exp\u00e9rience est fondamentale, notamment dans le processus qui engendre le changement, la prise de conscience de notre relation \u00e0 l&rsquo;ordinaire. Elle d\u00e9plore que l&rsquo;art soit d\u00e9sormais synonyme de divertissement et que la recherche, justement, de cette exp\u00e9rience autre, ne soit plus valoris\u00e9e. L&rsquo;int\u00e9r\u00eat de l&rsquo;art consiste \u00e0 offrir une autre lecture du monde, gr\u00e2ce \u00e0 l&rsquo;aide d&rsquo;auteurs dont les mots et les paroles sont v\u00e9hicul\u00e9s par des personnages bousculant les rep\u00e8res \u00e0 force de de conflits, d&rsquo;h\u00e9sitations, de sentiments ou voire de questionnements.<\/p>\n<p>Toute soci\u00e9t\u00e9 est normative et a besoin que ses normes soient inculqu\u00e9es aux individus la composant. Ceci peut prendre des formes plus ou moins violentes. Parfois, m\u00eame souvent, les r\u00e9fractaires, les \u00ab\u00a0d\u00e9viants\u00a0\u00bb, paient un prix \u00e9lev\u00e9 de \u00ab\u00a0non-conformit\u00e9\u00a0\u00bb. Fondamentalement, notre capacit\u00e9 \u00e0 interroger le monde et ses normes demeure notre force. Finalement, le concept d&rsquo;identit\u00e9 semble \u00eatre un leurre, car nous ne sommes pas un, nous sommes multiples et passons constamment d&rsquo;un r\u00f4le \u00e0 l&rsquo;autre. Nous sommes tels des diamants, nos facettes s&rsquo;affinent au jour le jour, en fonction des rencontres, des envies, des \u00e9v\u00e9nements, des lieux. C&rsquo;est donc bien \u00e0 nous seuls, qu&rsquo;il appartient de nous fa\u00e7onner, pour \u00eatre reconnus pour ce que nous sommes, et par l\u00e0-m\u00eame d&rsquo;acc\u00e9der \u00e0 une certaine f\u00e9licit\u00e9.<\/p>\n<p>Le site de\u00a0<a href=\"http:\/\/www.bloomandboom.com\" target=\"_blank\">Bloom and Boom<\/a>.<\/p>\n<div id=\"crieu-1156116988\" class=\"crieu-apres-le-contenu crieu-entity-placement\" style=\"margin-left: auto;margin-right: auto;text-align: center;\"><script async src=\"\/\/pagead2.googlesyndication.com\/pagead\/js\/adsbygoogle.js?client=ca-pub-5271584769416742\" crossorigin=\"anonymous\"><\/script><ins class=\"adsbygoogle\" style=\"display:block;\" data-ad-client=\"ca-pub-5271584769416742\" \ndata-ad-slot=\"9321250718\" \ndata-ad-format=\"auto\"><\/ins>\n<script> \n(adsbygoogle = window.adsbygoogle || []).push({}); \n<\/script>\n<\/div>","protected":false},"excerpt":{"rendered":"<p>L&rsquo;association Bloom and Boom, dont le credo est de questionner les normes sociales et leurs impacts sur la construction des identit\u00e9s, a r\u00e9uni un panel \u00e9clectique pour nourrir nos r\u00e9flexions <a href=\"https:\/\/bale.ch\/journal\/faut-il-etre-normal-e\/\" class=\"read-more button-fancy -red\"><span class=\"btn-arrow\"><\/span><span class=\"twp-read-more text\">Continuer la lecture<\/span><\/a><\/p>\n","protected":false},"author":5,"featured_media":475,"comment_status":"closed","ping_status":"closed","sticky":false,"template":"","format":"standard","meta":{"footnotes":""},"categories":[4,17],"tags":[],"class_list":["post-474","post","type-post","status-publish","format-standard","has-post-thumbnail","hentry","category-grand-geneve","category-savoirs"],"yoast_head":"<!-- This site is optimized with the Yoast SEO plugin v28.3 - https:\/\/yoast.com\/product\/yoast-seo-wordpress\/ -->\n<title>Faut-il \u00eatre normal-e? - Journal de B\u00e2le et Gen\u00e8ve<\/title>\n<meta name=\"robots\" content=\"index, follow, max-snippet:-1, max-image-preview:large, max-video-preview:-1\" \/>\n<link rel=\"canonical\" href=\"https:\/\/bale.ch\/journal\/faut-il-etre-normal-e\/\" \/>\n<meta property=\"og:locale\" content=\"fr_FR\" \/>\n<meta property=\"og:type\" content=\"article\" \/>\n<meta property=\"og:title\" content=\"Faut-il \u00eatre normal-e? - Journal de B\u00e2le et Gen\u00e8ve\" \/>\n<meta property=\"og:description\" content=\"L&rsquo;association Bloom and Boom, dont le credo est de questionner les normes sociales et leurs impacts sur la construction des identit\u00e9s, a r\u00e9uni un panel \u00e9clectique pour nourrir nos r\u00e9flexions Continuer la lecture\" \/>\n<meta property=\"og:url\" content=\"https:\/\/bale.ch\/journal\/faut-il-etre-normal-e\/\" \/>\n<meta property=\"og:site_name\" content=\"Journal de B\u00e2le et Gen\u00e8ve\" \/>\n<meta property=\"article:published_time\" content=\"2016-04-26T11:58:15+00:00\" \/>\n<meta property=\"article:modified_time\" content=\"2016-04-26T12:54:45+00:00\" \/>\n<meta property=\"og:image\" content=\"https:\/\/bale.ch\/journal\/wp-content\/uploads\/2016\/04\/logoAssociation2015.jpeg\" \/>\n\t<meta property=\"og:image:width\" content=\"564\" \/>\n\t<meta property=\"og:image:height\" content=\"352\" \/>\n\t<meta property=\"og:image:type\" content=\"image\/jpeg\" \/>\n<meta name=\"author\" content=\"Natacha de Santignac\" \/>\n<meta name=\"twitter:card\" content=\"summary_large_image\" \/>\n<meta name=\"twitter:label1\" content=\"\u00c9crit par\" \/>\n\t<meta name=\"twitter:data1\" content=\"Natacha de Santignac\" \/>\n\t<meta name=\"twitter:label2\" content=\"Dur\u00e9e de lecture estim\u00e9e\" \/>\n\t<meta name=\"twitter:data2\" content=\"5 minutes\" \/>\n<script type=\"application\/ld+json\" class=\"yoast-schema-graph\">{\"@context\":\"https:\\\/\\\/schema.org\",\"@graph\":[{\"@type\":\"Article\",\"@id\":\"https:\\\/\\\/bale.ch\\\/journal\\\/faut-il-etre-normal-e\\\/#article\",\"isPartOf\":{\"@id\":\"https:\\\/\\\/bale.ch\\\/journal\\\/faut-il-etre-normal-e\\\/\"},\"author\":{\"name\":\"Natacha de Santignac\",\"@id\":\"https:\\\/\\\/bale.ch\\\/journal\\\/#\\\/schema\\\/person\\\/c9c2f300463adf9091a28673ecb80750\"},\"headline\":\"Faut-il \u00eatre normal-e?\",\"datePublished\":\"2016-04-26T11:58:15+00:00\",\"dateModified\":\"2016-04-26T12:54:45+00:00\",\"mainEntityOfPage\":{\"@id\":\"https:\\\/\\\/bale.ch\\\/journal\\\/faut-il-etre-normal-e\\\/\"},\"wordCount\":952,\"publisher\":{\"@id\":\"https:\\\/\\\/bale.ch\\\/journal\\\/#organization\"},\"image\":{\"@id\":\"https:\\\/\\\/bale.ch\\\/journal\\\/faut-il-etre-normal-e\\\/#primaryimage\"},\"thumbnailUrl\":\"https:\\\/\\\/bale.ch\\\/journal\\\/wp-content\\\/uploads\\\/2016\\\/04\\\/logoAssociation2015.jpeg\",\"articleSection\":[\"Grand Gen\u00e8ve\",\"Savoirs\"],\"inLanguage\":\"fr-FR\"},{\"@type\":\"WebPage\",\"@id\":\"https:\\\/\\\/bale.ch\\\/journal\\\/faut-il-etre-normal-e\\\/\",\"url\":\"https:\\\/\\\/bale.ch\\\/journal\\\/faut-il-etre-normal-e\\\/\",\"name\":\"Faut-il \u00eatre normal-e? - Journal de B\u00e2le et Gen\u00e8ve\",\"isPartOf\":{\"@id\":\"https:\\\/\\\/bale.ch\\\/journal\\\/#website\"},\"primaryImageOfPage\":{\"@id\":\"https:\\\/\\\/bale.ch\\\/journal\\\/faut-il-etre-normal-e\\\/#primaryimage\"},\"image\":{\"@id\":\"https:\\\/\\\/bale.ch\\\/journal\\\/faut-il-etre-normal-e\\\/#primaryimage\"},\"thumbnailUrl\":\"https:\\\/\\\/bale.ch\\\/journal\\\/wp-content\\\/uploads\\\/2016\\\/04\\\/logoAssociation2015.jpeg\",\"datePublished\":\"2016-04-26T11:58:15+00:00\",\"dateModified\":\"2016-04-26T12:54:45+00:00\",\"breadcrumb\":{\"@id\":\"https:\\\/\\\/bale.ch\\\/journal\\\/faut-il-etre-normal-e\\\/#breadcrumb\"},\"inLanguage\":\"fr-FR\",\"potentialAction\":[{\"@type\":\"ReadAction\",\"target\":[\"https:\\\/\\\/bale.ch\\\/journal\\\/faut-il-etre-normal-e\\\/\"]}]},{\"@type\":\"ImageObject\",\"inLanguage\":\"fr-FR\",\"@id\":\"https:\\\/\\\/bale.ch\\\/journal\\\/faut-il-etre-normal-e\\\/#primaryimage\",\"url\":\"https:\\\/\\\/bale.ch\\\/journal\\\/wp-content\\\/uploads\\\/2016\\\/04\\\/logoAssociation2015.jpeg\",\"contentUrl\":\"https:\\\/\\\/bale.ch\\\/journal\\\/wp-content\\\/uploads\\\/2016\\\/04\\\/logoAssociation2015.jpeg\",\"width\":564,\"height\":352},{\"@type\":\"BreadcrumbList\",\"@id\":\"https:\\\/\\\/bale.ch\\\/journal\\\/faut-il-etre-normal-e\\\/#breadcrumb\",\"itemListElement\":[{\"@type\":\"ListItem\",\"position\":1,\"name\":\"Accueil\",\"item\":\"https:\\\/\\\/bale.ch\\\/journal\\\/\"},{\"@type\":\"ListItem\",\"position\":2,\"name\":\"Faut-il \u00eatre normal-e?\"}]},{\"@type\":\"WebSite\",\"@id\":\"https:\\\/\\\/bale.ch\\\/journal\\\/#website\",\"url\":\"https:\\\/\\\/bale.ch\\\/journal\\\/\",\"name\":\"Journal de B\u00e2le et Gen\u00e8ve\",\"description\":\"M\u00e9dia transfrontalier d&#039;actualit\u00e9s - News\",\"publisher\":{\"@id\":\"https:\\\/\\\/bale.ch\\\/journal\\\/#organization\"},\"potentialAction\":[{\"@type\":\"SearchAction\",\"target\":{\"@type\":\"EntryPoint\",\"urlTemplate\":\"https:\\\/\\\/bale.ch\\\/journal\\\/?s={search_term_string}\"},\"query-input\":{\"@type\":\"PropertyValueSpecification\",\"valueRequired\":true,\"valueName\":\"search_term_string\"}}],\"inLanguage\":\"fr-FR\"},{\"@type\":\"Organization\",\"@id\":\"https:\\\/\\\/bale.ch\\\/journal\\\/#organization\",\"name\":\"Journal de B\u00e2le et Gen\u00e8ve\",\"url\":\"https:\\\/\\\/bale.ch\\\/journal\\\/\",\"logo\":{\"@type\":\"ImageObject\",\"inLanguage\":\"fr-FR\",\"@id\":\"https:\\\/\\\/bale.ch\\\/journal\\\/#\\\/schema\\\/logo\\\/image\\\/\",\"url\":\"https:\\\/\\\/bale.ch\\\/journal\\\/wp-content\\\/uploads\\\/2023\\\/07\\\/journaldebale_logo_2023_nb.png\",\"contentUrl\":\"https:\\\/\\\/bale.ch\\\/journal\\\/wp-content\\\/uploads\\\/2023\\\/07\\\/journaldebale_logo_2023_nb.png\",\"width\":371,\"height\":127,\"caption\":\"Journal de B\u00e2le et Gen\u00e8ve\"},\"image\":{\"@id\":\"https:\\\/\\\/bale.ch\\\/journal\\\/#\\\/schema\\\/logo\\\/image\\\/\"}},{\"@type\":\"Person\",\"@id\":\"https:\\\/\\\/bale.ch\\\/journal\\\/#\\\/schema\\\/person\\\/c9c2f300463adf9091a28673ecb80750\",\"name\":\"Natacha de Santignac\",\"image\":{\"@type\":\"ImageObject\",\"inLanguage\":\"fr-FR\",\"@id\":\"https:\\\/\\\/secure.gravatar.com\\\/avatar\\\/bf2e26e0c999fa3e29ea55d852a513d13a609e3bf13537baf6fcc8306b6a0cdf?s=96&d=mm&r=g\",\"url\":\"https:\\\/\\\/secure.gravatar.com\\\/avatar\\\/bf2e26e0c999fa3e29ea55d852a513d13a609e3bf13537baf6fcc8306b6a0cdf?s=96&d=mm&r=g\",\"contentUrl\":\"https:\\\/\\\/secure.gravatar.com\\\/avatar\\\/bf2e26e0c999fa3e29ea55d852a513d13a609e3bf13537baf6fcc8306b6a0cdf?s=96&d=mm&r=g\",\"caption\":\"Natacha de Santignac\"},\"description\":\"kaleidoscopes.ch\",\"sameAs\":[\"http:\\\/\\\/kaleidoscopes.ch\"],\"url\":\"https:\\\/\\\/bale.ch\\\/journal\\\/author\\\/nds\\\/\"}]}<\/script>\n<!-- \/ Yoast SEO plugin. -->","yoast_head_json":{"title":"Faut-il \u00eatre normal-e? - Journal de B\u00e2le et Gen\u00e8ve","robots":{"index":"index","follow":"follow","max-snippet":"max-snippet:-1","max-image-preview":"max-image-preview:large","max-video-preview":"max-video-preview:-1"},"canonical":"https:\/\/bale.ch\/journal\/faut-il-etre-normal-e\/","og_locale":"fr_FR","og_type":"article","og_title":"Faut-il \u00eatre normal-e? - Journal de B\u00e2le et Gen\u00e8ve","og_description":"L&rsquo;association Bloom and Boom, dont le credo est de questionner les normes sociales et leurs impacts sur la construction des identit\u00e9s, a r\u00e9uni un panel \u00e9clectique pour nourrir nos r\u00e9flexions Continuer la lecture","og_url":"https:\/\/bale.ch\/journal\/faut-il-etre-normal-e\/","og_site_name":"Journal de B\u00e2le et Gen\u00e8ve","article_published_time":"2016-04-26T11:58:15+00:00","article_modified_time":"2016-04-26T12:54:45+00:00","og_image":[{"width":564,"height":352,"url":"https:\/\/bale.ch\/journal\/wp-content\/uploads\/2016\/04\/logoAssociation2015.jpeg","type":"image\/jpeg"}],"author":"Natacha de Santignac","twitter_card":"summary_large_image","twitter_misc":{"\u00c9crit par":"Natacha de Santignac","Dur\u00e9e de lecture estim\u00e9e":"5 minutes"},"schema":{"@context":"https:\/\/schema.org","@graph":[{"@type":"Article","@id":"https:\/\/bale.ch\/journal\/faut-il-etre-normal-e\/#article","isPartOf":{"@id":"https:\/\/bale.ch\/journal\/faut-il-etre-normal-e\/"},"author":{"name":"Natacha de Santignac","@id":"https:\/\/bale.ch\/journal\/#\/schema\/person\/c9c2f300463adf9091a28673ecb80750"},"headline":"Faut-il \u00eatre normal-e?","datePublished":"2016-04-26T11:58:15+00:00","dateModified":"2016-04-26T12:54:45+00:00","mainEntityOfPage":{"@id":"https:\/\/bale.ch\/journal\/faut-il-etre-normal-e\/"},"wordCount":952,"publisher":{"@id":"https:\/\/bale.ch\/journal\/#organization"},"image":{"@id":"https:\/\/bale.ch\/journal\/faut-il-etre-normal-e\/#primaryimage"},"thumbnailUrl":"https:\/\/bale.ch\/journal\/wp-content\/uploads\/2016\/04\/logoAssociation2015.jpeg","articleSection":["Grand Gen\u00e8ve","Savoirs"],"inLanguage":"fr-FR"},{"@type":"WebPage","@id":"https:\/\/bale.ch\/journal\/faut-il-etre-normal-e\/","url":"https:\/\/bale.ch\/journal\/faut-il-etre-normal-e\/","name":"Faut-il \u00eatre normal-e? - Journal de B\u00e2le et Gen\u00e8ve","isPartOf":{"@id":"https:\/\/bale.ch\/journal\/#website"},"primaryImageOfPage":{"@id":"https:\/\/bale.ch\/journal\/faut-il-etre-normal-e\/#primaryimage"},"image":{"@id":"https:\/\/bale.ch\/journal\/faut-il-etre-normal-e\/#primaryimage"},"thumbnailUrl":"https:\/\/bale.ch\/journal\/wp-content\/uploads\/2016\/04\/logoAssociation2015.jpeg","datePublished":"2016-04-26T11:58:15+00:00","dateModified":"2016-04-26T12:54:45+00:00","breadcrumb":{"@id":"https:\/\/bale.ch\/journal\/faut-il-etre-normal-e\/#breadcrumb"},"inLanguage":"fr-FR","potentialAction":[{"@type":"ReadAction","target":["https:\/\/bale.ch\/journal\/faut-il-etre-normal-e\/"]}]},{"@type":"ImageObject","inLanguage":"fr-FR","@id":"https:\/\/bale.ch\/journal\/faut-il-etre-normal-e\/#primaryimage","url":"https:\/\/bale.ch\/journal\/wp-content\/uploads\/2016\/04\/logoAssociation2015.jpeg","contentUrl":"https:\/\/bale.ch\/journal\/wp-content\/uploads\/2016\/04\/logoAssociation2015.jpeg","width":564,"height":352},{"@type":"BreadcrumbList","@id":"https:\/\/bale.ch\/journal\/faut-il-etre-normal-e\/#breadcrumb","itemListElement":[{"@type":"ListItem","position":1,"name":"Accueil","item":"https:\/\/bale.ch\/journal\/"},{"@type":"ListItem","position":2,"name":"Faut-il \u00eatre normal-e?"}]},{"@type":"WebSite","@id":"https:\/\/bale.ch\/journal\/#website","url":"https:\/\/bale.ch\/journal\/","name":"Journal de B\u00e2le et Gen\u00e8ve","description":"M\u00e9dia transfrontalier d&#039;actualit\u00e9s - News","publisher":{"@id":"https:\/\/bale.ch\/journal\/#organization"},"potentialAction":[{"@type":"SearchAction","target":{"@type":"EntryPoint","urlTemplate":"https:\/\/bale.ch\/journal\/?s={search_term_string}"},"query-input":{"@type":"PropertyValueSpecification","valueRequired":true,"valueName":"search_term_string"}}],"inLanguage":"fr-FR"},{"@type":"Organization","@id":"https:\/\/bale.ch\/journal\/#organization","name":"Journal de B\u00e2le et Gen\u00e8ve","url":"https:\/\/bale.ch\/journal\/","logo":{"@type":"ImageObject","inLanguage":"fr-FR","@id":"https:\/\/bale.ch\/journal\/#\/schema\/logo\/image\/","url":"https:\/\/bale.ch\/journal\/wp-content\/uploads\/2023\/07\/journaldebale_logo_2023_nb.png","contentUrl":"https:\/\/bale.ch\/journal\/wp-content\/uploads\/2023\/07\/journaldebale_logo_2023_nb.png","width":371,"height":127,"caption":"Journal de B\u00e2le et Gen\u00e8ve"},"image":{"@id":"https:\/\/bale.ch\/journal\/#\/schema\/logo\/image\/"}},{"@type":"Person","@id":"https:\/\/bale.ch\/journal\/#\/schema\/person\/c9c2f300463adf9091a28673ecb80750","name":"Natacha de Santignac","image":{"@type":"ImageObject","inLanguage":"fr-FR","@id":"https:\/\/secure.gravatar.com\/avatar\/bf2e26e0c999fa3e29ea55d852a513d13a609e3bf13537baf6fcc8306b6a0cdf?s=96&d=mm&r=g","url":"https:\/\/secure.gravatar.com\/avatar\/bf2e26e0c999fa3e29ea55d852a513d13a609e3bf13537baf6fcc8306b6a0cdf?s=96&d=mm&r=g","contentUrl":"https:\/\/secure.gravatar.com\/avatar\/bf2e26e0c999fa3e29ea55d852a513d13a609e3bf13537baf6fcc8306b6a0cdf?s=96&d=mm&r=g","caption":"Natacha de Santignac"},"description":"kaleidoscopes.ch","sameAs":["http:\/\/kaleidoscopes.ch"],"url":"https:\/\/bale.ch\/journal\/author\/nds\/"}]}},"_links":{"self":[{"href":"https:\/\/bale.ch\/journal\/wp-json\/wp\/v2\/posts\/474","targetHints":{"allow":["GET"]}}],"collection":[{"href":"https:\/\/bale.ch\/journal\/wp-json\/wp\/v2\/posts"}],"about":[{"href":"https:\/\/bale.ch\/journal\/wp-json\/wp\/v2\/types\/post"}],"author":[{"embeddable":true,"href":"https:\/\/bale.ch\/journal\/wp-json\/wp\/v2\/users\/5"}],"replies":[{"embeddable":true,"href":"https:\/\/bale.ch\/journal\/wp-json\/wp\/v2\/comments?post=474"}],"version-history":[{"count":14,"href":"https:\/\/bale.ch\/journal\/wp-json\/wp\/v2\/posts\/474\/revisions"}],"predecessor-version":[{"id":491,"href":"https:\/\/bale.ch\/journal\/wp-json\/wp\/v2\/posts\/474\/revisions\/491"}],"wp:featuredmedia":[{"embeddable":true,"href":"https:\/\/bale.ch\/journal\/wp-json\/wp\/v2\/media\/475"}],"wp:attachment":[{"href":"https:\/\/bale.ch\/journal\/wp-json\/wp\/v2\/media?parent=474"}],"wp:term":[{"taxonomy":"category","embeddable":true,"href":"https:\/\/bale.ch\/journal\/wp-json\/wp\/v2\/categories?post=474"},{"taxonomy":"post_tag","embeddable":true,"href":"https:\/\/bale.ch\/journal\/wp-json\/wp\/v2\/tags?post=474"}],"curies":[{"name":"wp","href":"https:\/\/api.w.org\/{rel}","templated":true}]}}