{"id":540,"date":"2016-06-29T12:25:59","date_gmt":"2016-06-29T12:25:59","guid":{"rendered":"http:\/\/bale.ch\/journal\/?p=540"},"modified":"2016-06-29T20:51:53","modified_gmt":"2016-06-29T20:51:53","slug":"photo-basel-art-basel","status":"publish","type":"post","link":"https:\/\/bale.ch\/journal\/photo-basel-art-basel\/","title":{"rendered":"\u00abPhoto Basel\u00bb dans le sillage d\u2019Art Basel"},"content":{"rendered":"<p><strong>La foire de la photographie \u00a0\u00ab\u00a0Photo Basel\u00a0\u00bb \u00a0&#8211; une deuxi\u00e8me \u00e9dition pleine de promesses.<\/strong><!--more--><\/p>\n<p>Ayant pris ses nouveaux quartiers \u00e0 quelques pas de la Messeplatz et d\u2019Art Basel, \u00ab\u00a0Photo\u00a0Basel\u00bb s\u2019est install\u00e9e cette ann\u00e9e \u00e0 la\u00a0<a href=\"http:\/\/volkshaus-basel.ch\/\" target=\"_blank\">Volkshaus<\/a>, endroit l\u00e9gendaire situ\u00e9 sur la\u00a0Claraplatz et surtout strat\u00e9gique pour l\u2019occasion:\u00a0elle a attir\u00e9 pr\u00e8s de 10&rsquo;000 visiteurs en 5 jours.<\/p>\n<p>En juin 2015, les deux co-fondateurs et directeurs, Sven Eisenhut et Samuel Riggenbach, lan\u00e7aient leur premi\u00e8re foire de la photographie au Ackermannshof, avec pour objectifs combler un march\u00e9 et offrir un d\u00e9bouch\u00e9 aux talents locaux tout en s\u2019effor\u00e7ant de cr\u00e9er un p\u00f4le de la photographie artistique dans la capitale culturelle b\u00e2loise.<\/p><div id=\"crieu-1046444280\" class=\"crieu-content crieu-entity-placement\"><script async src=\"\/\/pagead2.googlesyndication.com\/pagead\/js\/adsbygoogle.js?client=ca-pub-5271584769416742\" crossorigin=\"anonymous\"><\/script><ins class=\"adsbygoogle\" style=\"display:block;\" data-ad-client=\"ca-pub-5271584769416742\" \ndata-ad-slot=\"9321250718\" \ndata-ad-format=\"auto\"><\/ins>\n<script> \n(adsbygoogle = window.adsbygoogle || []).push({}); \n<\/script>\n<\/div>\n<p>Une ann\u00e9e plus tard, \u00ab\u00a0Photo Basel\u00a0\u00bb a quelque peu grandi avec un comit\u00e9 international de s\u00e9lection des galeries. Plusieurs galeries ayant d\u00e9pos\u00e9 leurs demandes de participation ont d\u00fb m\u00eame \u00eatre refus\u00e9es, faute de place. Le nouvel emplacement de la foire, situ\u00e9 \u00e0 650 m\u00e8tres de la grand-messe de l\u2019Art, est\u00a0un avantage notoire pour attirer en nombre les amateurs d\u2019Art et de culture venus des cinq continents, avec le souhait, chaque ann\u00e9e au mois de juin, de mettre en avant la ville de B\u00e2le comme \u00e9picentre de la vie culturelle et capitale mondiale de l\u2019Art.<\/p>\n<p>&nbsp;<\/p>\n<figure id=\"attachment_544\" aria-describedby=\"caption-attachment-544\" style=\"width: 361px\" class=\"wp-caption alignleft\"><a href=\"https:\/\/bale.ch\/journal\/wp-content\/uploads\/2016\/06\/01.jpg\"><img loading=\"lazy\" decoding=\"async\" class=\"wp-image-544\" src=\"https:\/\/bale.ch\/journal\/wp-content\/uploads\/2016\/06\/01-300x169.jpg\" alt=\"01\" width=\"361\" height=\"203\" srcset=\"https:\/\/bale.ch\/journal\/wp-content\/uploads\/2016\/06\/01-300x169.jpg 300w, https:\/\/bale.ch\/journal\/wp-content\/uploads\/2016\/06\/01-768x432.jpg 768w, https:\/\/bale.ch\/journal\/wp-content\/uploads\/2016\/06\/01-1024x576.jpg 1024w, https:\/\/bale.ch\/journal\/wp-content\/uploads\/2016\/06\/01-777x437.jpg 777w, https:\/\/bale.ch\/journal\/wp-content\/uploads\/2016\/06\/01-260x146.jpg 260w, https:\/\/bale.ch\/journal\/wp-content\/uploads\/2016\/06\/01-120x67.jpg 120w, https:\/\/bale.ch\/journal\/wp-content\/uploads\/2016\/06\/01.jpg 1366w\" sizes=\"auto, (max-width: 361px) 100vw, 361px\" \/><\/a><figcaption id=\"caption-attachment-544\" class=\"wp-caption-text\">Photos credit crieur.ch<\/figcaption><\/figure>\n<p><a href=\"https:\/\/bale.ch\/journal\/wp-content\/uploads\/2016\/06\/02.jpg\"><img loading=\"lazy\" decoding=\"async\" class=\" wp-image-545 alignleft\" src=\"https:\/\/bale.ch\/journal\/wp-content\/uploads\/2016\/06\/02-300x169.jpg\" alt=\"02\" width=\"361\" height=\"204\" srcset=\"https:\/\/bale.ch\/journal\/wp-content\/uploads\/2016\/06\/02-300x169.jpg 300w, https:\/\/bale.ch\/journal\/wp-content\/uploads\/2016\/06\/02-768x432.jpg 768w, https:\/\/bale.ch\/journal\/wp-content\/uploads\/2016\/06\/02-1024x576.jpg 1024w, https:\/\/bale.ch\/journal\/wp-content\/uploads\/2016\/06\/02-777x437.jpg 777w, https:\/\/bale.ch\/journal\/wp-content\/uploads\/2016\/06\/02-260x146.jpg 260w, https:\/\/bale.ch\/journal\/wp-content\/uploads\/2016\/06\/02-120x67.jpg 120w, https:\/\/bale.ch\/journal\/wp-content\/uploads\/2016\/06\/02.jpg 1366w\" sizes=\"auto, (max-width: 361px) 100vw, 361px\" \/><\/a><\/p>\n<p>&nbsp;<\/p>\n<p>&nbsp;<\/p>\n<p>&nbsp;<\/p>\n<p>&nbsp;<\/p>\n<p>&nbsp;<\/p>\n<p>&nbsp;<\/p>\n<p>La particularit\u00e9 de l\u2019exposition est la pr\u00e9sence en nombre des galeries fran\u00e7aises qui repr\u00e9sentent pr\u00e8s de la moiti\u00e9 des exposants. La galerie parisienne Alain Gutharc pr\u00e9sente de magnifiques tirages vintages d\u2019une collection priv\u00e9e de <a href=\"https:\/\/fr.wikipedia.org\/wiki\/Jacques_Henri_Lartigue\" target=\"_blank\">Jacques Henri Lartigue<\/a> (1894-1986).<\/p>\n<p>Une autre galerie parisienne, Catherine et Andr\u00e9 Hug, a retenu\u00a0 toute notre attention. Elle pr\u00e9sente une exposition personnelle de <a href=\"http:\/\/www.kourtneyroy.com\/\" target=\"_blank\">Kourtney Roy<\/a> dont les autoportraits nous aspirent dans une temporalit\u00e9 imaginaire, o\u00f9 les traces du pass\u00e9 se m\u00ealent \u00e0 la performance contemporaine de l\u2019artiste.<\/p>\n<p>Dans chacune de ses photographies, on la retrouve, le plus souvent seule, ou plut\u00f4t inscrite dans une sensation unique, ce qui n\u2019a bien s\u00fbr rien \u00e0 voir avec le sentiment d\u2019\u00eatre seul, car il pr\u00e9suppose une m\u00e9moire. Chaque photographie est un rendez-vous temporel qui r\u00e9v\u00e8le un instant fantasm\u00e9 o\u00f9 action et lieu se rencontrent pr\u00e9cis\u00e9ment. Kourtney Roy enregistre la trace de sa pr\u00e9sence dans le monde, dans l\u2019intervalle d\u2019une illusion. Telle une h\u00e9ro\u00efne du grand \u00e9cran, elle fait corps, parfois m\u00eame rampe sur le sol ou saute derri\u00e8re un buisson, avec le d\u00e9cor. Les lieux, les espaces sont sources d\u2019inspiration; leur po\u00e9tique souligne la banalit\u00e9 et le quotidien. Les endroits oubli\u00e9s, vides d\u00e9gagent souvent un calme ou une \u00e9tranget\u00e9, un espace-temps qui permet \u00e0 l\u2019artiste de s\u2019exprimer, de s\u2019\u00e9garer au sens propre ou figur\u00e9, comme les h\u00e9ros du film de Terence Malick, <a href=\"https:\/\/fr.wikipedia.org\/wiki\/La_Balade_sauvage\" target=\"_blank\"><em>Badlands<\/em><\/a>.<\/p>\n<p>&nbsp;<\/p>\n<figure id=\"attachment_554\" aria-describedby=\"caption-attachment-554\" style=\"width: 660px\" class=\"wp-caption aligncenter\"><a href=\"https:\/\/bale.ch\/journal\/wp-content\/uploads\/2016\/06\/Kourtney-Roy2.jpg\"><img loading=\"lazy\" decoding=\"async\" class=\"wp-image-554\" src=\"https:\/\/bale.ch\/journal\/wp-content\/uploads\/2016\/06\/Kourtney-Roy2-300x200.jpg\" width=\"660\" height=\"440\" srcset=\"https:\/\/bale.ch\/journal\/wp-content\/uploads\/2016\/06\/Kourtney-Roy2-300x200.jpg 300w, https:\/\/bale.ch\/journal\/wp-content\/uploads\/2016\/06\/Kourtney-Roy2-768x513.jpg 768w, https:\/\/bale.ch\/journal\/wp-content\/uploads\/2016\/06\/Kourtney-Roy2-1024x684.jpg 1024w\" sizes=\"auto, (max-width: 660px) 100vw, 660px\" \/><\/a><figcaption id=\"caption-attachment-554\" class=\"wp-caption-text\">Enter as a fiction 4 &#8211; Copyright Kourtney Roy 2015<\/figcaption><\/figure>\n<p>Parcourant la Route 66, la Route M\u00e8re \u2013 comme l\u2019appelle les Am\u00e9ricains, elle s\u2019empare du paysage oubli\u00e9 de cette Am\u00e9rique mythique: <a href=\"https:\/\/www.youtube.com\/watch?v=dCYApJtsyd0\" target=\"_blank\">If you go to the West, take my way<\/a>\u2026\u00a0chant\u00e9e par Nat King Cole, et qui fait resurgir en nous le sentiment de \u00ab la route \u00bb comme dans Easy Rider, Thelma et Louise ou encore Bagdad Caf\u00e9.<\/p>\n<p>Les galeristes suisses ne sont pas oubli\u00e9s pour autant. La galerie zurichoise Bildhalle, une des rares galeries helv\u00e9tiques d\u00e9di\u00e9es totalement \u00e0 la photographie contemporaine et classique, met un accent particulier sur les jeunes photographes \u00e9mergents et repr\u00e9sente \u00e9galement quelques photographes de renomm\u00e9e internationale. Elle pr\u00e9sente ici plusieurs artistes dont <a href=\"https:\/\/fr.wikipedia.org\/wiki\/Werner_Bischof\" target=\"_blank\">Werner Bischof<\/a> et <a href=\"https:\/\/en.wikipedia.org\/wiki\/Thomas_Hoepker\" target=\"_blank\">Thomas Hoepker<\/a>.<\/p>\n<p>Ce dernier a eu le privil\u00e8ge d\u00e8s 1964, en tant que photographe-reporter pour le c\u00e9l\u00e8bre news magazine allemand <em>Stern<\/em>, de suivre le jeune Muhammad Ali pendant dix ans et de lui consacrer toute une s\u00e9rie de portraits. On peut y voir le l\u00e9gendaire boxeur de tous les temps en Showman avec \u00ab\u00a0Ali right first\u00a0\u00bb (Londres 1966) ou \u00ab Ali jumping\u00a0\u00bb (Chicago 1966). Cette s\u00e9rie de tirages du boxeur r\u00e9cemment d\u00e9funt est\u00a0un\u00a0<em>must-see<\/em>\u00a0de cette \u00e9dition de Photo Basel. En 2015, l&rsquo;ouvrage \u00ab\u00a0Big Champ\u00a0\u00bb a \u00e9t\u00e9 \u00e9dit\u00e9 o\u00f9 Hoepker d\u00e9voile plusieurs clich\u00e9s de Muhammad Ali totalement inconnus jusque-l\u00e0.<\/p>\n<p>&nbsp;<\/p>\n<figure id=\"attachment_556\" aria-describedby=\"caption-attachment-556\" style=\"width: 660px\" class=\"wp-caption aligncenter\"><a href=\"https:\/\/bale.ch\/journal\/wp-content\/uploads\/2016\/06\/Thomas-Hoepker-2.jpg\"><img loading=\"lazy\" decoding=\"async\" class=\"wp-image-556\" src=\"https:\/\/bale.ch\/journal\/wp-content\/uploads\/2016\/06\/Thomas-Hoepker-2-300x207.jpg\" alt=\"Thomas Hoepker 2\" width=\"660\" height=\"455\" srcset=\"https:\/\/bale.ch\/journal\/wp-content\/uploads\/2016\/06\/Thomas-Hoepker-2-300x207.jpg 300w, https:\/\/bale.ch\/journal\/wp-content\/uploads\/2016\/06\/Thomas-Hoepker-2-768x531.jpg 768w, https:\/\/bale.ch\/journal\/wp-content\/uploads\/2016\/06\/Thomas-Hoepker-2-1024x708.jpg 1024w\" sizes=\"auto, (max-width: 660px) 100vw, 660px\" \/><\/a><figcaption id=\"caption-attachment-556\" class=\"wp-caption-text\">\u00ab\u00a0Ali jumping\u00a0\u00bb Chicago 1966 &#8211; Copyright Thomas Hoepker<\/figcaption><\/figure>\n<p>Enthousiasm\u00e9e et tr\u00e8s satisfaite du d\u00e9roulement de cette deuxi\u00e8me \u00e9dition, la Direction nous confirme que le contrat avec le\u00a0<em>Volkshaus<\/em> a \u00e9t\u00e9 prolong\u00e9 jusqu\u2019en 2018. Photo Basel est en passe de devenir l\u2019un des \u00e9v\u00e9nements incontournables en marge de l\u2019Art Basel. Affaire \u00e0 suivre&#8230;<\/p>\n<p>&nbsp;<\/p>\n<p><em>La prochaine \u00e9dition aura lieu du 14 au 18 juin 2017.<\/em><\/p>\n<p>Plus d&rsquo;info: <a href=\"http:\/\/www.photo-basel.com\" target=\"_blank\">photo-basel.com<\/a><\/p>\n<p>&nbsp;<\/p>\n<div id=\"crieu-792010736\" class=\"crieu-apres-le-contenu crieu-entity-placement\" style=\"margin-left: auto;margin-right: auto;text-align: center;\"><script async src=\"\/\/pagead2.googlesyndication.com\/pagead\/js\/adsbygoogle.js?client=ca-pub-5271584769416742\" crossorigin=\"anonymous\"><\/script><ins class=\"adsbygoogle\" style=\"display:block;\" data-ad-client=\"ca-pub-5271584769416742\" \ndata-ad-slot=\"9321250718\" \ndata-ad-format=\"auto\"><\/ins>\n<script> \n(adsbygoogle = window.adsbygoogle || []).push({}); \n<\/script>\n<\/div>","protected":false},"excerpt":{"rendered":"<p>La foire de la photographie \u00a0\u00ab\u00a0Photo Basel\u00a0\u00bb \u00a0&#8211; une deuxi\u00e8me \u00e9dition pleine de promesses.<\/p>\n","protected":false},"author":20,"featured_media":578,"comment_status":"closed","ping_status":"closed","sticky":false,"template":"","format":"standard","meta":{"footnotes":""},"categories":[11,7,10],"tags":[],"class_list":["post-540","post","type-post","status-publish","format-standard","has-post-thumbnail","hentry","category-art","category-bale","category-culture"],"yoast_head":"<!-- This site is optimized with the Yoast SEO plugin v28.3 - https:\/\/yoast.com\/product\/yoast-seo-wordpress\/ -->\n<title>\u00abPhoto Basel\u00bb dans le sillage d\u2019Art Basel - Journal de B\u00e2le et Gen\u00e8ve<\/title>\n<meta name=\"robots\" content=\"index, follow, max-snippet:-1, max-image-preview:large, max-video-preview:-1\" \/>\n<link rel=\"canonical\" href=\"https:\/\/bale.ch\/journal\/photo-basel-art-basel\/\" \/>\n<meta property=\"og:locale\" content=\"fr_FR\" \/>\n<meta property=\"og:type\" content=\"article\" \/>\n<meta property=\"og:title\" content=\"\u00abPhoto Basel\u00bb dans le sillage d\u2019Art Basel - Journal de B\u00e2le et Gen\u00e8ve\" \/>\n<meta property=\"og:description\" content=\"La foire de la photographie \u00a0\u00ab\u00a0Photo Basel\u00a0\u00bb \u00a0&#8211; une deuxi\u00e8me \u00e9dition pleine de promesses.\" \/>\n<meta property=\"og:url\" content=\"https:\/\/bale.ch\/journal\/photo-basel-art-basel\/\" \/>\n<meta property=\"og:site_name\" content=\"Journal de B\u00e2le et Gen\u00e8ve\" \/>\n<meta property=\"article:published_time\" content=\"2016-06-29T12:25:59+00:00\" \/>\n<meta property=\"article:modified_time\" content=\"2016-06-29T20:51:53+00:00\" \/>\n<meta property=\"og:image\" content=\"https:\/\/bale.ch\/journal\/wp-content\/uploads\/2016\/06\/photo_basel.jpg\" \/>\n\t<meta property=\"og:image:width\" content=\"2048\" \/>\n\t<meta property=\"og:image:height\" content=\"1146\" \/>\n\t<meta property=\"og:image:type\" content=\"image\/jpeg\" \/>\n<meta name=\"author\" content=\"Anthony Kvaternik\" \/>\n<meta name=\"twitter:card\" content=\"summary_large_image\" \/>\n<meta name=\"twitter:label1\" content=\"\u00c9crit par\" \/>\n\t<meta name=\"twitter:data1\" content=\"Anthony Kvaternik\" \/>\n\t<meta name=\"twitter:label2\" content=\"Dur\u00e9e de lecture estim\u00e9e\" \/>\n\t<meta name=\"twitter:data2\" content=\"4 minutes\" \/>\n<script type=\"application\/ld+json\" class=\"yoast-schema-graph\">{\"@context\":\"https:\\\/\\\/schema.org\",\"@graph\":[{\"@type\":\"Article\",\"@id\":\"https:\\\/\\\/bale.ch\\\/journal\\\/photo-basel-art-basel\\\/#article\",\"isPartOf\":{\"@id\":\"https:\\\/\\\/bale.ch\\\/journal\\\/photo-basel-art-basel\\\/\"},\"author\":{\"name\":\"Anthony Kvaternik\",\"@id\":\"https:\\\/\\\/bale.ch\\\/journal\\\/#\\\/schema\\\/person\\\/b1e5c7fc925a490a48607bfdc7ee7539\"},\"headline\":\"\u00abPhoto Basel\u00bb dans le sillage d\u2019Art Basel\",\"datePublished\":\"2016-06-29T12:25:59+00:00\",\"dateModified\":\"2016-06-29T20:51:53+00:00\",\"mainEntityOfPage\":{\"@id\":\"https:\\\/\\\/bale.ch\\\/journal\\\/photo-basel-art-basel\\\/\"},\"wordCount\":831,\"publisher\":{\"@id\":\"https:\\\/\\\/bale.ch\\\/journal\\\/#organization\"},\"image\":{\"@id\":\"https:\\\/\\\/bale.ch\\\/journal\\\/photo-basel-art-basel\\\/#primaryimage\"},\"thumbnailUrl\":\"https:\\\/\\\/bale.ch\\\/journal\\\/wp-content\\\/uploads\\\/2016\\\/06\\\/photo_basel.jpg\",\"articleSection\":[\"Art\",\"B\u00e2le Trinationale\",\"Culture\"],\"inLanguage\":\"fr-FR\"},{\"@type\":\"WebPage\",\"@id\":\"https:\\\/\\\/bale.ch\\\/journal\\\/photo-basel-art-basel\\\/\",\"url\":\"https:\\\/\\\/bale.ch\\\/journal\\\/photo-basel-art-basel\\\/\",\"name\":\"\u00abPhoto Basel\u00bb dans le sillage d\u2019Art Basel - Journal de B\u00e2le et Gen\u00e8ve\",\"isPartOf\":{\"@id\":\"https:\\\/\\\/bale.ch\\\/journal\\\/#website\"},\"primaryImageOfPage\":{\"@id\":\"https:\\\/\\\/bale.ch\\\/journal\\\/photo-basel-art-basel\\\/#primaryimage\"},\"image\":{\"@id\":\"https:\\\/\\\/bale.ch\\\/journal\\\/photo-basel-art-basel\\\/#primaryimage\"},\"thumbnailUrl\":\"https:\\\/\\\/bale.ch\\\/journal\\\/wp-content\\\/uploads\\\/2016\\\/06\\\/photo_basel.jpg\",\"datePublished\":\"2016-06-29T12:25:59+00:00\",\"dateModified\":\"2016-06-29T20:51:53+00:00\",\"breadcrumb\":{\"@id\":\"https:\\\/\\\/bale.ch\\\/journal\\\/photo-basel-art-basel\\\/#breadcrumb\"},\"inLanguage\":\"fr-FR\",\"potentialAction\":[{\"@type\":\"ReadAction\",\"target\":[\"https:\\\/\\\/bale.ch\\\/journal\\\/photo-basel-art-basel\\\/\"]}]},{\"@type\":\"ImageObject\",\"inLanguage\":\"fr-FR\",\"@id\":\"https:\\\/\\\/bale.ch\\\/journal\\\/photo-basel-art-basel\\\/#primaryimage\",\"url\":\"https:\\\/\\\/bale.ch\\\/journal\\\/wp-content\\\/uploads\\\/2016\\\/06\\\/photo_basel.jpg\",\"contentUrl\":\"https:\\\/\\\/bale.ch\\\/journal\\\/wp-content\\\/uploads\\\/2016\\\/06\\\/photo_basel.jpg\",\"width\":2048,\"height\":1146},{\"@type\":\"BreadcrumbList\",\"@id\":\"https:\\\/\\\/bale.ch\\\/journal\\\/photo-basel-art-basel\\\/#breadcrumb\",\"itemListElement\":[{\"@type\":\"ListItem\",\"position\":1,\"name\":\"Accueil\",\"item\":\"https:\\\/\\\/bale.ch\\\/journal\\\/\"},{\"@type\":\"ListItem\",\"position\":2,\"name\":\"\u00abPhoto Basel\u00bb dans le sillage d\u2019Art Basel\"}]},{\"@type\":\"WebSite\",\"@id\":\"https:\\\/\\\/bale.ch\\\/journal\\\/#website\",\"url\":\"https:\\\/\\\/bale.ch\\\/journal\\\/\",\"name\":\"Journal de B\u00e2le et Gen\u00e8ve\",\"description\":\"M\u00e9dia transfrontalier d&#039;actualit\u00e9s - News\",\"publisher\":{\"@id\":\"https:\\\/\\\/bale.ch\\\/journal\\\/#organization\"},\"potentialAction\":[{\"@type\":\"SearchAction\",\"target\":{\"@type\":\"EntryPoint\",\"urlTemplate\":\"https:\\\/\\\/bale.ch\\\/journal\\\/?s={search_term_string}\"},\"query-input\":{\"@type\":\"PropertyValueSpecification\",\"valueRequired\":true,\"valueName\":\"search_term_string\"}}],\"inLanguage\":\"fr-FR\"},{\"@type\":\"Organization\",\"@id\":\"https:\\\/\\\/bale.ch\\\/journal\\\/#organization\",\"name\":\"Journal de B\u00e2le et Gen\u00e8ve\",\"url\":\"https:\\\/\\\/bale.ch\\\/journal\\\/\",\"logo\":{\"@type\":\"ImageObject\",\"inLanguage\":\"fr-FR\",\"@id\":\"https:\\\/\\\/bale.ch\\\/journal\\\/#\\\/schema\\\/logo\\\/image\\\/\",\"url\":\"https:\\\/\\\/bale.ch\\\/journal\\\/wp-content\\\/uploads\\\/2023\\\/07\\\/journaldebale_logo_2023_nb.png\",\"contentUrl\":\"https:\\\/\\\/bale.ch\\\/journal\\\/wp-content\\\/uploads\\\/2023\\\/07\\\/journaldebale_logo_2023_nb.png\",\"width\":371,\"height\":127,\"caption\":\"Journal de B\u00e2le et Gen\u00e8ve\"},\"image\":{\"@id\":\"https:\\\/\\\/bale.ch\\\/journal\\\/#\\\/schema\\\/logo\\\/image\\\/\"}},{\"@type\":\"Person\",\"@id\":\"https:\\\/\\\/bale.ch\\\/journal\\\/#\\\/schema\\\/person\\\/b1e5c7fc925a490a48607bfdc7ee7539\",\"name\":\"Anthony Kvaternik\",\"image\":{\"@type\":\"ImageObject\",\"inLanguage\":\"fr-FR\",\"@id\":\"https:\\\/\\\/secure.gravatar.com\\\/avatar\\\/05956803611f99ba6bac4541cd9ea263c3adb13ee140301fb93c1880158c915a?s=96&d=mm&r=g\",\"url\":\"https:\\\/\\\/secure.gravatar.com\\\/avatar\\\/05956803611f99ba6bac4541cd9ea263c3adb13ee140301fb93c1880158c915a?s=96&d=mm&r=g\",\"contentUrl\":\"https:\\\/\\\/secure.gravatar.com\\\/avatar\\\/05956803611f99ba6bac4541cd9ea263c3adb13ee140301fb93c1880158c915a?s=96&d=mm&r=g\",\"caption\":\"Anthony Kvaternik\"},\"description\":\"R\u00e9dacteur r\u00e9gion B\u00e2le Dreiland\",\"url\":\"https:\\\/\\\/bale.ch\\\/journal\\\/author\\\/anthony\\\/\"}]}<\/script>\n<!-- \/ Yoast SEO plugin. -->","yoast_head_json":{"title":"\u00abPhoto Basel\u00bb dans le sillage d\u2019Art Basel - Journal de B\u00e2le et Gen\u00e8ve","robots":{"index":"index","follow":"follow","max-snippet":"max-snippet:-1","max-image-preview":"max-image-preview:large","max-video-preview":"max-video-preview:-1"},"canonical":"https:\/\/bale.ch\/journal\/photo-basel-art-basel\/","og_locale":"fr_FR","og_type":"article","og_title":"\u00abPhoto Basel\u00bb dans le sillage d\u2019Art Basel - Journal de B\u00e2le et Gen\u00e8ve","og_description":"La foire de la photographie \u00a0\u00ab\u00a0Photo Basel\u00a0\u00bb \u00a0&#8211; une deuxi\u00e8me \u00e9dition pleine de promesses.","og_url":"https:\/\/bale.ch\/journal\/photo-basel-art-basel\/","og_site_name":"Journal de B\u00e2le et Gen\u00e8ve","article_published_time":"2016-06-29T12:25:59+00:00","article_modified_time":"2016-06-29T20:51:53+00:00","og_image":[{"width":2048,"height":1146,"url":"https:\/\/bale.ch\/journal\/wp-content\/uploads\/2016\/06\/photo_basel.jpg","type":"image\/jpeg"}],"author":"Anthony Kvaternik","twitter_card":"summary_large_image","twitter_misc":{"\u00c9crit par":"Anthony Kvaternik","Dur\u00e9e de lecture estim\u00e9e":"4 minutes"},"schema":{"@context":"https:\/\/schema.org","@graph":[{"@type":"Article","@id":"https:\/\/bale.ch\/journal\/photo-basel-art-basel\/#article","isPartOf":{"@id":"https:\/\/bale.ch\/journal\/photo-basel-art-basel\/"},"author":{"name":"Anthony Kvaternik","@id":"https:\/\/bale.ch\/journal\/#\/schema\/person\/b1e5c7fc925a490a48607bfdc7ee7539"},"headline":"\u00abPhoto Basel\u00bb dans le sillage d\u2019Art Basel","datePublished":"2016-06-29T12:25:59+00:00","dateModified":"2016-06-29T20:51:53+00:00","mainEntityOfPage":{"@id":"https:\/\/bale.ch\/journal\/photo-basel-art-basel\/"},"wordCount":831,"publisher":{"@id":"https:\/\/bale.ch\/journal\/#organization"},"image":{"@id":"https:\/\/bale.ch\/journal\/photo-basel-art-basel\/#primaryimage"},"thumbnailUrl":"https:\/\/bale.ch\/journal\/wp-content\/uploads\/2016\/06\/photo_basel.jpg","articleSection":["Art","B\u00e2le Trinationale","Culture"],"inLanguage":"fr-FR"},{"@type":"WebPage","@id":"https:\/\/bale.ch\/journal\/photo-basel-art-basel\/","url":"https:\/\/bale.ch\/journal\/photo-basel-art-basel\/","name":"\u00abPhoto Basel\u00bb dans le sillage d\u2019Art Basel - Journal de B\u00e2le et Gen\u00e8ve","isPartOf":{"@id":"https:\/\/bale.ch\/journal\/#website"},"primaryImageOfPage":{"@id":"https:\/\/bale.ch\/journal\/photo-basel-art-basel\/#primaryimage"},"image":{"@id":"https:\/\/bale.ch\/journal\/photo-basel-art-basel\/#primaryimage"},"thumbnailUrl":"https:\/\/bale.ch\/journal\/wp-content\/uploads\/2016\/06\/photo_basel.jpg","datePublished":"2016-06-29T12:25:59+00:00","dateModified":"2016-06-29T20:51:53+00:00","breadcrumb":{"@id":"https:\/\/bale.ch\/journal\/photo-basel-art-basel\/#breadcrumb"},"inLanguage":"fr-FR","potentialAction":[{"@type":"ReadAction","target":["https:\/\/bale.ch\/journal\/photo-basel-art-basel\/"]}]},{"@type":"ImageObject","inLanguage":"fr-FR","@id":"https:\/\/bale.ch\/journal\/photo-basel-art-basel\/#primaryimage","url":"https:\/\/bale.ch\/journal\/wp-content\/uploads\/2016\/06\/photo_basel.jpg","contentUrl":"https:\/\/bale.ch\/journal\/wp-content\/uploads\/2016\/06\/photo_basel.jpg","width":2048,"height":1146},{"@type":"BreadcrumbList","@id":"https:\/\/bale.ch\/journal\/photo-basel-art-basel\/#breadcrumb","itemListElement":[{"@type":"ListItem","position":1,"name":"Accueil","item":"https:\/\/bale.ch\/journal\/"},{"@type":"ListItem","position":2,"name":"\u00abPhoto Basel\u00bb dans le sillage d\u2019Art Basel"}]},{"@type":"WebSite","@id":"https:\/\/bale.ch\/journal\/#website","url":"https:\/\/bale.ch\/journal\/","name":"Journal de B\u00e2le et Gen\u00e8ve","description":"M\u00e9dia transfrontalier d&#039;actualit\u00e9s - News","publisher":{"@id":"https:\/\/bale.ch\/journal\/#organization"},"potentialAction":[{"@type":"SearchAction","target":{"@type":"EntryPoint","urlTemplate":"https:\/\/bale.ch\/journal\/?s={search_term_string}"},"query-input":{"@type":"PropertyValueSpecification","valueRequired":true,"valueName":"search_term_string"}}],"inLanguage":"fr-FR"},{"@type":"Organization","@id":"https:\/\/bale.ch\/journal\/#organization","name":"Journal de B\u00e2le et Gen\u00e8ve","url":"https:\/\/bale.ch\/journal\/","logo":{"@type":"ImageObject","inLanguage":"fr-FR","@id":"https:\/\/bale.ch\/journal\/#\/schema\/logo\/image\/","url":"https:\/\/bale.ch\/journal\/wp-content\/uploads\/2023\/07\/journaldebale_logo_2023_nb.png","contentUrl":"https:\/\/bale.ch\/journal\/wp-content\/uploads\/2023\/07\/journaldebale_logo_2023_nb.png","width":371,"height":127,"caption":"Journal de B\u00e2le et Gen\u00e8ve"},"image":{"@id":"https:\/\/bale.ch\/journal\/#\/schema\/logo\/image\/"}},{"@type":"Person","@id":"https:\/\/bale.ch\/journal\/#\/schema\/person\/b1e5c7fc925a490a48607bfdc7ee7539","name":"Anthony Kvaternik","image":{"@type":"ImageObject","inLanguage":"fr-FR","@id":"https:\/\/secure.gravatar.com\/avatar\/05956803611f99ba6bac4541cd9ea263c3adb13ee140301fb93c1880158c915a?s=96&d=mm&r=g","url":"https:\/\/secure.gravatar.com\/avatar\/05956803611f99ba6bac4541cd9ea263c3adb13ee140301fb93c1880158c915a?s=96&d=mm&r=g","contentUrl":"https:\/\/secure.gravatar.com\/avatar\/05956803611f99ba6bac4541cd9ea263c3adb13ee140301fb93c1880158c915a?s=96&d=mm&r=g","caption":"Anthony Kvaternik"},"description":"R\u00e9dacteur r\u00e9gion B\u00e2le Dreiland","url":"https:\/\/bale.ch\/journal\/author\/anthony\/"}]}},"_links":{"self":[{"href":"https:\/\/bale.ch\/journal\/wp-json\/wp\/v2\/posts\/540","targetHints":{"allow":["GET"]}}],"collection":[{"href":"https:\/\/bale.ch\/journal\/wp-json\/wp\/v2\/posts"}],"about":[{"href":"https:\/\/bale.ch\/journal\/wp-json\/wp\/v2\/types\/post"}],"author":[{"embeddable":true,"href":"https:\/\/bale.ch\/journal\/wp-json\/wp\/v2\/users\/20"}],"replies":[{"embeddable":true,"href":"https:\/\/bale.ch\/journal\/wp-json\/wp\/v2\/comments?post=540"}],"version-history":[{"count":41,"href":"https:\/\/bale.ch\/journal\/wp-json\/wp\/v2\/posts\/540\/revisions"}],"predecessor-version":[{"id":595,"href":"https:\/\/bale.ch\/journal\/wp-json\/wp\/v2\/posts\/540\/revisions\/595"}],"wp:featuredmedia":[{"embeddable":true,"href":"https:\/\/bale.ch\/journal\/wp-json\/wp\/v2\/media\/578"}],"wp:attachment":[{"href":"https:\/\/bale.ch\/journal\/wp-json\/wp\/v2\/media?parent=540"}],"wp:term":[{"taxonomy":"category","embeddable":true,"href":"https:\/\/bale.ch\/journal\/wp-json\/wp\/v2\/categories?post=540"},{"taxonomy":"post_tag","embeddable":true,"href":"https:\/\/bale.ch\/journal\/wp-json\/wp\/v2\/tags?post=540"}],"curies":[{"name":"wp","href":"https:\/\/api.w.org\/{rel}","templated":true}]}}