{"id":57,"date":"2015-10-26T18:13:24","date_gmt":"2015-10-26T18:13:24","guid":{"rendered":"http:\/\/bale.ch\/journal\/?p=57"},"modified":"2015-10-27T21:47:49","modified_gmt":"2015-10-27T21:47:49","slug":"asphalte-ou-dentelle-2","status":"publish","type":"post","link":"https:\/\/bale.ch\/journal\/asphalte-ou-dentelle-2\/","title":{"rendered":"\u00ab Asphalte \u00bb ou dentelle ? [Critique Cin\u00e9]"},"content":{"rendered":"<p><strong>Dans son dernier film \u00ab Asphalte \u00bb, Samuel Benchetrit d\u00e9ploie un accord\u00e9on de rencontres improbables tout en dentelle et en finesse.<\/strong><\/p>\n<p><!--more-->Dans un d\u00e9cor gris, sans beaut\u00e9 apparente, sans chaleur palpable, o\u00f9 tout \u00e9voque l\u2019errance, trois rencontres, hors du temps, suspendues, nous invitent \u00e0 la contemplation de la vie qui passe en tissant des liens entre des \u00eatres que tout s\u00e9pare.<\/p>\n<p>Sternkowitz et son infirmi\u00e8re, Jeanne &#8211; une com\u00e9dienne \u00e0 la retraite et le jeune Charly, l&rsquo;astronaute McKenzie et Madame Hamida, incarnent des personnalit\u00e9s et des parcours extr\u00eames de notre temps, et nous r\u00e9v\u00e8lent avec luminosit\u00e9 que tous les \u00eatres humains ont les m\u00eames besoins, les m\u00eames aspirations, les m\u00eames d\u00e9sirs, la m\u00eame curiosit\u00e9, la m\u00eame vitalit\u00e9, quelque soit leur \u00e2ge, leur condition sociale ou encore leur culture.<\/p><div id=\"crieu-4197241167\" class=\"crieu-content crieu-entity-placement\"><script async src=\"\/\/pagead2.googlesyndication.com\/pagead\/js\/adsbygoogle.js?client=ca-pub-5271584769416742\" crossorigin=\"anonymous\"><\/script><ins class=\"adsbygoogle\" style=\"display:block;\" data-ad-client=\"ca-pub-5271584769416742\" \ndata-ad-slot=\"9321250718\" \ndata-ad-format=\"auto\"><\/ins>\n<script> \n(adsbygoogle = window.adsbygoogle || []).push({}); \n<\/script>\n<\/div>\n<p>Au fil du temps qui ponctue en pointill\u00e9 ce petit bijou, on se d\u00e9lecte, on vibre, on est touch\u00e9 au c\u0153ur par l\u2019\u00e9ventail des attentions qui se tisse entre les personnages et qui, somme toute, ne sont que de petites touches de pur amour.<\/p>\n<p>Les acteurs, Isabelle Hupert, Gustave Kervern, Valeria Bruni-Tedeschi, Tassadit Mandi et Michael Pitt sonnent justes et nous offrent des perles de po\u00e9sie rares. Le jeune Jules Benchetrit cr\u00e8ve tout simplement l\u2019\u00e9cran, et d\u00e9roule magistralement une piste de lumi\u00e8re aveuglante pour Isabelle Hupert.<\/p>\n<p>Il n\u2019y a rien \u00e0 comprendre, il suffit de se laisser porter. C\u2019est sublime.<\/p>\n<div id=\"crieu-1069330721\" class=\"crieu-apres-le-contenu crieu-entity-placement\" style=\"margin-left: auto;margin-right: auto;text-align: center;\"><script async src=\"\/\/pagead2.googlesyndication.com\/pagead\/js\/adsbygoogle.js?client=ca-pub-5271584769416742\" crossorigin=\"anonymous\"><\/script><ins class=\"adsbygoogle\" style=\"display:block;\" data-ad-client=\"ca-pub-5271584769416742\" \ndata-ad-slot=\"9321250718\" \ndata-ad-format=\"auto\"><\/ins>\n<script> \n(adsbygoogle = window.adsbygoogle || []).push({}); \n<\/script>\n<\/div>","protected":false},"excerpt":{"rendered":"<p>Dans son dernier film \u00ab Asphalte \u00bb, Samuel Benchetrit d\u00e9ploie un accord\u00e9on de rencontres improbables tout en dentelle et en finesse.<\/p>\n","protected":false},"author":5,"featured_media":80,"comment_status":"closed","ping_status":"closed","sticky":false,"template":"","format":"standard","meta":{"footnotes":""},"categories":[10,18],"tags":[23,24],"class_list":["post-57","post","type-post","status-publish","format-standard","has-post-thumbnail","hentry","category-culture","category-sortir","tag-cinema","tag-critique"],"yoast_head":"<!-- This site is optimized with the Yoast SEO plugin v28.3 - https:\/\/yoast.com\/product\/yoast-seo-wordpress\/ -->\n<title>\u00ab Asphalte \u00bb ou dentelle ? [Critique Cin\u00e9] - Journal de B\u00e2le et Gen\u00e8ve<\/title>\n<meta name=\"robots\" content=\"index, follow, max-snippet:-1, max-image-preview:large, max-video-preview:-1\" \/>\n<link rel=\"canonical\" href=\"https:\/\/bale.ch\/journal\/asphalte-ou-dentelle-2\/\" \/>\n<meta property=\"og:locale\" content=\"fr_FR\" \/>\n<meta property=\"og:type\" content=\"article\" \/>\n<meta property=\"og:title\" content=\"\u00ab Asphalte \u00bb ou dentelle ? [Critique Cin\u00e9] - Journal de B\u00e2le et Gen\u00e8ve\" \/>\n<meta property=\"og:description\" content=\"Dans son dernier film \u00ab Asphalte \u00bb, Samuel Benchetrit d\u00e9ploie un accord\u00e9on de rencontres improbables tout en dentelle et en finesse.\" \/>\n<meta property=\"og:url\" content=\"https:\/\/bale.ch\/journal\/asphalte-ou-dentelle-2\/\" \/>\n<meta property=\"og:site_name\" content=\"Journal de B\u00e2le et Gen\u00e8ve\" \/>\n<meta property=\"article:published_time\" content=\"2015-10-26T18:13:24+00:00\" \/>\n<meta property=\"article:modified_time\" content=\"2015-10-27T21:47:49+00:00\" \/>\n<meta property=\"og:image\" content=\"https:\/\/bale.ch\/journal\/wp-content\/uploads\/2015\/10\/asphalte_big-1024x726.png\" \/>\n\t<meta property=\"og:image:width\" content=\"1024\" \/>\n\t<meta property=\"og:image:height\" content=\"726\" \/>\n\t<meta property=\"og:image:type\" content=\"image\/png\" \/>\n<meta name=\"author\" content=\"Natacha de Santignac\" \/>\n<meta name=\"twitter:card\" content=\"summary_large_image\" \/>\n<meta name=\"twitter:label1\" content=\"\u00c9crit par\" \/>\n\t<meta name=\"twitter:data1\" content=\"Natacha de Santignac\" \/>\n\t<meta name=\"twitter:label2\" content=\"Dur\u00e9e de lecture estim\u00e9e\" \/>\n\t<meta name=\"twitter:data2\" content=\"1 minute\" \/>\n<script type=\"application\/ld+json\" class=\"yoast-schema-graph\">{\"@context\":\"https:\\\/\\\/schema.org\",\"@graph\":[{\"@type\":\"Article\",\"@id\":\"https:\\\/\\\/bale.ch\\\/journal\\\/asphalte-ou-dentelle-2\\\/#article\",\"isPartOf\":{\"@id\":\"https:\\\/\\\/bale.ch\\\/journal\\\/asphalte-ou-dentelle-2\\\/\"},\"author\":{\"name\":\"Natacha de Santignac\",\"@id\":\"https:\\\/\\\/bale.ch\\\/journal\\\/#\\\/schema\\\/person\\\/c9c2f300463adf9091a28673ecb80750\"},\"headline\":\"\u00ab Asphalte \u00bb ou dentelle ? [Critique Cin\u00e9]\",\"datePublished\":\"2015-10-26T18:13:24+00:00\",\"dateModified\":\"2015-10-27T21:47:49+00:00\",\"mainEntityOfPage\":{\"@id\":\"https:\\\/\\\/bale.ch\\\/journal\\\/asphalte-ou-dentelle-2\\\/\"},\"wordCount\":256,\"publisher\":{\"@id\":\"https:\\\/\\\/bale.ch\\\/journal\\\/#organization\"},\"image\":{\"@id\":\"https:\\\/\\\/bale.ch\\\/journal\\\/asphalte-ou-dentelle-2\\\/#primaryimage\"},\"thumbnailUrl\":\"https:\\\/\\\/bale.ch\\\/journal\\\/wp-content\\\/uploads\\\/2015\\\/10\\\/asphalte_big.png\",\"keywords\":[\"Cin\u00e9ma\",\"Critique\"],\"articleSection\":[\"Culture\",\"Sortir\"],\"inLanguage\":\"fr-FR\"},{\"@type\":\"WebPage\",\"@id\":\"https:\\\/\\\/bale.ch\\\/journal\\\/asphalte-ou-dentelle-2\\\/\",\"url\":\"https:\\\/\\\/bale.ch\\\/journal\\\/asphalte-ou-dentelle-2\\\/\",\"name\":\"\u00ab Asphalte \u00bb ou dentelle ? [Critique Cin\u00e9] - Journal de B\u00e2le et Gen\u00e8ve\",\"isPartOf\":{\"@id\":\"https:\\\/\\\/bale.ch\\\/journal\\\/#website\"},\"primaryImageOfPage\":{\"@id\":\"https:\\\/\\\/bale.ch\\\/journal\\\/asphalte-ou-dentelle-2\\\/#primaryimage\"},\"image\":{\"@id\":\"https:\\\/\\\/bale.ch\\\/journal\\\/asphalte-ou-dentelle-2\\\/#primaryimage\"},\"thumbnailUrl\":\"https:\\\/\\\/bale.ch\\\/journal\\\/wp-content\\\/uploads\\\/2015\\\/10\\\/asphalte_big.png\",\"datePublished\":\"2015-10-26T18:13:24+00:00\",\"dateModified\":\"2015-10-27T21:47:49+00:00\",\"breadcrumb\":{\"@id\":\"https:\\\/\\\/bale.ch\\\/journal\\\/asphalte-ou-dentelle-2\\\/#breadcrumb\"},\"inLanguage\":\"fr-FR\",\"potentialAction\":[{\"@type\":\"ReadAction\",\"target\":[\"https:\\\/\\\/bale.ch\\\/journal\\\/asphalte-ou-dentelle-2\\\/\"]}]},{\"@type\":\"ImageObject\",\"inLanguage\":\"fr-FR\",\"@id\":\"https:\\\/\\\/bale.ch\\\/journal\\\/asphalte-ou-dentelle-2\\\/#primaryimage\",\"url\":\"https:\\\/\\\/bale.ch\\\/journal\\\/wp-content\\\/uploads\\\/2015\\\/10\\\/asphalte_big.png\",\"contentUrl\":\"https:\\\/\\\/bale.ch\\\/journal\\\/wp-content\\\/uploads\\\/2015\\\/10\\\/asphalte_big.png\",\"width\":1201,\"height\":852},{\"@type\":\"BreadcrumbList\",\"@id\":\"https:\\\/\\\/bale.ch\\\/journal\\\/asphalte-ou-dentelle-2\\\/#breadcrumb\",\"itemListElement\":[{\"@type\":\"ListItem\",\"position\":1,\"name\":\"Accueil\",\"item\":\"https:\\\/\\\/bale.ch\\\/journal\\\/\"},{\"@type\":\"ListItem\",\"position\":2,\"name\":\"\u00ab Asphalte \u00bb ou dentelle ? [Critique Cin\u00e9]\"}]},{\"@type\":\"WebSite\",\"@id\":\"https:\\\/\\\/bale.ch\\\/journal\\\/#website\",\"url\":\"https:\\\/\\\/bale.ch\\\/journal\\\/\",\"name\":\"Journal de B\u00e2le et Gen\u00e8ve\",\"description\":\"M\u00e9dia transfrontalier d&#039;actualit\u00e9s - News\",\"publisher\":{\"@id\":\"https:\\\/\\\/bale.ch\\\/journal\\\/#organization\"},\"potentialAction\":[{\"@type\":\"SearchAction\",\"target\":{\"@type\":\"EntryPoint\",\"urlTemplate\":\"https:\\\/\\\/bale.ch\\\/journal\\\/?s={search_term_string}\"},\"query-input\":{\"@type\":\"PropertyValueSpecification\",\"valueRequired\":true,\"valueName\":\"search_term_string\"}}],\"inLanguage\":\"fr-FR\"},{\"@type\":\"Organization\",\"@id\":\"https:\\\/\\\/bale.ch\\\/journal\\\/#organization\",\"name\":\"Journal de B\u00e2le et Gen\u00e8ve\",\"url\":\"https:\\\/\\\/bale.ch\\\/journal\\\/\",\"logo\":{\"@type\":\"ImageObject\",\"inLanguage\":\"fr-FR\",\"@id\":\"https:\\\/\\\/bale.ch\\\/journal\\\/#\\\/schema\\\/logo\\\/image\\\/\",\"url\":\"https:\\\/\\\/bale.ch\\\/journal\\\/wp-content\\\/uploads\\\/2023\\\/07\\\/journaldebale_logo_2023_nb.png\",\"contentUrl\":\"https:\\\/\\\/bale.ch\\\/journal\\\/wp-content\\\/uploads\\\/2023\\\/07\\\/journaldebale_logo_2023_nb.png\",\"width\":371,\"height\":127,\"caption\":\"Journal de B\u00e2le et Gen\u00e8ve\"},\"image\":{\"@id\":\"https:\\\/\\\/bale.ch\\\/journal\\\/#\\\/schema\\\/logo\\\/image\\\/\"}},{\"@type\":\"Person\",\"@id\":\"https:\\\/\\\/bale.ch\\\/journal\\\/#\\\/schema\\\/person\\\/c9c2f300463adf9091a28673ecb80750\",\"name\":\"Natacha de Santignac\",\"image\":{\"@type\":\"ImageObject\",\"inLanguage\":\"fr-FR\",\"@id\":\"https:\\\/\\\/secure.gravatar.com\\\/avatar\\\/bf2e26e0c999fa3e29ea55d852a513d13a609e3bf13537baf6fcc8306b6a0cdf?s=96&d=mm&r=g\",\"url\":\"https:\\\/\\\/secure.gravatar.com\\\/avatar\\\/bf2e26e0c999fa3e29ea55d852a513d13a609e3bf13537baf6fcc8306b6a0cdf?s=96&d=mm&r=g\",\"contentUrl\":\"https:\\\/\\\/secure.gravatar.com\\\/avatar\\\/bf2e26e0c999fa3e29ea55d852a513d13a609e3bf13537baf6fcc8306b6a0cdf?s=96&d=mm&r=g\",\"caption\":\"Natacha de Santignac\"},\"description\":\"kaleidoscopes.ch\",\"sameAs\":[\"http:\\\/\\\/kaleidoscopes.ch\"],\"url\":\"https:\\\/\\\/bale.ch\\\/journal\\\/author\\\/nds\\\/\"}]}<\/script>\n<!-- \/ Yoast SEO plugin. -->","yoast_head_json":{"title":"\u00ab Asphalte \u00bb ou dentelle ? [Critique Cin\u00e9] - Journal de B\u00e2le et Gen\u00e8ve","robots":{"index":"index","follow":"follow","max-snippet":"max-snippet:-1","max-image-preview":"max-image-preview:large","max-video-preview":"max-video-preview:-1"},"canonical":"https:\/\/bale.ch\/journal\/asphalte-ou-dentelle-2\/","og_locale":"fr_FR","og_type":"article","og_title":"\u00ab Asphalte \u00bb ou dentelle ? [Critique Cin\u00e9] - Journal de B\u00e2le et Gen\u00e8ve","og_description":"Dans son dernier film \u00ab Asphalte \u00bb, Samuel Benchetrit d\u00e9ploie un accord\u00e9on de rencontres improbables tout en dentelle et en finesse.","og_url":"https:\/\/bale.ch\/journal\/asphalte-ou-dentelle-2\/","og_site_name":"Journal de B\u00e2le et Gen\u00e8ve","article_published_time":"2015-10-26T18:13:24+00:00","article_modified_time":"2015-10-27T21:47:49+00:00","og_image":[{"width":1024,"height":726,"url":"https:\/\/bale.ch\/journal\/wp-content\/uploads\/2015\/10\/asphalte_big-1024x726.png","type":"image\/png"}],"author":"Natacha de Santignac","twitter_card":"summary_large_image","twitter_misc":{"\u00c9crit par":"Natacha de Santignac","Dur\u00e9e de lecture estim\u00e9e":"1 minute"},"schema":{"@context":"https:\/\/schema.org","@graph":[{"@type":"Article","@id":"https:\/\/bale.ch\/journal\/asphalte-ou-dentelle-2\/#article","isPartOf":{"@id":"https:\/\/bale.ch\/journal\/asphalte-ou-dentelle-2\/"},"author":{"name":"Natacha de Santignac","@id":"https:\/\/bale.ch\/journal\/#\/schema\/person\/c9c2f300463adf9091a28673ecb80750"},"headline":"\u00ab Asphalte \u00bb ou dentelle ? [Critique Cin\u00e9]","datePublished":"2015-10-26T18:13:24+00:00","dateModified":"2015-10-27T21:47:49+00:00","mainEntityOfPage":{"@id":"https:\/\/bale.ch\/journal\/asphalte-ou-dentelle-2\/"},"wordCount":256,"publisher":{"@id":"https:\/\/bale.ch\/journal\/#organization"},"image":{"@id":"https:\/\/bale.ch\/journal\/asphalte-ou-dentelle-2\/#primaryimage"},"thumbnailUrl":"https:\/\/bale.ch\/journal\/wp-content\/uploads\/2015\/10\/asphalte_big.png","keywords":["Cin\u00e9ma","Critique"],"articleSection":["Culture","Sortir"],"inLanguage":"fr-FR"},{"@type":"WebPage","@id":"https:\/\/bale.ch\/journal\/asphalte-ou-dentelle-2\/","url":"https:\/\/bale.ch\/journal\/asphalte-ou-dentelle-2\/","name":"\u00ab Asphalte \u00bb ou dentelle ? [Critique Cin\u00e9] - Journal de B\u00e2le et Gen\u00e8ve","isPartOf":{"@id":"https:\/\/bale.ch\/journal\/#website"},"primaryImageOfPage":{"@id":"https:\/\/bale.ch\/journal\/asphalte-ou-dentelle-2\/#primaryimage"},"image":{"@id":"https:\/\/bale.ch\/journal\/asphalte-ou-dentelle-2\/#primaryimage"},"thumbnailUrl":"https:\/\/bale.ch\/journal\/wp-content\/uploads\/2015\/10\/asphalte_big.png","datePublished":"2015-10-26T18:13:24+00:00","dateModified":"2015-10-27T21:47:49+00:00","breadcrumb":{"@id":"https:\/\/bale.ch\/journal\/asphalte-ou-dentelle-2\/#breadcrumb"},"inLanguage":"fr-FR","potentialAction":[{"@type":"ReadAction","target":["https:\/\/bale.ch\/journal\/asphalte-ou-dentelle-2\/"]}]},{"@type":"ImageObject","inLanguage":"fr-FR","@id":"https:\/\/bale.ch\/journal\/asphalte-ou-dentelle-2\/#primaryimage","url":"https:\/\/bale.ch\/journal\/wp-content\/uploads\/2015\/10\/asphalte_big.png","contentUrl":"https:\/\/bale.ch\/journal\/wp-content\/uploads\/2015\/10\/asphalte_big.png","width":1201,"height":852},{"@type":"BreadcrumbList","@id":"https:\/\/bale.ch\/journal\/asphalte-ou-dentelle-2\/#breadcrumb","itemListElement":[{"@type":"ListItem","position":1,"name":"Accueil","item":"https:\/\/bale.ch\/journal\/"},{"@type":"ListItem","position":2,"name":"\u00ab Asphalte \u00bb ou dentelle ? [Critique Cin\u00e9]"}]},{"@type":"WebSite","@id":"https:\/\/bale.ch\/journal\/#website","url":"https:\/\/bale.ch\/journal\/","name":"Journal de B\u00e2le et Gen\u00e8ve","description":"M\u00e9dia transfrontalier d&#039;actualit\u00e9s - News","publisher":{"@id":"https:\/\/bale.ch\/journal\/#organization"},"potentialAction":[{"@type":"SearchAction","target":{"@type":"EntryPoint","urlTemplate":"https:\/\/bale.ch\/journal\/?s={search_term_string}"},"query-input":{"@type":"PropertyValueSpecification","valueRequired":true,"valueName":"search_term_string"}}],"inLanguage":"fr-FR"},{"@type":"Organization","@id":"https:\/\/bale.ch\/journal\/#organization","name":"Journal de B\u00e2le et Gen\u00e8ve","url":"https:\/\/bale.ch\/journal\/","logo":{"@type":"ImageObject","inLanguage":"fr-FR","@id":"https:\/\/bale.ch\/journal\/#\/schema\/logo\/image\/","url":"https:\/\/bale.ch\/journal\/wp-content\/uploads\/2023\/07\/journaldebale_logo_2023_nb.png","contentUrl":"https:\/\/bale.ch\/journal\/wp-content\/uploads\/2023\/07\/journaldebale_logo_2023_nb.png","width":371,"height":127,"caption":"Journal de B\u00e2le et Gen\u00e8ve"},"image":{"@id":"https:\/\/bale.ch\/journal\/#\/schema\/logo\/image\/"}},{"@type":"Person","@id":"https:\/\/bale.ch\/journal\/#\/schema\/person\/c9c2f300463adf9091a28673ecb80750","name":"Natacha de Santignac","image":{"@type":"ImageObject","inLanguage":"fr-FR","@id":"https:\/\/secure.gravatar.com\/avatar\/bf2e26e0c999fa3e29ea55d852a513d13a609e3bf13537baf6fcc8306b6a0cdf?s=96&d=mm&r=g","url":"https:\/\/secure.gravatar.com\/avatar\/bf2e26e0c999fa3e29ea55d852a513d13a609e3bf13537baf6fcc8306b6a0cdf?s=96&d=mm&r=g","contentUrl":"https:\/\/secure.gravatar.com\/avatar\/bf2e26e0c999fa3e29ea55d852a513d13a609e3bf13537baf6fcc8306b6a0cdf?s=96&d=mm&r=g","caption":"Natacha de Santignac"},"description":"kaleidoscopes.ch","sameAs":["http:\/\/kaleidoscopes.ch"],"url":"https:\/\/bale.ch\/journal\/author\/nds\/"}]}},"_links":{"self":[{"href":"https:\/\/bale.ch\/journal\/wp-json\/wp\/v2\/posts\/57","targetHints":{"allow":["GET"]}}],"collection":[{"href":"https:\/\/bale.ch\/journal\/wp-json\/wp\/v2\/posts"}],"about":[{"href":"https:\/\/bale.ch\/journal\/wp-json\/wp\/v2\/types\/post"}],"author":[{"embeddable":true,"href":"https:\/\/bale.ch\/journal\/wp-json\/wp\/v2\/users\/5"}],"replies":[{"embeddable":true,"href":"https:\/\/bale.ch\/journal\/wp-json\/wp\/v2\/comments?post=57"}],"version-history":[{"count":4,"href":"https:\/\/bale.ch\/journal\/wp-json\/wp\/v2\/posts\/57\/revisions"}],"predecessor-version":[{"id":208,"href":"https:\/\/bale.ch\/journal\/wp-json\/wp\/v2\/posts\/57\/revisions\/208"}],"wp:featuredmedia":[{"embeddable":true,"href":"https:\/\/bale.ch\/journal\/wp-json\/wp\/v2\/media\/80"}],"wp:attachment":[{"href":"https:\/\/bale.ch\/journal\/wp-json\/wp\/v2\/media?parent=57"}],"wp:term":[{"taxonomy":"category","embeddable":true,"href":"https:\/\/bale.ch\/journal\/wp-json\/wp\/v2\/categories?post=57"},{"taxonomy":"post_tag","embeddable":true,"href":"https:\/\/bale.ch\/journal\/wp-json\/wp\/v2\/tags?post=57"}],"curies":[{"name":"wp","href":"https:\/\/api.w.org\/{rel}","templated":true}]}}