{"id":60,"date":"2015-10-12T18:43:06","date_gmt":"2015-10-12T18:43:06","guid":{"rendered":"http:\/\/bale.ch\/journal\/?p=60"},"modified":"2016-07-22T09:24:11","modified_gmt":"2016-07-22T09:24:11","slug":"reouverture-kunstmuseum-bale","status":"publish","type":"post","link":"https:\/\/bale.ch\/journal\/reouverture-kunstmuseum-bale\/","title":{"rendered":"Le Kunstmuseum de B\u00e2le rouvrira le 19 avril 2016"},"content":{"rendered":"<figure id=\"attachment_66\" aria-describedby=\"caption-attachment-66\" style=\"width: 900px\" class=\"wp-caption alignnone\"><a href=\"https:\/\/bale.ch\/journal\/wp-content\/uploads\/2015\/10\/nouveau_kunstmuseum_bale.jpg\"><img loading=\"lazy\" decoding=\"async\" class=\"size-full wp-image-66\" src=\"https:\/\/bale.ch\/journal\/wp-content\/uploads\/2015\/10\/nouveau_kunstmuseum_bale.jpg\" alt=\"Agence Christ &amp; Gantenbein\" width=\"900\" height=\"637\" srcset=\"https:\/\/bale.ch\/journal\/wp-content\/uploads\/2015\/10\/nouveau_kunstmuseum_bale.jpg 900w, https:\/\/bale.ch\/journal\/wp-content\/uploads\/2015\/10\/nouveau_kunstmuseum_bale-300x212.jpg 300w\" sizes=\"auto, (max-width: 900px) 100vw, 900px\" \/><\/a><figcaption id=\"caption-attachment-66\" class=\"wp-caption-text\">Agence Christ &amp; Gantenbein<\/figcaption><\/figure>\n<p class=\"western\"><strong><\/p>\n<p>Apr\u00e8s une ann\u00e9e de fermeture pour r\u00e9novation, le <a href=\"http:\/\/www.kunstmuseumbasel.ch\/fr\/home\/\" target=\"_blank\"><span style=\"text-decoration: underline;\">Kunstmuseum<\/span><\/a> de B\u00e2le annonce qu&rsquo;il rouvrira ses portes le 19 avril 2016 dans deux batiments, l&rsquo;ancien,partiellement assaini, et le nouveau, imagin\u00e9 par Emanuel Christ et Christoph Gantebei, et dont les travaux avancent bien.<\/strong><!--more--><\/p>\n<p class=\"western\">La mauvaise nouvelle, pour l&rsquo;ancienne partie, c&rsquo;est que le chantier sera encore \u00e9tal\u00e9 sur 10 ans, par tranches, et les travaux devraient couter environ 100 millions de francs. C&rsquo;est en effet le prix \u00e0 payer pour que le batiment, inaugur\u00e9 en 1936, puisse offrir le m\u00eame niveau de s\u00e9curit\u00e9 et de confort que pr\u00e9c\u00e9demment.<\/p>\n<p class=\"western\"><strong>Une exposition inaugurale d\u00e9j\u00e0 programm\u00e9e<br \/>\n<\/strong><\/p><div id=\"crieu-1684678232\" class=\"crieu-content crieu-entity-placement\"><script async src=\"\/\/pagead2.googlesyndication.com\/pagead\/js\/adsbygoogle.js?client=ca-pub-5271584769416742\" crossorigin=\"anonymous\"><\/script><ins class=\"adsbygoogle\" style=\"display:block;\" data-ad-client=\"ca-pub-5271584769416742\" \ndata-ad-slot=\"9321250718\" \ndata-ad-format=\"auto\"><\/ins>\n<script> \n(adsbygoogle = window.adsbygoogle || []).push({}); \n<\/script>\n<\/div>\n<p class=\"western\">La premi\u00e8re exposition s&rsquo;intitule \u00abSculpture on the Move, 1946-2016\u00bb, avec pour objectif de montrer l&rsquo;\u00e9volution de la sculpture, de sa fonction classique de repr\u00e9sentation \u00e0 l&rsquo;abstraction, jusqu&rsquo;\u00e0 l&#8217;emprunt d&rsquo;objets du quotidien. Avec aujourd&rsquo;hui &#8211; la roue tourne! un retour \u00e0 une nouvelle figuration.<\/p>\n<p>L&rsquo;exposition durera du 19 avril au 18 septembre.<\/p>\n<p><em>Kunstmuseum, St. Alban-Graben 16, 4051 B\u00e2le<\/em><\/p>\n<div id=\"crieu-854420118\" class=\"crieu-apres-le-contenu crieu-entity-placement\" style=\"margin-left: auto;margin-right: auto;text-align: center;\"><script async src=\"\/\/pagead2.googlesyndication.com\/pagead\/js\/adsbygoogle.js?client=ca-pub-5271584769416742\" crossorigin=\"anonymous\"><\/script><ins class=\"adsbygoogle\" style=\"display:block;\" data-ad-client=\"ca-pub-5271584769416742\" \ndata-ad-slot=\"9321250718\" \ndata-ad-format=\"auto\"><\/ins>\n<script> \n(adsbygoogle = window.adsbygoogle || []).push({}); \n<\/script>\n<\/div>","protected":false},"excerpt":{"rendered":"<p>Apr\u00e8s une ann\u00e9e de fermeture pour r\u00e9novation, le Kunstmuseum de B\u00e2le annonce qu&rsquo;il rouvrira ses portes le 19 avril 2016 dans deux batiments, l&rsquo;ancien,partiellement assaini, et le nouveau, imagin\u00e9 par <a href=\"https:\/\/bale.ch\/journal\/reouverture-kunstmuseum-bale\/\" class=\"read-more button-fancy -red\"><span class=\"btn-arrow\"><\/span><span class=\"twp-read-more text\">Continuer la lecture<\/span><\/a><\/p>\n","protected":false},"author":3,"featured_media":66,"comment_status":"closed","ping_status":"closed","sticky":false,"template":"","format":"standard","meta":{"footnotes":""},"categories":[11,7],"tags":[25],"class_list":["post-60","post","type-post","status-publish","format-standard","has-post-thumbnail","hentry","category-art","category-bale","tag-kunstmuseum"],"yoast_head":"<!-- This site is optimized with the Yoast SEO plugin v28.3 - https:\/\/yoast.com\/product\/yoast-seo-wordpress\/ -->\n<title>Le Kunstmuseum de B\u00e2le rouvrira le 19 avril 2016 - Journal de B\u00e2le et Gen\u00e8ve<\/title>\n<meta name=\"robots\" content=\"index, follow, max-snippet:-1, max-image-preview:large, max-video-preview:-1\" \/>\n<link rel=\"canonical\" href=\"https:\/\/bale.ch\/journal\/reouverture-kunstmuseum-bale\/\" \/>\n<meta property=\"og:locale\" content=\"fr_FR\" \/>\n<meta property=\"og:type\" content=\"article\" \/>\n<meta property=\"og:title\" content=\"Le Kunstmuseum de B\u00e2le rouvrira le 19 avril 2016 - Journal de B\u00e2le et Gen\u00e8ve\" \/>\n<meta property=\"og:description\" content=\"Apr\u00e8s une ann\u00e9e de fermeture pour r\u00e9novation, le Kunstmuseum de B\u00e2le annonce qu&rsquo;il rouvrira ses portes le 19 avril 2016 dans deux batiments, l&rsquo;ancien,partiellement assaini, et le nouveau, imagin\u00e9 par Continuer la lecture\" \/>\n<meta property=\"og:url\" content=\"https:\/\/bale.ch\/journal\/reouverture-kunstmuseum-bale\/\" \/>\n<meta property=\"og:site_name\" content=\"Journal de B\u00e2le et Gen\u00e8ve\" \/>\n<meta property=\"article:published_time\" content=\"2015-10-12T18:43:06+00:00\" \/>\n<meta property=\"article:modified_time\" content=\"2016-07-22T09:24:11+00:00\" \/>\n<meta property=\"og:image\" content=\"https:\/\/bale.ch\/journal\/wp-content\/uploads\/2015\/10\/nouveau_kunstmuseum_bale.jpg\" \/>\n\t<meta property=\"og:image:width\" content=\"900\" \/>\n\t<meta property=\"og:image:height\" content=\"637\" \/>\n\t<meta property=\"og:image:type\" content=\"image\/jpeg\" \/>\n<meta name=\"author\" content=\"Alban Lavy\" \/>\n<meta name=\"twitter:card\" content=\"summary_large_image\" \/>\n<meta name=\"twitter:label1\" content=\"\u00c9crit par\" \/>\n\t<meta name=\"twitter:data1\" content=\"Alban Lavy\" \/>\n\t<meta name=\"twitter:label2\" content=\"Dur\u00e9e de lecture estim\u00e9e\" \/>\n\t<meta name=\"twitter:data2\" content=\"1 minute\" \/>\n<script type=\"application\/ld+json\" class=\"yoast-schema-graph\">{\"@context\":\"https:\\\/\\\/schema.org\",\"@graph\":[{\"@type\":\"Article\",\"@id\":\"https:\\\/\\\/bale.ch\\\/journal\\\/reouverture-kunstmuseum-bale\\\/#article\",\"isPartOf\":{\"@id\":\"https:\\\/\\\/bale.ch\\\/journal\\\/reouverture-kunstmuseum-bale\\\/\"},\"author\":{\"name\":\"Alban Lavy\",\"@id\":\"https:\\\/\\\/bale.ch\\\/journal\\\/#\\\/schema\\\/person\\\/41bc7f908af0ffea5e38b8c5702e5626\"},\"headline\":\"Le Kunstmuseum de B\u00e2le rouvrira le 19 avril 2016\",\"datePublished\":\"2015-10-12T18:43:06+00:00\",\"dateModified\":\"2016-07-22T09:24:11+00:00\",\"mainEntityOfPage\":{\"@id\":\"https:\\\/\\\/bale.ch\\\/journal\\\/reouverture-kunstmuseum-bale\\\/\"},\"wordCount\":190,\"publisher\":{\"@id\":\"https:\\\/\\\/bale.ch\\\/journal\\\/#organization\"},\"image\":{\"@id\":\"https:\\\/\\\/bale.ch\\\/journal\\\/reouverture-kunstmuseum-bale\\\/#primaryimage\"},\"thumbnailUrl\":\"https:\\\/\\\/bale.ch\\\/journal\\\/wp-content\\\/uploads\\\/2015\\\/10\\\/nouveau_kunstmuseum_bale.jpg\",\"keywords\":[\"kunstmuseum\"],\"articleSection\":[\"Art\",\"B\u00e2le Trinationale\"],\"inLanguage\":\"fr-FR\"},{\"@type\":\"WebPage\",\"@id\":\"https:\\\/\\\/bale.ch\\\/journal\\\/reouverture-kunstmuseum-bale\\\/\",\"url\":\"https:\\\/\\\/bale.ch\\\/journal\\\/reouverture-kunstmuseum-bale\\\/\",\"name\":\"Le Kunstmuseum de B\u00e2le rouvrira le 19 avril 2016 - Journal de B\u00e2le et Gen\u00e8ve\",\"isPartOf\":{\"@id\":\"https:\\\/\\\/bale.ch\\\/journal\\\/#website\"},\"primaryImageOfPage\":{\"@id\":\"https:\\\/\\\/bale.ch\\\/journal\\\/reouverture-kunstmuseum-bale\\\/#primaryimage\"},\"image\":{\"@id\":\"https:\\\/\\\/bale.ch\\\/journal\\\/reouverture-kunstmuseum-bale\\\/#primaryimage\"},\"thumbnailUrl\":\"https:\\\/\\\/bale.ch\\\/journal\\\/wp-content\\\/uploads\\\/2015\\\/10\\\/nouveau_kunstmuseum_bale.jpg\",\"datePublished\":\"2015-10-12T18:43:06+00:00\",\"dateModified\":\"2016-07-22T09:24:11+00:00\",\"breadcrumb\":{\"@id\":\"https:\\\/\\\/bale.ch\\\/journal\\\/reouverture-kunstmuseum-bale\\\/#breadcrumb\"},\"inLanguage\":\"fr-FR\",\"potentialAction\":[{\"@type\":\"ReadAction\",\"target\":[\"https:\\\/\\\/bale.ch\\\/journal\\\/reouverture-kunstmuseum-bale\\\/\"]}]},{\"@type\":\"ImageObject\",\"inLanguage\":\"fr-FR\",\"@id\":\"https:\\\/\\\/bale.ch\\\/journal\\\/reouverture-kunstmuseum-bale\\\/#primaryimage\",\"url\":\"https:\\\/\\\/bale.ch\\\/journal\\\/wp-content\\\/uploads\\\/2015\\\/10\\\/nouveau_kunstmuseum_bale.jpg\",\"contentUrl\":\"https:\\\/\\\/bale.ch\\\/journal\\\/wp-content\\\/uploads\\\/2015\\\/10\\\/nouveau_kunstmuseum_bale.jpg\",\"width\":900,\"height\":637,\"caption\":\"Agence Christ & Gantenbein\"},{\"@type\":\"BreadcrumbList\",\"@id\":\"https:\\\/\\\/bale.ch\\\/journal\\\/reouverture-kunstmuseum-bale\\\/#breadcrumb\",\"itemListElement\":[{\"@type\":\"ListItem\",\"position\":1,\"name\":\"Accueil\",\"item\":\"https:\\\/\\\/bale.ch\\\/journal\\\/\"},{\"@type\":\"ListItem\",\"position\":2,\"name\":\"Le Kunstmuseum de B\u00e2le rouvrira le 19 avril 2016\"}]},{\"@type\":\"WebSite\",\"@id\":\"https:\\\/\\\/bale.ch\\\/journal\\\/#website\",\"url\":\"https:\\\/\\\/bale.ch\\\/journal\\\/\",\"name\":\"Journal de B\u00e2le et Gen\u00e8ve\",\"description\":\"M\u00e9dia transfrontalier d&#039;actualit\u00e9s - News\",\"publisher\":{\"@id\":\"https:\\\/\\\/bale.ch\\\/journal\\\/#organization\"},\"potentialAction\":[{\"@type\":\"SearchAction\",\"target\":{\"@type\":\"EntryPoint\",\"urlTemplate\":\"https:\\\/\\\/bale.ch\\\/journal\\\/?s={search_term_string}\"},\"query-input\":{\"@type\":\"PropertyValueSpecification\",\"valueRequired\":true,\"valueName\":\"search_term_string\"}}],\"inLanguage\":\"fr-FR\"},{\"@type\":\"Organization\",\"@id\":\"https:\\\/\\\/bale.ch\\\/journal\\\/#organization\",\"name\":\"Journal de B\u00e2le et Gen\u00e8ve\",\"url\":\"https:\\\/\\\/bale.ch\\\/journal\\\/\",\"logo\":{\"@type\":\"ImageObject\",\"inLanguage\":\"fr-FR\",\"@id\":\"https:\\\/\\\/bale.ch\\\/journal\\\/#\\\/schema\\\/logo\\\/image\\\/\",\"url\":\"https:\\\/\\\/bale.ch\\\/journal\\\/wp-content\\\/uploads\\\/2023\\\/07\\\/journaldebale_logo_2023_nb.png\",\"contentUrl\":\"https:\\\/\\\/bale.ch\\\/journal\\\/wp-content\\\/uploads\\\/2023\\\/07\\\/journaldebale_logo_2023_nb.png\",\"width\":371,\"height\":127,\"caption\":\"Journal de B\u00e2le et Gen\u00e8ve\"},\"image\":{\"@id\":\"https:\\\/\\\/bale.ch\\\/journal\\\/#\\\/schema\\\/logo\\\/image\\\/\"}},{\"@type\":\"Person\",\"@id\":\"https:\\\/\\\/bale.ch\\\/journal\\\/#\\\/schema\\\/person\\\/41bc7f908af0ffea5e38b8c5702e5626\",\"name\":\"Alban Lavy\",\"image\":{\"@type\":\"ImageObject\",\"inLanguage\":\"fr-FR\",\"@id\":\"https:\\\/\\\/secure.gravatar.com\\\/avatar\\\/4978c5bb7295400e15bebf9881bc4db7866592bc59ffa2f62511214a10f68804?s=96&d=mm&r=g\",\"url\":\"https:\\\/\\\/secure.gravatar.com\\\/avatar\\\/4978c5bb7295400e15bebf9881bc4db7866592bc59ffa2f62511214a10f68804?s=96&d=mm&r=g\",\"contentUrl\":\"https:\\\/\\\/secure.gravatar.com\\\/avatar\\\/4978c5bb7295400e15bebf9881bc4db7866592bc59ffa2f62511214a10f68804?s=96&d=mm&r=g\",\"caption\":\"Alban Lavy\"},\"sameAs\":[\"http:\\\/\\\/bale.ch\\\/administration\\\/zeitung\\\/albanlavy\\\/\"],\"url\":\"https:\\\/\\\/bale.ch\\\/journal\\\/author\\\/lavy\\\/\"}]}<\/script>\n<!-- \/ Yoast SEO plugin. -->","yoast_head_json":{"title":"Le Kunstmuseum de B\u00e2le rouvrira le 19 avril 2016 - Journal de B\u00e2le et Gen\u00e8ve","robots":{"index":"index","follow":"follow","max-snippet":"max-snippet:-1","max-image-preview":"max-image-preview:large","max-video-preview":"max-video-preview:-1"},"canonical":"https:\/\/bale.ch\/journal\/reouverture-kunstmuseum-bale\/","og_locale":"fr_FR","og_type":"article","og_title":"Le Kunstmuseum de B\u00e2le rouvrira le 19 avril 2016 - Journal de B\u00e2le et Gen\u00e8ve","og_description":"Apr\u00e8s une ann\u00e9e de fermeture pour r\u00e9novation, le Kunstmuseum de B\u00e2le annonce qu&rsquo;il rouvrira ses portes le 19 avril 2016 dans deux batiments, l&rsquo;ancien,partiellement assaini, et le nouveau, imagin\u00e9 par Continuer la lecture","og_url":"https:\/\/bale.ch\/journal\/reouverture-kunstmuseum-bale\/","og_site_name":"Journal de B\u00e2le et Gen\u00e8ve","article_published_time":"2015-10-12T18:43:06+00:00","article_modified_time":"2016-07-22T09:24:11+00:00","og_image":[{"width":900,"height":637,"url":"https:\/\/bale.ch\/journal\/wp-content\/uploads\/2015\/10\/nouveau_kunstmuseum_bale.jpg","type":"image\/jpeg"}],"author":"Alban Lavy","twitter_card":"summary_large_image","twitter_misc":{"\u00c9crit par":"Alban Lavy","Dur\u00e9e de lecture estim\u00e9e":"1 minute"},"schema":{"@context":"https:\/\/schema.org","@graph":[{"@type":"Article","@id":"https:\/\/bale.ch\/journal\/reouverture-kunstmuseum-bale\/#article","isPartOf":{"@id":"https:\/\/bale.ch\/journal\/reouverture-kunstmuseum-bale\/"},"author":{"name":"Alban Lavy","@id":"https:\/\/bale.ch\/journal\/#\/schema\/person\/41bc7f908af0ffea5e38b8c5702e5626"},"headline":"Le Kunstmuseum de B\u00e2le rouvrira le 19 avril 2016","datePublished":"2015-10-12T18:43:06+00:00","dateModified":"2016-07-22T09:24:11+00:00","mainEntityOfPage":{"@id":"https:\/\/bale.ch\/journal\/reouverture-kunstmuseum-bale\/"},"wordCount":190,"publisher":{"@id":"https:\/\/bale.ch\/journal\/#organization"},"image":{"@id":"https:\/\/bale.ch\/journal\/reouverture-kunstmuseum-bale\/#primaryimage"},"thumbnailUrl":"https:\/\/bale.ch\/journal\/wp-content\/uploads\/2015\/10\/nouveau_kunstmuseum_bale.jpg","keywords":["kunstmuseum"],"articleSection":["Art","B\u00e2le Trinationale"],"inLanguage":"fr-FR"},{"@type":"WebPage","@id":"https:\/\/bale.ch\/journal\/reouverture-kunstmuseum-bale\/","url":"https:\/\/bale.ch\/journal\/reouverture-kunstmuseum-bale\/","name":"Le Kunstmuseum de B\u00e2le rouvrira le 19 avril 2016 - Journal de B\u00e2le et Gen\u00e8ve","isPartOf":{"@id":"https:\/\/bale.ch\/journal\/#website"},"primaryImageOfPage":{"@id":"https:\/\/bale.ch\/journal\/reouverture-kunstmuseum-bale\/#primaryimage"},"image":{"@id":"https:\/\/bale.ch\/journal\/reouverture-kunstmuseum-bale\/#primaryimage"},"thumbnailUrl":"https:\/\/bale.ch\/journal\/wp-content\/uploads\/2015\/10\/nouveau_kunstmuseum_bale.jpg","datePublished":"2015-10-12T18:43:06+00:00","dateModified":"2016-07-22T09:24:11+00:00","breadcrumb":{"@id":"https:\/\/bale.ch\/journal\/reouverture-kunstmuseum-bale\/#breadcrumb"},"inLanguage":"fr-FR","potentialAction":[{"@type":"ReadAction","target":["https:\/\/bale.ch\/journal\/reouverture-kunstmuseum-bale\/"]}]},{"@type":"ImageObject","inLanguage":"fr-FR","@id":"https:\/\/bale.ch\/journal\/reouverture-kunstmuseum-bale\/#primaryimage","url":"https:\/\/bale.ch\/journal\/wp-content\/uploads\/2015\/10\/nouveau_kunstmuseum_bale.jpg","contentUrl":"https:\/\/bale.ch\/journal\/wp-content\/uploads\/2015\/10\/nouveau_kunstmuseum_bale.jpg","width":900,"height":637,"caption":"Agence Christ & Gantenbein"},{"@type":"BreadcrumbList","@id":"https:\/\/bale.ch\/journal\/reouverture-kunstmuseum-bale\/#breadcrumb","itemListElement":[{"@type":"ListItem","position":1,"name":"Accueil","item":"https:\/\/bale.ch\/journal\/"},{"@type":"ListItem","position":2,"name":"Le Kunstmuseum de B\u00e2le rouvrira le 19 avril 2016"}]},{"@type":"WebSite","@id":"https:\/\/bale.ch\/journal\/#website","url":"https:\/\/bale.ch\/journal\/","name":"Journal de B\u00e2le et Gen\u00e8ve","description":"M\u00e9dia transfrontalier d&#039;actualit\u00e9s - News","publisher":{"@id":"https:\/\/bale.ch\/journal\/#organization"},"potentialAction":[{"@type":"SearchAction","target":{"@type":"EntryPoint","urlTemplate":"https:\/\/bale.ch\/journal\/?s={search_term_string}"},"query-input":{"@type":"PropertyValueSpecification","valueRequired":true,"valueName":"search_term_string"}}],"inLanguage":"fr-FR"},{"@type":"Organization","@id":"https:\/\/bale.ch\/journal\/#organization","name":"Journal de B\u00e2le et Gen\u00e8ve","url":"https:\/\/bale.ch\/journal\/","logo":{"@type":"ImageObject","inLanguage":"fr-FR","@id":"https:\/\/bale.ch\/journal\/#\/schema\/logo\/image\/","url":"https:\/\/bale.ch\/journal\/wp-content\/uploads\/2023\/07\/journaldebale_logo_2023_nb.png","contentUrl":"https:\/\/bale.ch\/journal\/wp-content\/uploads\/2023\/07\/journaldebale_logo_2023_nb.png","width":371,"height":127,"caption":"Journal de B\u00e2le et Gen\u00e8ve"},"image":{"@id":"https:\/\/bale.ch\/journal\/#\/schema\/logo\/image\/"}},{"@type":"Person","@id":"https:\/\/bale.ch\/journal\/#\/schema\/person\/41bc7f908af0ffea5e38b8c5702e5626","name":"Alban Lavy","image":{"@type":"ImageObject","inLanguage":"fr-FR","@id":"https:\/\/secure.gravatar.com\/avatar\/4978c5bb7295400e15bebf9881bc4db7866592bc59ffa2f62511214a10f68804?s=96&d=mm&r=g","url":"https:\/\/secure.gravatar.com\/avatar\/4978c5bb7295400e15bebf9881bc4db7866592bc59ffa2f62511214a10f68804?s=96&d=mm&r=g","contentUrl":"https:\/\/secure.gravatar.com\/avatar\/4978c5bb7295400e15bebf9881bc4db7866592bc59ffa2f62511214a10f68804?s=96&d=mm&r=g","caption":"Alban Lavy"},"sameAs":["http:\/\/bale.ch\/administration\/zeitung\/albanlavy\/"],"url":"https:\/\/bale.ch\/journal\/author\/lavy\/"}]}},"_links":{"self":[{"href":"https:\/\/bale.ch\/journal\/wp-json\/wp\/v2\/posts\/60","targetHints":{"allow":["GET"]}}],"collection":[{"href":"https:\/\/bale.ch\/journal\/wp-json\/wp\/v2\/posts"}],"about":[{"href":"https:\/\/bale.ch\/journal\/wp-json\/wp\/v2\/types\/post"}],"author":[{"embeddable":true,"href":"https:\/\/bale.ch\/journal\/wp-json\/wp\/v2\/users\/3"}],"replies":[{"embeddable":true,"href":"https:\/\/bale.ch\/journal\/wp-json\/wp\/v2\/comments?post=60"}],"version-history":[{"count":4,"href":"https:\/\/bale.ch\/journal\/wp-json\/wp\/v2\/posts\/60\/revisions"}],"predecessor-version":[{"id":635,"href":"https:\/\/bale.ch\/journal\/wp-json\/wp\/v2\/posts\/60\/revisions\/635"}],"wp:featuredmedia":[{"embeddable":true,"href":"https:\/\/bale.ch\/journal\/wp-json\/wp\/v2\/media\/66"}],"wp:attachment":[{"href":"https:\/\/bale.ch\/journal\/wp-json\/wp\/v2\/media?parent=60"}],"wp:term":[{"taxonomy":"category","embeddable":true,"href":"https:\/\/bale.ch\/journal\/wp-json\/wp\/v2\/categories?post=60"},{"taxonomy":"post_tag","embeddable":true,"href":"https:\/\/bale.ch\/journal\/wp-json\/wp\/v2\/tags?post=60"}],"curies":[{"name":"wp","href":"https:\/\/api.w.org\/{rel}","templated":true}]}}