{"id":617,"date":"2016-07-22T06:49:46","date_gmt":"2016-07-22T06:49:46","guid":{"rendered":"http:\/\/bale.ch\/journal\/?p=617"},"modified":"2016-07-22T10:06:30","modified_gmt":"2016-07-22T10:06:30","slug":"concours-photo-grand-geneve","status":"publish","type":"post","link":"https:\/\/bale.ch\/journal\/concours-photo-grand-geneve\/","title":{"rendered":"Concours photo: des selfies pour r\u00e9v\u00e9ler le Grand Gen\u00e8ve"},"content":{"rendered":"<p><a href=\"https:\/\/bale.ch\/journal\/wp-content\/uploads\/2016\/07\/affiche_gg_concours.jpg\"><img loading=\"lazy\" decoding=\"async\" class=\"alignnone wp-image-618 size-full\" src=\"https:\/\/bale.ch\/journal\/wp-content\/uploads\/2016\/07\/affiche_gg_concours-e1469171624209.jpg\" alt=\"affiche_gg_concours\" width=\"3608\" height=\"3286\" srcset=\"https:\/\/bale.ch\/journal\/wp-content\/uploads\/2016\/07\/affiche_gg_concours-e1469171624209.jpg 3608w, https:\/\/bale.ch\/journal\/wp-content\/uploads\/2016\/07\/affiche_gg_concours-e1469171624209-300x273.jpg 300w, https:\/\/bale.ch\/journal\/wp-content\/uploads\/2016\/07\/affiche_gg_concours-e1469171624209-768x699.jpg 768w, https:\/\/bale.ch\/journal\/wp-content\/uploads\/2016\/07\/affiche_gg_concours-e1469171624209-1024x933.jpg 1024w\" sizes=\"auto, (max-width: 3608px) 100vw, 3608px\" \/><\/a><\/p>\n<p>Accessible aussi bien aux photographes professionnel-le-s qu&rsquo;aux photographes amateurs et amatrices, le concours photo \u00ab\u00a0Le Grand Gen\u00e8ve, regards d&rsquo;habitants\u00a0\u00bb est ouvert jusqu&rsquo;au 31 ao\u00fbt 2016. Le Grand Gen\u00e8ve est\u00a0un bassin de vie transfrontalier en plein essor de pr\u00e8s d&rsquo;un million d&rsquo;habitants r\u00e9partis entre Gex,\u00a0Annemasse, Meyrin, Nyon, Bonneville, Thonon-les-Bains et la ville de Gen\u00e8ve.<!--more--><\/p>\n<p class=\"bodytext\">Pour participer \u00e0 cette exposition, rendez-vous sur le\u00a0<a class=\"externalLink\" href=\"http:\/\/www.arcdugenevois.fr\/actualites\/une-exposition-photographique-avec-les-habitants-du-grand-geneve-0\" target=\"_top\">site web de l&rsquo;ARC du Genevois<\/a> jusqu&rsquo;au 31 ao\u00fbt 2016. L&rsquo;appel \u00e0 candidature est lanc\u00e9 et destin\u00e9 aux\u00a0<strong>photographes (professionnel-l-es, amateurs et amatrices)<\/strong> de Suisse ou de France m\u00e9tropolitaine.<\/p>\n<h3>Une exposition itin\u00e9rante<\/h3>\n<p class=\"bodytext\">De ce concours r\u00e9sultera une exposition d&rsquo;une quarantaine de clich\u00e9s, qui durera durant un an, <strong>de d\u00e9cembre 2016 \u00e0 d\u00e9cembre 2017<\/strong>. Elle sera gratuite et accessible \u00e0 tous et toutes.<\/p><div id=\"crieu-4282058034\" class=\"crieu-content crieu-entity-placement\"><script async src=\"\/\/pagead2.googlesyndication.com\/pagead\/js\/adsbygoogle.js?client=ca-pub-5271584769416742\" crossorigin=\"anonymous\"><\/script><ins class=\"adsbygoogle\" style=\"display:block;\" data-ad-client=\"ca-pub-5271584769416742\" \ndata-ad-slot=\"9321250718\" \ndata-ad-format=\"auto\"><\/ins>\n<script> \n(adsbygoogle = window.adsbygoogle || []).push({}); \n<\/script>\n<\/div>\n<p class=\"bodytext\">Plusieurs <strong>temps forts<\/strong> (inauguration, temps d\u2019\u00e9changes avec les photographes, concerts, etc.) viendront l\u2019agr\u00e9menter.\u00a0Un<strong> prix du jury<\/strong> sera \u00e9galement remis.<\/p>\n<p class=\"bodytext\">A travers ce concours, l\u2019ARC Syndicat mixte, aux c\u00f4t\u00e9s de l\u2019Association des communes genevoises et avec le soutien de la Ville de Gen\u00e8ve, veut donner <strong>la \u00abparole\u00bb aux habitant-e-s<\/strong>, qui r\u00e9v\u00e9leront le territoire du Grand Gen\u00e8ve, dans sa diversit\u00e9 et dans la r\u00e9alit\u00e9 de leur vie quotidienne.<\/p>\n<div id=\"crieu-3943482536\" class=\"crieu-apres-le-contenu crieu-entity-placement\" style=\"margin-left: auto;margin-right: auto;text-align: center;\"><script async src=\"\/\/pagead2.googlesyndication.com\/pagead\/js\/adsbygoogle.js?client=ca-pub-5271584769416742\" crossorigin=\"anonymous\"><\/script><ins class=\"adsbygoogle\" style=\"display:block;\" data-ad-client=\"ca-pub-5271584769416742\" \ndata-ad-slot=\"9321250718\" \ndata-ad-format=\"auto\"><\/ins>\n<script> \n(adsbygoogle = window.adsbygoogle || []).push({}); \n<\/script>\n<\/div>","protected":false},"excerpt":{"rendered":"<p>Accessible aussi bien aux photographes professionnel-le-s qu&rsquo;aux photographes amateurs et amatrices, le concours photo \u00ab\u00a0Le Grand Gen\u00e8ve, regards d&rsquo;habitants\u00a0\u00bb est ouvert jusqu&rsquo;au 31 ao\u00fbt 2016. Le Grand Gen\u00e8ve est\u00a0un bassin <a href=\"https:\/\/bale.ch\/journal\/concours-photo-grand-geneve\/\" class=\"read-more button-fancy -red\"><span class=\"btn-arrow\"><\/span><span class=\"twp-read-more text\">Continuer la lecture<\/span><\/a><\/p>\n","protected":false},"author":2,"featured_media":618,"comment_status":"closed","ping_status":"closed","sticky":false,"template":"","format":"standard","meta":{"footnotes":""},"categories":[4],"tags":[59,49],"class_list":["post-617","post","type-post","status-publish","format-standard","has-post-thumbnail","hentry","category-grand-geneve","tag-grand-geneve","tag-photographie"],"yoast_head":"<!-- This site is optimized with the Yoast SEO plugin v28.3 - https:\/\/yoast.com\/product\/yoast-seo-wordpress\/ -->\n<title>Concours photo: des selfies pour r\u00e9v\u00e9ler le Grand Gen\u00e8ve - Journal de B\u00e2le et Gen\u00e8ve<\/title>\n<meta name=\"robots\" content=\"index, follow, max-snippet:-1, max-image-preview:large, max-video-preview:-1\" \/>\n<link rel=\"canonical\" href=\"https:\/\/bale.ch\/journal\/concours-photo-grand-geneve\/\" \/>\n<meta property=\"og:locale\" content=\"fr_FR\" \/>\n<meta property=\"og:type\" content=\"article\" \/>\n<meta property=\"og:title\" content=\"Concours photo: des selfies pour r\u00e9v\u00e9ler le Grand Gen\u00e8ve - Journal de B\u00e2le et Gen\u00e8ve\" \/>\n<meta property=\"og:description\" content=\"Accessible aussi bien aux photographes professionnel-le-s qu&rsquo;aux photographes amateurs et amatrices, le concours photo \u00ab\u00a0Le Grand Gen\u00e8ve, regards d&rsquo;habitants\u00a0\u00bb est ouvert jusqu&rsquo;au 31 ao\u00fbt 2016. Le Grand Gen\u00e8ve est\u00a0un bassin Continuer la lecture\" \/>\n<meta property=\"og:url\" content=\"https:\/\/bale.ch\/journal\/concours-photo-grand-geneve\/\" \/>\n<meta property=\"og:site_name\" content=\"Journal de B\u00e2le et Gen\u00e8ve\" \/>\n<meta property=\"article:published_time\" content=\"2016-07-22T06:49:46+00:00\" \/>\n<meta property=\"article:modified_time\" content=\"2016-07-22T10:06:30+00:00\" \/>\n<meta property=\"og:image\" content=\"https:\/\/bale.ch\/journal\/wp-content\/uploads\/2016\/07\/affiche_gg_concours-e1469171624209.jpg\" \/>\n\t<meta property=\"og:image:width\" content=\"3608\" \/>\n\t<meta property=\"og:image:height\" content=\"3286\" \/>\n\t<meta property=\"og:image:type\" content=\"image\/jpeg\" \/>\n<meta name=\"author\" content=\"La R\u00e9daction\" \/>\n<meta name=\"twitter:card\" content=\"summary_large_image\" \/>\n<meta name=\"twitter:label1\" content=\"\u00c9crit par\" \/>\n\t<meta name=\"twitter:data1\" content=\"La R\u00e9daction\" \/>\n\t<meta name=\"twitter:label2\" content=\"Dur\u00e9e de lecture estim\u00e9e\" \/>\n\t<meta name=\"twitter:data2\" content=\"1 minute\" \/>\n<script type=\"application\/ld+json\" class=\"yoast-schema-graph\">{\"@context\":\"https:\\\/\\\/schema.org\",\"@graph\":[{\"@type\":\"Article\",\"@id\":\"https:\\\/\\\/bale.ch\\\/journal\\\/concours-photo-grand-geneve\\\/#article\",\"isPartOf\":{\"@id\":\"https:\\\/\\\/bale.ch\\\/journal\\\/concours-photo-grand-geneve\\\/\"},\"author\":{\"name\":\"La R\u00e9daction\",\"@id\":\"https:\\\/\\\/bale.ch\\\/journal\\\/#\\\/schema\\\/person\\\/03ced978db3b7a5274c5cef003f352f5\"},\"headline\":\"Concours photo: des selfies pour r\u00e9v\u00e9ler le Grand Gen\u00e8ve\",\"datePublished\":\"2016-07-22T06:49:46+00:00\",\"dateModified\":\"2016-07-22T10:06:30+00:00\",\"mainEntityOfPage\":{\"@id\":\"https:\\\/\\\/bale.ch\\\/journal\\\/concours-photo-grand-geneve\\\/\"},\"wordCount\":228,\"publisher\":{\"@id\":\"https:\\\/\\\/bale.ch\\\/journal\\\/#organization\"},\"image\":{\"@id\":\"https:\\\/\\\/bale.ch\\\/journal\\\/concours-photo-grand-geneve\\\/#primaryimage\"},\"thumbnailUrl\":\"https:\\\/\\\/bale.ch\\\/journal\\\/wp-content\\\/uploads\\\/2016\\\/07\\\/affiche_gg_concours-e1469171624209.jpg\",\"keywords\":[\"Grand Gen\u00e8ve\",\"Photographie\"],\"articleSection\":[\"Grand Gen\u00e8ve\"],\"inLanguage\":\"fr-FR\"},{\"@type\":\"WebPage\",\"@id\":\"https:\\\/\\\/bale.ch\\\/journal\\\/concours-photo-grand-geneve\\\/\",\"url\":\"https:\\\/\\\/bale.ch\\\/journal\\\/concours-photo-grand-geneve\\\/\",\"name\":\"Concours photo: des selfies pour r\u00e9v\u00e9ler le Grand Gen\u00e8ve - Journal de B\u00e2le et Gen\u00e8ve\",\"isPartOf\":{\"@id\":\"https:\\\/\\\/bale.ch\\\/journal\\\/#website\"},\"primaryImageOfPage\":{\"@id\":\"https:\\\/\\\/bale.ch\\\/journal\\\/concours-photo-grand-geneve\\\/#primaryimage\"},\"image\":{\"@id\":\"https:\\\/\\\/bale.ch\\\/journal\\\/concours-photo-grand-geneve\\\/#primaryimage\"},\"thumbnailUrl\":\"https:\\\/\\\/bale.ch\\\/journal\\\/wp-content\\\/uploads\\\/2016\\\/07\\\/affiche_gg_concours-e1469171624209.jpg\",\"datePublished\":\"2016-07-22T06:49:46+00:00\",\"dateModified\":\"2016-07-22T10:06:30+00:00\",\"breadcrumb\":{\"@id\":\"https:\\\/\\\/bale.ch\\\/journal\\\/concours-photo-grand-geneve\\\/#breadcrumb\"},\"inLanguage\":\"fr-FR\",\"potentialAction\":[{\"@type\":\"ReadAction\",\"target\":[\"https:\\\/\\\/bale.ch\\\/journal\\\/concours-photo-grand-geneve\\\/\"]}]},{\"@type\":\"ImageObject\",\"inLanguage\":\"fr-FR\",\"@id\":\"https:\\\/\\\/bale.ch\\\/journal\\\/concours-photo-grand-geneve\\\/#primaryimage\",\"url\":\"https:\\\/\\\/bale.ch\\\/journal\\\/wp-content\\\/uploads\\\/2016\\\/07\\\/affiche_gg_concours-e1469171624209.jpg\",\"contentUrl\":\"https:\\\/\\\/bale.ch\\\/journal\\\/wp-content\\\/uploads\\\/2016\\\/07\\\/affiche_gg_concours-e1469171624209.jpg\",\"width\":3608,\"height\":3286},{\"@type\":\"BreadcrumbList\",\"@id\":\"https:\\\/\\\/bale.ch\\\/journal\\\/concours-photo-grand-geneve\\\/#breadcrumb\",\"itemListElement\":[{\"@type\":\"ListItem\",\"position\":1,\"name\":\"Accueil\",\"item\":\"https:\\\/\\\/bale.ch\\\/journal\\\/\"},{\"@type\":\"ListItem\",\"position\":2,\"name\":\"Concours photo: des selfies pour r\u00e9v\u00e9ler le Grand Gen\u00e8ve\"}]},{\"@type\":\"WebSite\",\"@id\":\"https:\\\/\\\/bale.ch\\\/journal\\\/#website\",\"url\":\"https:\\\/\\\/bale.ch\\\/journal\\\/\",\"name\":\"Journal de B\u00e2le et Gen\u00e8ve\",\"description\":\"M\u00e9dia transfrontalier d&#039;actualit\u00e9s - News\",\"publisher\":{\"@id\":\"https:\\\/\\\/bale.ch\\\/journal\\\/#organization\"},\"potentialAction\":[{\"@type\":\"SearchAction\",\"target\":{\"@type\":\"EntryPoint\",\"urlTemplate\":\"https:\\\/\\\/bale.ch\\\/journal\\\/?s={search_term_string}\"},\"query-input\":{\"@type\":\"PropertyValueSpecification\",\"valueRequired\":true,\"valueName\":\"search_term_string\"}}],\"inLanguage\":\"fr-FR\"},{\"@type\":\"Organization\",\"@id\":\"https:\\\/\\\/bale.ch\\\/journal\\\/#organization\",\"name\":\"Journal de B\u00e2le et Gen\u00e8ve\",\"url\":\"https:\\\/\\\/bale.ch\\\/journal\\\/\",\"logo\":{\"@type\":\"ImageObject\",\"inLanguage\":\"fr-FR\",\"@id\":\"https:\\\/\\\/bale.ch\\\/journal\\\/#\\\/schema\\\/logo\\\/image\\\/\",\"url\":\"https:\\\/\\\/bale.ch\\\/journal\\\/wp-content\\\/uploads\\\/2023\\\/07\\\/journaldebale_logo_2023_nb.png\",\"contentUrl\":\"https:\\\/\\\/bale.ch\\\/journal\\\/wp-content\\\/uploads\\\/2023\\\/07\\\/journaldebale_logo_2023_nb.png\",\"width\":371,\"height\":127,\"caption\":\"Journal de B\u00e2le et Gen\u00e8ve\"},\"image\":{\"@id\":\"https:\\\/\\\/bale.ch\\\/journal\\\/#\\\/schema\\\/logo\\\/image\\\/\"}},{\"@type\":\"Person\",\"@id\":\"https:\\\/\\\/bale.ch\\\/journal\\\/#\\\/schema\\\/person\\\/03ced978db3b7a5274c5cef003f352f5\",\"name\":\"La R\u00e9daction\",\"image\":{\"@type\":\"ImageObject\",\"inLanguage\":\"fr-FR\",\"@id\":\"https:\\\/\\\/secure.gravatar.com\\\/avatar\\\/d1327e2ce8d2b860112f968a3f34686c9bdda7a463a1502cdd1070ac9d88cf1e?s=96&d=mm&r=g\",\"url\":\"https:\\\/\\\/secure.gravatar.com\\\/avatar\\\/d1327e2ce8d2b860112f968a3f34686c9bdda7a463a1502cdd1070ac9d88cf1e?s=96&d=mm&r=g\",\"contentUrl\":\"https:\\\/\\\/secure.gravatar.com\\\/avatar\\\/d1327e2ce8d2b860112f968a3f34686c9bdda7a463a1502cdd1070ac9d88cf1e?s=96&d=mm&r=g\",\"caption\":\"La R\u00e9daction\"},\"url\":\"https:\\\/\\\/bale.ch\\\/journal\\\/author\\\/laredaction\\\/\"}]}<\/script>\n<!-- \/ Yoast SEO plugin. -->","yoast_head_json":{"title":"Concours photo: des selfies pour r\u00e9v\u00e9ler le Grand Gen\u00e8ve - Journal de B\u00e2le et Gen\u00e8ve","robots":{"index":"index","follow":"follow","max-snippet":"max-snippet:-1","max-image-preview":"max-image-preview:large","max-video-preview":"max-video-preview:-1"},"canonical":"https:\/\/bale.ch\/journal\/concours-photo-grand-geneve\/","og_locale":"fr_FR","og_type":"article","og_title":"Concours photo: des selfies pour r\u00e9v\u00e9ler le Grand Gen\u00e8ve - Journal de B\u00e2le et Gen\u00e8ve","og_description":"Accessible aussi bien aux photographes professionnel-le-s qu&rsquo;aux photographes amateurs et amatrices, le concours photo \u00ab\u00a0Le Grand Gen\u00e8ve, regards d&rsquo;habitants\u00a0\u00bb est ouvert jusqu&rsquo;au 31 ao\u00fbt 2016. Le Grand Gen\u00e8ve est\u00a0un bassin Continuer la lecture","og_url":"https:\/\/bale.ch\/journal\/concours-photo-grand-geneve\/","og_site_name":"Journal de B\u00e2le et Gen\u00e8ve","article_published_time":"2016-07-22T06:49:46+00:00","article_modified_time":"2016-07-22T10:06:30+00:00","og_image":[{"width":3608,"height":3286,"url":"https:\/\/bale.ch\/journal\/wp-content\/uploads\/2016\/07\/affiche_gg_concours-e1469171624209.jpg","type":"image\/jpeg"}],"author":"La R\u00e9daction","twitter_card":"summary_large_image","twitter_misc":{"\u00c9crit par":"La R\u00e9daction","Dur\u00e9e de lecture estim\u00e9e":"1 minute"},"schema":{"@context":"https:\/\/schema.org","@graph":[{"@type":"Article","@id":"https:\/\/bale.ch\/journal\/concours-photo-grand-geneve\/#article","isPartOf":{"@id":"https:\/\/bale.ch\/journal\/concours-photo-grand-geneve\/"},"author":{"name":"La R\u00e9daction","@id":"https:\/\/bale.ch\/journal\/#\/schema\/person\/03ced978db3b7a5274c5cef003f352f5"},"headline":"Concours photo: des selfies pour r\u00e9v\u00e9ler le Grand Gen\u00e8ve","datePublished":"2016-07-22T06:49:46+00:00","dateModified":"2016-07-22T10:06:30+00:00","mainEntityOfPage":{"@id":"https:\/\/bale.ch\/journal\/concours-photo-grand-geneve\/"},"wordCount":228,"publisher":{"@id":"https:\/\/bale.ch\/journal\/#organization"},"image":{"@id":"https:\/\/bale.ch\/journal\/concours-photo-grand-geneve\/#primaryimage"},"thumbnailUrl":"https:\/\/bale.ch\/journal\/wp-content\/uploads\/2016\/07\/affiche_gg_concours-e1469171624209.jpg","keywords":["Grand Gen\u00e8ve","Photographie"],"articleSection":["Grand Gen\u00e8ve"],"inLanguage":"fr-FR"},{"@type":"WebPage","@id":"https:\/\/bale.ch\/journal\/concours-photo-grand-geneve\/","url":"https:\/\/bale.ch\/journal\/concours-photo-grand-geneve\/","name":"Concours photo: des selfies pour r\u00e9v\u00e9ler le Grand Gen\u00e8ve - Journal de B\u00e2le et Gen\u00e8ve","isPartOf":{"@id":"https:\/\/bale.ch\/journal\/#website"},"primaryImageOfPage":{"@id":"https:\/\/bale.ch\/journal\/concours-photo-grand-geneve\/#primaryimage"},"image":{"@id":"https:\/\/bale.ch\/journal\/concours-photo-grand-geneve\/#primaryimage"},"thumbnailUrl":"https:\/\/bale.ch\/journal\/wp-content\/uploads\/2016\/07\/affiche_gg_concours-e1469171624209.jpg","datePublished":"2016-07-22T06:49:46+00:00","dateModified":"2016-07-22T10:06:30+00:00","breadcrumb":{"@id":"https:\/\/bale.ch\/journal\/concours-photo-grand-geneve\/#breadcrumb"},"inLanguage":"fr-FR","potentialAction":[{"@type":"ReadAction","target":["https:\/\/bale.ch\/journal\/concours-photo-grand-geneve\/"]}]},{"@type":"ImageObject","inLanguage":"fr-FR","@id":"https:\/\/bale.ch\/journal\/concours-photo-grand-geneve\/#primaryimage","url":"https:\/\/bale.ch\/journal\/wp-content\/uploads\/2016\/07\/affiche_gg_concours-e1469171624209.jpg","contentUrl":"https:\/\/bale.ch\/journal\/wp-content\/uploads\/2016\/07\/affiche_gg_concours-e1469171624209.jpg","width":3608,"height":3286},{"@type":"BreadcrumbList","@id":"https:\/\/bale.ch\/journal\/concours-photo-grand-geneve\/#breadcrumb","itemListElement":[{"@type":"ListItem","position":1,"name":"Accueil","item":"https:\/\/bale.ch\/journal\/"},{"@type":"ListItem","position":2,"name":"Concours photo: des selfies pour r\u00e9v\u00e9ler le Grand Gen\u00e8ve"}]},{"@type":"WebSite","@id":"https:\/\/bale.ch\/journal\/#website","url":"https:\/\/bale.ch\/journal\/","name":"Journal de B\u00e2le et Gen\u00e8ve","description":"M\u00e9dia transfrontalier d&#039;actualit\u00e9s - News","publisher":{"@id":"https:\/\/bale.ch\/journal\/#organization"},"potentialAction":[{"@type":"SearchAction","target":{"@type":"EntryPoint","urlTemplate":"https:\/\/bale.ch\/journal\/?s={search_term_string}"},"query-input":{"@type":"PropertyValueSpecification","valueRequired":true,"valueName":"search_term_string"}}],"inLanguage":"fr-FR"},{"@type":"Organization","@id":"https:\/\/bale.ch\/journal\/#organization","name":"Journal de B\u00e2le et Gen\u00e8ve","url":"https:\/\/bale.ch\/journal\/","logo":{"@type":"ImageObject","inLanguage":"fr-FR","@id":"https:\/\/bale.ch\/journal\/#\/schema\/logo\/image\/","url":"https:\/\/bale.ch\/journal\/wp-content\/uploads\/2023\/07\/journaldebale_logo_2023_nb.png","contentUrl":"https:\/\/bale.ch\/journal\/wp-content\/uploads\/2023\/07\/journaldebale_logo_2023_nb.png","width":371,"height":127,"caption":"Journal de B\u00e2le et Gen\u00e8ve"},"image":{"@id":"https:\/\/bale.ch\/journal\/#\/schema\/logo\/image\/"}},{"@type":"Person","@id":"https:\/\/bale.ch\/journal\/#\/schema\/person\/03ced978db3b7a5274c5cef003f352f5","name":"La R\u00e9daction","image":{"@type":"ImageObject","inLanguage":"fr-FR","@id":"https:\/\/secure.gravatar.com\/avatar\/d1327e2ce8d2b860112f968a3f34686c9bdda7a463a1502cdd1070ac9d88cf1e?s=96&d=mm&r=g","url":"https:\/\/secure.gravatar.com\/avatar\/d1327e2ce8d2b860112f968a3f34686c9bdda7a463a1502cdd1070ac9d88cf1e?s=96&d=mm&r=g","contentUrl":"https:\/\/secure.gravatar.com\/avatar\/d1327e2ce8d2b860112f968a3f34686c9bdda7a463a1502cdd1070ac9d88cf1e?s=96&d=mm&r=g","caption":"La R\u00e9daction"},"url":"https:\/\/bale.ch\/journal\/author\/laredaction\/"}]}},"_links":{"self":[{"href":"https:\/\/bale.ch\/journal\/wp-json\/wp\/v2\/posts\/617","targetHints":{"allow":["GET"]}}],"collection":[{"href":"https:\/\/bale.ch\/journal\/wp-json\/wp\/v2\/posts"}],"about":[{"href":"https:\/\/bale.ch\/journal\/wp-json\/wp\/v2\/types\/post"}],"author":[{"embeddable":true,"href":"https:\/\/bale.ch\/journal\/wp-json\/wp\/v2\/users\/2"}],"replies":[{"embeddable":true,"href":"https:\/\/bale.ch\/journal\/wp-json\/wp\/v2\/comments?post=617"}],"version-history":[{"count":10,"href":"https:\/\/bale.ch\/journal\/wp-json\/wp\/v2\/posts\/617\/revisions"}],"predecessor-version":[{"id":644,"href":"https:\/\/bale.ch\/journal\/wp-json\/wp\/v2\/posts\/617\/revisions\/644"}],"wp:featuredmedia":[{"embeddable":true,"href":"https:\/\/bale.ch\/journal\/wp-json\/wp\/v2\/media\/618"}],"wp:attachment":[{"href":"https:\/\/bale.ch\/journal\/wp-json\/wp\/v2\/media?parent=617"}],"wp:term":[{"taxonomy":"category","embeddable":true,"href":"https:\/\/bale.ch\/journal\/wp-json\/wp\/v2\/categories?post=617"},{"taxonomy":"post_tag","embeddable":true,"href":"https:\/\/bale.ch\/journal\/wp-json\/wp\/v2\/tags?post=617"}],"curies":[{"name":"wp","href":"https:\/\/api.w.org\/{rel}","templated":true}]}}