{"id":624,"date":"2017-03-20T08:17:45","date_gmt":"2017-03-20T08:17:45","guid":{"rendered":"http:\/\/bale.ch\/journal\/?p=624"},"modified":"2019-01-17T00:38:11","modified_gmt":"2019-01-17T00:38:11","slug":"euroairport-bale-parking-pas-cher","status":"publish","type":"post","link":"https:\/\/bale.ch\/journal\/euroairport-bale-parking-pas-cher\/","title":{"rendered":"L&rsquo;a\u00e9roport de B\u00e2le-Mulhouse ouvre un nouveau parking silo"},"content":{"rendered":"<p><strong>Vendredi, 17 mars 2017, \u00e0 l\u2019occasion d\u2019une c\u00e9r\u00e9monie officielle en pr\u00e9sence des repr\u00e9sentants du Groupement Gagnepark, DeA Architectes, Eiffage, Clemessy et Egis ainsi que des \u00e9quipes de l\u2019a\u00e9roport qui ont travaill\u00e9 sur le projet, la Direction de l\u2019EuroAirport a inaugur\u00e9 son nouveau parking silo F4 situ\u00e9 \u00e0 300 m\u00e8tres de l\u2019a\u00e9rogare, c\u00f4t\u00e9 France. Ce nouveau parking F4 sera ouvert au public mardi, 28 mars 2017.<\/strong><\/p>\n<p><!--more--><br \/>\nCette c\u00e9r\u00e9monie d\u2019inauguration marque la fin des travaux de construction qui ont d\u00e9marr\u00e9 mi-janvier 2016 et qui correspondent \u00e0 un investissement de 24 millions d\u2019euros. Le nouveau parking offre aux passagers une qualit\u00e9 de service des chemins courts (proximit\u00e9 a\u00e9rogare, guidage \u00e0 la place) ainsi que plus de 2 700 places de parking bien \u00e9clair\u00e9es et enti\u00e8rement couvertes sur 6 niveaux.<\/p>\n<p>Le nouveau parking F4 r\u00e9pond \u00e0 deux objectifs : un trafic passagers croissant et le besoin d\u2019anticiper sur les travaux futurs concernant l\u2019arriv\u00e9e du raccordement ferroviaire qui entra\u00eeneront une r\u00e9duction de la capacit\u00e9 des parkings existants.<\/p><div id=\"crieu-1765346067\" class=\"crieu-content crieu-entity-placement\"><script async src=\"\/\/pagead2.googlesyndication.com\/pagead\/js\/adsbygoogle.js?client=ca-pub-5271584769416742\" crossorigin=\"anonymous\"><\/script><ins class=\"adsbygoogle\" style=\"display:block;\" data-ad-client=\"ca-pub-5271584769416742\" \ndata-ad-slot=\"9321250718\" \ndata-ad-format=\"auto\"><\/ins>\n<script> \n(adsbygoogle = window.adsbygoogle || []).push({}); \n<\/script>\n<\/div>\n<p>Lors de sa mise en service le parking F4 deviendra le parking principal de l\u2019EuroAirport c\u00f4t\u00e9 France. Sa tarification est comparable \u00e0 celle du parking F5 moyennant un suppl\u00e9ment de 10 euros \u00e0 partir d\u2019une semaine (8 jours) en raison de la qualit\u00e9 de service offerte.<\/p>\n<p><img loading=\"lazy\" decoding=\"async\" class=\"size-full wp-image-1824 alignnone\" src=\"https:\/\/bale.ch\/journal\/wp-content\/uploads\/2016\/07\/Parking_plan_aeroport_de_bale_basel_flughafen.jpg\" alt=\"\" width=\"1190\" height=\"612\" srcset=\"https:\/\/bale.ch\/journal\/wp-content\/uploads\/2016\/07\/Parking_plan_aeroport_de_bale_basel_flughafen.jpg 1190w, https:\/\/bale.ch\/journal\/wp-content\/uploads\/2016\/07\/Parking_plan_aeroport_de_bale_basel_flughafen-300x154.jpg 300w, https:\/\/bale.ch\/journal\/wp-content\/uploads\/2016\/07\/Parking_plan_aeroport_de_bale_basel_flughafen-768x395.jpg 768w, https:\/\/bale.ch\/journal\/wp-content\/uploads\/2016\/07\/Parking_plan_aeroport_de_bale_basel_flughafen-1024x527.jpg 1024w\" sizes=\"auto, (max-width: 1190px) 100vw, 1190px\" \/><\/p>\n<p>&nbsp;<\/p>\n<p><strong>Modifications au niveau des autres parkings, c\u00f4t\u00e9 France<\/strong><\/p>\n<p>Dans le cadre de l\u2019ouverture du nouveau parking silo F4, l\u2019EuroAirport proc\u00e8de \u00e0 des modifications suivantes :<\/p>\n<p>&#8211;\u00a0\u00a0\u00a0 Pour les passagers et visiteurs, l\u2019acc\u00e8s au d\u00e9part et \u00e0 l\u2019arriv\u00e9e sera ferm\u00e9 afin d\u2019\u00e9viter des engorgements devant l\u2019a\u00e9rogare et en raison des mesures de s\u00fbret\u00e9 et de s\u00e9curit\u00e9.<\/p>\n<p>&#8211;\u00a0\u00a0\u00a0 Le parking F2 devient un parking \u00ab Express \u00bb avec une capacit\u00e9 de 300 places. Le stationnement sera limit\u00e9 \u00e0 4 heures maximum dont les premi\u00e8res 20 minutes seront gratuites afin de permettre les d\u00e9poses (\u00ab Kiss &amp; Fly \u00bb) et l\u2019attente des arriv\u00e9es.<\/p>\n<p><strong>Appel d\u2019offres et caract\u00e9ristiques du parking F4<\/strong><\/p>\n<p>A la suite d\u2019un appel d\u2019offres, la Direction de l\u2019EuroAirport a mandat\u00e9 le Groupement Gagnepark \/ DeA Architectes \/ Eiffage \/ Clemessy \/ Egis pour concevoir et construire le nouveau parking silo F4 et afin de restructurer le parking ext\u00e9rieur existant F5. Le projet pr\u00e9sent\u00e9 par le Groupement Gagnepark a \u00e9t\u00e9 retenu en raison de sa fonctionnalit\u00e9 et son acc\u00e8s, son int\u00e9gration architecturale, urbaine et paysag\u00e8re ainsi que pour sa facilit\u00e9 d\u2019entretien, la qualit\u00e9 et la p\u00e9rennit\u00e9 des mat\u00e9riaux utilis\u00e9s.<\/p>\n<p>Le nouveau parking F4 se caract\u00e9rise par un traitement des fa\u00e7ades harmonieux, anim\u00e9 par la lumi\u00e8re diurne et nocturne, ce qui all\u00e8ge la masse du b\u00e2timent. Particuli\u00e8rement \u00e0 noter : la facilit\u00e9 d\u2019acc\u00e8s par le parvis d\u2019entr\u00e9e, des espaces publics et des cheminements pi\u00e9tons ainsi que l\u2019originalit\u00e9 du traitement v\u00e9g\u00e9tal. Un r\u00e9seau de mats en acier galvanis\u00e9 sera le support des plantes grimpantes sur le parvis, \u00e0 l\u2019int\u00e9rieur des rampes du parking ainsi que sur le parking F5 avoisinant et jouera le r\u00f4le d\u2019une signal\u00e9tique paysag\u00e8re. Les espaces situ\u00e9s autour du b\u00e2timent constitueront des \u00e9crans v\u00e9g\u00e9taux pour le b\u00e2timent et incluront des arbres de hautes tiges.<\/p>\n<p>Par ailleurs, le nouveau parking prend en compte des exigences environnementales d\u2019\u00e9coconstruction et d\u2019\u00e9co-gestion. En ce qui concerne la gestion des eaux pluviales, par exemple, il n\u2019y aura aucun rejet dans le r\u00e9seau urbain gr\u00e2ce \u00e0 la cr\u00e9ation de bassins d\u2019infiltration et la r\u00e9habilitation des existants. De plus, le remblai du site de construction a \u00e9t\u00e9 r\u00e9utilis\u00e9 apr\u00e8s traitement par criblage et l\u2019acier utilis\u00e9 pour la construction a \u00e9t\u00e9 \u00e9labor\u00e9 \u00e0 partir de mati\u00e8res premi\u00e8res issues des fili\u00e8res de recyclage.<\/p>\n<p>Pour plus d&rsquo;informations: <a class=\"link\" lang=\"fr\" href=\"http:\/\/www.euroairport.com\/fr\/stationnement\/\">parkings EuroAirport<\/a><\/p>\n<div id=\"crieu-3555628019\" class=\"crieu-apres-le-contenu crieu-entity-placement\" style=\"margin-left: auto;margin-right: auto;text-align: center;\"><script async src=\"\/\/pagead2.googlesyndication.com\/pagead\/js\/adsbygoogle.js?client=ca-pub-5271584769416742\" crossorigin=\"anonymous\"><\/script><ins class=\"adsbygoogle\" style=\"display:block;\" data-ad-client=\"ca-pub-5271584769416742\" \ndata-ad-slot=\"9321250718\" \ndata-ad-format=\"auto\"><\/ins>\n<script> \n(adsbygoogle = window.adsbygoogle || []).push({}); \n<\/script>\n<\/div>","protected":false},"excerpt":{"rendered":"<p>Vendredi, 17 mars 2017, \u00e0 l\u2019occasion d\u2019une c\u00e9r\u00e9monie officielle en pr\u00e9sence des repr\u00e9sentants du Groupement Gagnepark, DeA Architectes, Eiffage, Clemessy et Egis ainsi que des \u00e9quipes de l\u2019a\u00e9roport qui ont <a href=\"https:\/\/bale.ch\/journal\/euroairport-bale-parking-pas-cher\/\" class=\"read-more button-fancy -red\"><span class=\"btn-arrow\"><\/span><span class=\"twp-read-more text\">Continuer la lecture<\/span><\/a><\/p>\n","protected":false},"author":2,"featured_media":625,"comment_status":"closed","ping_status":"closed","sticky":false,"template":"","format":"standard","meta":{"footnotes":""},"categories":[7],"tags":[72,60,123,125,124,100,35],"class_list":["post-624","post","type-post","status-publish","format-standard","has-post-thumbnail","hentry","category-bale","tag-aeroport","tag-bale","tag-basel","tag-euroairport","tag-flughafen","tag-mulhouse","tag-transports"],"yoast_head":"<!-- This site is optimized with the Yoast SEO plugin v28.3 - https:\/\/yoast.com\/product\/yoast-seo-wordpress\/ -->\n<title>L&#039;a\u00e9roport de B\u00e2le-Mulhouse ouvre un nouveau parking silo - Journal de B\u00e2le et Gen\u00e8ve<\/title>\n<meta name=\"robots\" content=\"index, follow, max-snippet:-1, max-image-preview:large, max-video-preview:-1\" \/>\n<link rel=\"canonical\" href=\"https:\/\/bale.ch\/journal\/euroairport-bale-parking-pas-cher\/\" \/>\n<meta property=\"og:locale\" content=\"fr_FR\" \/>\n<meta property=\"og:type\" content=\"article\" \/>\n<meta property=\"og:title\" content=\"L&#039;a\u00e9roport de B\u00e2le-Mulhouse ouvre un nouveau parking silo - Journal de B\u00e2le et Gen\u00e8ve\" \/>\n<meta property=\"og:description\" content=\"Vendredi, 17 mars 2017, \u00e0 l\u2019occasion d\u2019une c\u00e9r\u00e9monie officielle en pr\u00e9sence des repr\u00e9sentants du Groupement Gagnepark, DeA Architectes, Eiffage, Clemessy et Egis ainsi que des \u00e9quipes de l\u2019a\u00e9roport qui ont Continuer la lecture\" \/>\n<meta property=\"og:url\" content=\"https:\/\/bale.ch\/journal\/euroairport-bale-parking-pas-cher\/\" \/>\n<meta property=\"og:site_name\" content=\"Journal de B\u00e2le et Gen\u00e8ve\" \/>\n<meta property=\"article:published_time\" content=\"2017-03-20T08:17:45+00:00\" \/>\n<meta property=\"article:modified_time\" content=\"2019-01-17T00:38:11+00:00\" \/>\n<meta property=\"og:image\" content=\"https:\/\/bale.ch\/journal\/wp-content\/uploads\/2016\/07\/euroairport_basel_bale_aeroport.jpg\" \/>\n\t<meta property=\"og:image:width\" content=\"1024\" \/>\n\t<meta property=\"og:image:height\" content=\"618\" \/>\n\t<meta property=\"og:image:type\" content=\"image\/jpeg\" \/>\n<meta name=\"author\" content=\"La R\u00e9daction\" \/>\n<meta name=\"twitter:card\" content=\"summary_large_image\" \/>\n<meta name=\"twitter:label1\" content=\"\u00c9crit par\" \/>\n\t<meta name=\"twitter:data1\" content=\"La R\u00e9daction\" \/>\n\t<meta name=\"twitter:label2\" content=\"Dur\u00e9e de lecture estim\u00e9e\" \/>\n\t<meta name=\"twitter:data2\" content=\"3 minutes\" \/>\n<script type=\"application\/ld+json\" class=\"yoast-schema-graph\">{\"@context\":\"https:\\\/\\\/schema.org\",\"@graph\":[{\"@type\":\"Article\",\"@id\":\"https:\\\/\\\/bale.ch\\\/journal\\\/euroairport-bale-parking-pas-cher\\\/#article\",\"isPartOf\":{\"@id\":\"https:\\\/\\\/bale.ch\\\/journal\\\/euroairport-bale-parking-pas-cher\\\/\"},\"author\":{\"name\":\"La R\u00e9daction\",\"@id\":\"https:\\\/\\\/bale.ch\\\/journal\\\/#\\\/schema\\\/person\\\/03ced978db3b7a5274c5cef003f352f5\"},\"headline\":\"L&rsquo;a\u00e9roport de B\u00e2le-Mulhouse ouvre un nouveau parking silo\",\"datePublished\":\"2017-03-20T08:17:45+00:00\",\"dateModified\":\"2019-01-17T00:38:11+00:00\",\"mainEntityOfPage\":{\"@id\":\"https:\\\/\\\/bale.ch\\\/journal\\\/euroairport-bale-parking-pas-cher\\\/\"},\"wordCount\":662,\"publisher\":{\"@id\":\"https:\\\/\\\/bale.ch\\\/journal\\\/#organization\"},\"image\":{\"@id\":\"https:\\\/\\\/bale.ch\\\/journal\\\/euroairport-bale-parking-pas-cher\\\/#primaryimage\"},\"thumbnailUrl\":\"https:\\\/\\\/bale.ch\\\/journal\\\/wp-content\\\/uploads\\\/2016\\\/07\\\/euroairport_basel_bale_aeroport.jpg\",\"keywords\":[\"A\u00e9roport\",\"B\u00e2le\",\"Basel\",\"Euroairport\",\"flughafen\",\"mulhouse\",\"Transports\"],\"articleSection\":[\"B\u00e2le Trinationale\"],\"inLanguage\":\"fr-FR\"},{\"@type\":\"WebPage\",\"@id\":\"https:\\\/\\\/bale.ch\\\/journal\\\/euroairport-bale-parking-pas-cher\\\/\",\"url\":\"https:\\\/\\\/bale.ch\\\/journal\\\/euroairport-bale-parking-pas-cher\\\/\",\"name\":\"L'a\u00e9roport de B\u00e2le-Mulhouse ouvre un nouveau parking silo - Journal de B\u00e2le et Gen\u00e8ve\",\"isPartOf\":{\"@id\":\"https:\\\/\\\/bale.ch\\\/journal\\\/#website\"},\"primaryImageOfPage\":{\"@id\":\"https:\\\/\\\/bale.ch\\\/journal\\\/euroairport-bale-parking-pas-cher\\\/#primaryimage\"},\"image\":{\"@id\":\"https:\\\/\\\/bale.ch\\\/journal\\\/euroairport-bale-parking-pas-cher\\\/#primaryimage\"},\"thumbnailUrl\":\"https:\\\/\\\/bale.ch\\\/journal\\\/wp-content\\\/uploads\\\/2016\\\/07\\\/euroairport_basel_bale_aeroport.jpg\",\"datePublished\":\"2017-03-20T08:17:45+00:00\",\"dateModified\":\"2019-01-17T00:38:11+00:00\",\"breadcrumb\":{\"@id\":\"https:\\\/\\\/bale.ch\\\/journal\\\/euroairport-bale-parking-pas-cher\\\/#breadcrumb\"},\"inLanguage\":\"fr-FR\",\"potentialAction\":[{\"@type\":\"ReadAction\",\"target\":[\"https:\\\/\\\/bale.ch\\\/journal\\\/euroairport-bale-parking-pas-cher\\\/\"]}]},{\"@type\":\"ImageObject\",\"inLanguage\":\"fr-FR\",\"@id\":\"https:\\\/\\\/bale.ch\\\/journal\\\/euroairport-bale-parking-pas-cher\\\/#primaryimage\",\"url\":\"https:\\\/\\\/bale.ch\\\/journal\\\/wp-content\\\/uploads\\\/2016\\\/07\\\/euroairport_basel_bale_aeroport.jpg\",\"contentUrl\":\"https:\\\/\\\/bale.ch\\\/journal\\\/wp-content\\\/uploads\\\/2016\\\/07\\\/euroairport_basel_bale_aeroport.jpg\",\"width\":1024,\"height\":618,\"caption\":\"Plan des parkings \u00e0 l'a\u00e9roport de B\u00e2le-Mulhouse.\"},{\"@type\":\"BreadcrumbList\",\"@id\":\"https:\\\/\\\/bale.ch\\\/journal\\\/euroairport-bale-parking-pas-cher\\\/#breadcrumb\",\"itemListElement\":[{\"@type\":\"ListItem\",\"position\":1,\"name\":\"Accueil\",\"item\":\"https:\\\/\\\/bale.ch\\\/journal\\\/\"},{\"@type\":\"ListItem\",\"position\":2,\"name\":\"L&rsquo;a\u00e9roport de B\u00e2le-Mulhouse ouvre un nouveau parking silo\"}]},{\"@type\":\"WebSite\",\"@id\":\"https:\\\/\\\/bale.ch\\\/journal\\\/#website\",\"url\":\"https:\\\/\\\/bale.ch\\\/journal\\\/\",\"name\":\"Journal de B\u00e2le et Gen\u00e8ve\",\"description\":\"M\u00e9dia transfrontalier d&#039;actualit\u00e9s - News\",\"publisher\":{\"@id\":\"https:\\\/\\\/bale.ch\\\/journal\\\/#organization\"},\"potentialAction\":[{\"@type\":\"SearchAction\",\"target\":{\"@type\":\"EntryPoint\",\"urlTemplate\":\"https:\\\/\\\/bale.ch\\\/journal\\\/?s={search_term_string}\"},\"query-input\":{\"@type\":\"PropertyValueSpecification\",\"valueRequired\":true,\"valueName\":\"search_term_string\"}}],\"inLanguage\":\"fr-FR\"},{\"@type\":\"Organization\",\"@id\":\"https:\\\/\\\/bale.ch\\\/journal\\\/#organization\",\"name\":\"Journal de B\u00e2le et Gen\u00e8ve\",\"url\":\"https:\\\/\\\/bale.ch\\\/journal\\\/\",\"logo\":{\"@type\":\"ImageObject\",\"inLanguage\":\"fr-FR\",\"@id\":\"https:\\\/\\\/bale.ch\\\/journal\\\/#\\\/schema\\\/logo\\\/image\\\/\",\"url\":\"https:\\\/\\\/bale.ch\\\/journal\\\/wp-content\\\/uploads\\\/2023\\\/07\\\/journaldebale_logo_2023_nb.png\",\"contentUrl\":\"https:\\\/\\\/bale.ch\\\/journal\\\/wp-content\\\/uploads\\\/2023\\\/07\\\/journaldebale_logo_2023_nb.png\",\"width\":371,\"height\":127,\"caption\":\"Journal de B\u00e2le et Gen\u00e8ve\"},\"image\":{\"@id\":\"https:\\\/\\\/bale.ch\\\/journal\\\/#\\\/schema\\\/logo\\\/image\\\/\"}},{\"@type\":\"Person\",\"@id\":\"https:\\\/\\\/bale.ch\\\/journal\\\/#\\\/schema\\\/person\\\/03ced978db3b7a5274c5cef003f352f5\",\"name\":\"La R\u00e9daction\",\"image\":{\"@type\":\"ImageObject\",\"inLanguage\":\"fr-FR\",\"@id\":\"https:\\\/\\\/secure.gravatar.com\\\/avatar\\\/d1327e2ce8d2b860112f968a3f34686c9bdda7a463a1502cdd1070ac9d88cf1e?s=96&d=mm&r=g\",\"url\":\"https:\\\/\\\/secure.gravatar.com\\\/avatar\\\/d1327e2ce8d2b860112f968a3f34686c9bdda7a463a1502cdd1070ac9d88cf1e?s=96&d=mm&r=g\",\"contentUrl\":\"https:\\\/\\\/secure.gravatar.com\\\/avatar\\\/d1327e2ce8d2b860112f968a3f34686c9bdda7a463a1502cdd1070ac9d88cf1e?s=96&d=mm&r=g\",\"caption\":\"La R\u00e9daction\"},\"url\":\"https:\\\/\\\/bale.ch\\\/journal\\\/author\\\/laredaction\\\/\"}]}<\/script>\n<!-- \/ Yoast SEO plugin. -->","yoast_head_json":{"title":"L'a\u00e9roport de B\u00e2le-Mulhouse ouvre un nouveau parking silo - Journal de B\u00e2le et Gen\u00e8ve","robots":{"index":"index","follow":"follow","max-snippet":"max-snippet:-1","max-image-preview":"max-image-preview:large","max-video-preview":"max-video-preview:-1"},"canonical":"https:\/\/bale.ch\/journal\/euroairport-bale-parking-pas-cher\/","og_locale":"fr_FR","og_type":"article","og_title":"L'a\u00e9roport de B\u00e2le-Mulhouse ouvre un nouveau parking silo - Journal de B\u00e2le et Gen\u00e8ve","og_description":"Vendredi, 17 mars 2017, \u00e0 l\u2019occasion d\u2019une c\u00e9r\u00e9monie officielle en pr\u00e9sence des repr\u00e9sentants du Groupement Gagnepark, DeA Architectes, Eiffage, Clemessy et Egis ainsi que des \u00e9quipes de l\u2019a\u00e9roport qui ont Continuer la lecture","og_url":"https:\/\/bale.ch\/journal\/euroairport-bale-parking-pas-cher\/","og_site_name":"Journal de B\u00e2le et Gen\u00e8ve","article_published_time":"2017-03-20T08:17:45+00:00","article_modified_time":"2019-01-17T00:38:11+00:00","og_image":[{"width":1024,"height":618,"url":"https:\/\/bale.ch\/journal\/wp-content\/uploads\/2016\/07\/euroairport_basel_bale_aeroport.jpg","type":"image\/jpeg"}],"author":"La R\u00e9daction","twitter_card":"summary_large_image","twitter_misc":{"\u00c9crit par":"La R\u00e9daction","Dur\u00e9e de lecture estim\u00e9e":"3 minutes"},"schema":{"@context":"https:\/\/schema.org","@graph":[{"@type":"Article","@id":"https:\/\/bale.ch\/journal\/euroairport-bale-parking-pas-cher\/#article","isPartOf":{"@id":"https:\/\/bale.ch\/journal\/euroairport-bale-parking-pas-cher\/"},"author":{"name":"La R\u00e9daction","@id":"https:\/\/bale.ch\/journal\/#\/schema\/person\/03ced978db3b7a5274c5cef003f352f5"},"headline":"L&rsquo;a\u00e9roport de B\u00e2le-Mulhouse ouvre un nouveau parking silo","datePublished":"2017-03-20T08:17:45+00:00","dateModified":"2019-01-17T00:38:11+00:00","mainEntityOfPage":{"@id":"https:\/\/bale.ch\/journal\/euroairport-bale-parking-pas-cher\/"},"wordCount":662,"publisher":{"@id":"https:\/\/bale.ch\/journal\/#organization"},"image":{"@id":"https:\/\/bale.ch\/journal\/euroairport-bale-parking-pas-cher\/#primaryimage"},"thumbnailUrl":"https:\/\/bale.ch\/journal\/wp-content\/uploads\/2016\/07\/euroairport_basel_bale_aeroport.jpg","keywords":["A\u00e9roport","B\u00e2le","Basel","Euroairport","flughafen","mulhouse","Transports"],"articleSection":["B\u00e2le Trinationale"],"inLanguage":"fr-FR"},{"@type":"WebPage","@id":"https:\/\/bale.ch\/journal\/euroairport-bale-parking-pas-cher\/","url":"https:\/\/bale.ch\/journal\/euroairport-bale-parking-pas-cher\/","name":"L'a\u00e9roport de B\u00e2le-Mulhouse ouvre un nouveau parking silo - Journal de B\u00e2le et Gen\u00e8ve","isPartOf":{"@id":"https:\/\/bale.ch\/journal\/#website"},"primaryImageOfPage":{"@id":"https:\/\/bale.ch\/journal\/euroairport-bale-parking-pas-cher\/#primaryimage"},"image":{"@id":"https:\/\/bale.ch\/journal\/euroairport-bale-parking-pas-cher\/#primaryimage"},"thumbnailUrl":"https:\/\/bale.ch\/journal\/wp-content\/uploads\/2016\/07\/euroairport_basel_bale_aeroport.jpg","datePublished":"2017-03-20T08:17:45+00:00","dateModified":"2019-01-17T00:38:11+00:00","breadcrumb":{"@id":"https:\/\/bale.ch\/journal\/euroairport-bale-parking-pas-cher\/#breadcrumb"},"inLanguage":"fr-FR","potentialAction":[{"@type":"ReadAction","target":["https:\/\/bale.ch\/journal\/euroairport-bale-parking-pas-cher\/"]}]},{"@type":"ImageObject","inLanguage":"fr-FR","@id":"https:\/\/bale.ch\/journal\/euroairport-bale-parking-pas-cher\/#primaryimage","url":"https:\/\/bale.ch\/journal\/wp-content\/uploads\/2016\/07\/euroairport_basel_bale_aeroport.jpg","contentUrl":"https:\/\/bale.ch\/journal\/wp-content\/uploads\/2016\/07\/euroairport_basel_bale_aeroport.jpg","width":1024,"height":618,"caption":"Plan des parkings \u00e0 l'a\u00e9roport de B\u00e2le-Mulhouse."},{"@type":"BreadcrumbList","@id":"https:\/\/bale.ch\/journal\/euroairport-bale-parking-pas-cher\/#breadcrumb","itemListElement":[{"@type":"ListItem","position":1,"name":"Accueil","item":"https:\/\/bale.ch\/journal\/"},{"@type":"ListItem","position":2,"name":"L&rsquo;a\u00e9roport de B\u00e2le-Mulhouse ouvre un nouveau parking silo"}]},{"@type":"WebSite","@id":"https:\/\/bale.ch\/journal\/#website","url":"https:\/\/bale.ch\/journal\/","name":"Journal de B\u00e2le et Gen\u00e8ve","description":"M\u00e9dia transfrontalier d&#039;actualit\u00e9s - News","publisher":{"@id":"https:\/\/bale.ch\/journal\/#organization"},"potentialAction":[{"@type":"SearchAction","target":{"@type":"EntryPoint","urlTemplate":"https:\/\/bale.ch\/journal\/?s={search_term_string}"},"query-input":{"@type":"PropertyValueSpecification","valueRequired":true,"valueName":"search_term_string"}}],"inLanguage":"fr-FR"},{"@type":"Organization","@id":"https:\/\/bale.ch\/journal\/#organization","name":"Journal de B\u00e2le et Gen\u00e8ve","url":"https:\/\/bale.ch\/journal\/","logo":{"@type":"ImageObject","inLanguage":"fr-FR","@id":"https:\/\/bale.ch\/journal\/#\/schema\/logo\/image\/","url":"https:\/\/bale.ch\/journal\/wp-content\/uploads\/2023\/07\/journaldebale_logo_2023_nb.png","contentUrl":"https:\/\/bale.ch\/journal\/wp-content\/uploads\/2023\/07\/journaldebale_logo_2023_nb.png","width":371,"height":127,"caption":"Journal de B\u00e2le et Gen\u00e8ve"},"image":{"@id":"https:\/\/bale.ch\/journal\/#\/schema\/logo\/image\/"}},{"@type":"Person","@id":"https:\/\/bale.ch\/journal\/#\/schema\/person\/03ced978db3b7a5274c5cef003f352f5","name":"La R\u00e9daction","image":{"@type":"ImageObject","inLanguage":"fr-FR","@id":"https:\/\/secure.gravatar.com\/avatar\/d1327e2ce8d2b860112f968a3f34686c9bdda7a463a1502cdd1070ac9d88cf1e?s=96&d=mm&r=g","url":"https:\/\/secure.gravatar.com\/avatar\/d1327e2ce8d2b860112f968a3f34686c9bdda7a463a1502cdd1070ac9d88cf1e?s=96&d=mm&r=g","contentUrl":"https:\/\/secure.gravatar.com\/avatar\/d1327e2ce8d2b860112f968a3f34686c9bdda7a463a1502cdd1070ac9d88cf1e?s=96&d=mm&r=g","caption":"La R\u00e9daction"},"url":"https:\/\/bale.ch\/journal\/author\/laredaction\/"}]}},"_links":{"self":[{"href":"https:\/\/bale.ch\/journal\/wp-json\/wp\/v2\/posts\/624","targetHints":{"allow":["GET"]}}],"collection":[{"href":"https:\/\/bale.ch\/journal\/wp-json\/wp\/v2\/posts"}],"about":[{"href":"https:\/\/bale.ch\/journal\/wp-json\/wp\/v2\/types\/post"}],"author":[{"embeddable":true,"href":"https:\/\/bale.ch\/journal\/wp-json\/wp\/v2\/users\/2"}],"replies":[{"embeddable":true,"href":"https:\/\/bale.ch\/journal\/wp-json\/wp\/v2\/comments?post=624"}],"version-history":[{"count":9,"href":"https:\/\/bale.ch\/journal\/wp-json\/wp\/v2\/posts\/624\/revisions"}],"predecessor-version":[{"id":1828,"href":"https:\/\/bale.ch\/journal\/wp-json\/wp\/v2\/posts\/624\/revisions\/1828"}],"wp:featuredmedia":[{"embeddable":true,"href":"https:\/\/bale.ch\/journal\/wp-json\/wp\/v2\/media\/625"}],"wp:attachment":[{"href":"https:\/\/bale.ch\/journal\/wp-json\/wp\/v2\/media?parent=624"}],"wp:term":[{"taxonomy":"category","embeddable":true,"href":"https:\/\/bale.ch\/journal\/wp-json\/wp\/v2\/categories?post=624"},{"taxonomy":"post_tag","embeddable":true,"href":"https:\/\/bale.ch\/journal\/wp-json\/wp\/v2\/tags?post=624"}],"curies":[{"name":"wp","href":"https:\/\/api.w.org\/{rel}","templated":true}]}}