{"id":69,"date":"2015-10-05T18:50:28","date_gmt":"2015-10-05T18:50:28","guid":{"rendered":"http:\/\/bale.ch\/journal\/?p=69"},"modified":"2016-07-22T09:22:00","modified_gmt":"2016-07-22T09:22:00","slug":"usine-geneve-greve","status":"publish","type":"post","link":"https:\/\/bale.ch\/journal\/usine-geneve-greve\/","title":{"rendered":"L&rsquo;Usine est en gr\u00e8ve!"},"content":{"rendered":"<div class=\"crayon article-chapo-321 chapo\">\n<figure id=\"attachment_70\" aria-describedby=\"caption-attachment-70\" style=\"width: 900px\" class=\"wp-caption alignnone\"><a href=\"https:\/\/bale.ch\/journal\/wp-content\/uploads\/2015\/10\/usine_geneve_greve.jpg\"><img loading=\"lazy\" decoding=\"async\" class=\"wp-image-70 size-full\" src=\"https:\/\/bale.ch\/journal\/wp-content\/uploads\/2015\/10\/usine_geneve_greve.jpg\" alt=\"Photo Alban Lavy\" width=\"900\" height=\"900\" srcset=\"https:\/\/bale.ch\/journal\/wp-content\/uploads\/2015\/10\/usine_geneve_greve.jpg 900w, https:\/\/bale.ch\/journal\/wp-content\/uploads\/2015\/10\/usine_geneve_greve-150x150.jpg 150w, https:\/\/bale.ch\/journal\/wp-content\/uploads\/2015\/10\/usine_geneve_greve-300x300.jpg 300w\" sizes=\"auto, (max-width: 900px) 100vw, 900px\" \/><\/a><figcaption id=\"caption-attachment-70\" class=\"wp-caption-text\">Photo Alban Lavy<\/figcaption><\/figure>\n<p><strong><\/p>\n<p>Ce vendredi 2 octobre, L&rsquo;Usine a annule\u0301 toutes ses activite\u0301s, mis les artistes et son public a\u0300 la porte.<\/strong><\/p>\n<p><em>[Communiqu\u00e9]<\/em> Un cre\u0300ve-coeur pour tou-te-s ses membres ! L\u2019<span style=\"text-decoration: underline;\"><a href=\"http:\/\/usine.ch\/\" target=\"_blank\">Usine<\/a><\/span> ferme ses portes, nous n\u2019y cre\u0301erons pas, nous ne nous y retrouverons pas. Les artistes resteront cache\u0301-e-s, silencieu- ses-x. Nous resterons dehors !<\/p>\n<p>Mais L\u2019Usine n\u2019est pas muette. Bien au contraire, elle prend la parole : L\u2019Usine n\u2019en peut plus, L\u2019Usine n\u2019accepte plus !<\/p>\n<\/div>\n<p><!--more--><\/p>\n<p>C\u2019est que depuis 5 ans, L\u2019Usine se de\u0301fend contre les attaques porte\u0301es par les services administratifs de la Se\u0301curite\u0301 et de l\u2019Economie et de leur magistrat Maudet ! Pour rappel, tout a commence\u0301 par un soudain changement au sein du Service du commerce (Scom) : l\u2019autorisation de L\u2019Usine ne suffisait plus. Il fallait la multiplier par 5 ! Une autorisation par salle&#8230;<\/p>\n<p>L\u2019Usine refuse d\u2019abandonner les principes qui la fondent pour entrer dans les cases administratives ! L\u2019Usine est une entite\u0301 solidaire ! Riche d\u2019une multiplicite\u0301 d\u2019acteur-rice-s et des e\u0301changes qu\u2019elle suscite, elle de\u0301fend une unite\u0301 sans concession ! L\u2019Usine refuse e\u0301galement qu\u2019une instance autre qu\u2019elle-me\u0302me puisse la modeler pour des raisons qui lui sont e\u0301trange\u0300res ! L\u2019Usine s\u2019auto-de\u0301termine et refuse qu\u2019un service administratif la modifie, qui plus est pour des raisons e\u0301conomiques et se\u0301curitaires. Autoriser l\u2019exploitation des salles de L\u2019Usine se\u0301pare\u0301ment, c\u2019est imaginer autoriser l\u2019une sans l\u2019autre. Impensable pour L\u2019Usine.<\/p>\n<p>Alors que le magistrat Maudet est frai\u0302chement e\u0301lu a\u0300 la te\u0302te du de\u0301partement de la Se\u0301curite\u0301 et de l\u2019Economie (DSE), le service du commerce remet le couvert et menace L\u2019Usine de fermeture administrative ! (Avril 2014) L\u2019Usine de\u0301nonce cette attaque et gra\u0302ce au soutien de son public, le Scom abandonne une fermeture administrative. Cela ne re\u0300gle pas le proble\u0300me et L\u2019Usine demande alors a\u0300 rencontrer le magistrat afin de sortir de cette impasse administrative et de discuter directement avec celui qui tire les ficelles. Pour cela, il faudra attendre plus d\u2019une anne\u0301e&#8230;<\/p><div id=\"crieu-753340748\" class=\"crieu-content crieu-entity-placement\"><script async src=\"\/\/pagead2.googlesyndication.com\/pagead\/js\/adsbygoogle.js?client=ca-pub-5271584769416742\" crossorigin=\"anonymous\"><\/script><ins class=\"adsbygoogle\" style=\"display:block;\" data-ad-client=\"ca-pub-5271584769416742\" \ndata-ad-slot=\"9321250718\" \ndata-ad-format=\"auto\"><\/ins>\n<script> \n(adsbygoogle = window.adsbygoogle || []).push({}); \n<\/script>\n<\/div>\n<p>Entre temps, et sans rencontrer les repre\u0301sentant-e-s de L\u2019Usine, Maudet s\u2019acharne. Il n\u2019utilise pas les proce\u0301dures de son ressort (amendes ou fermeture administrative) mais s\u2019invente magistrat de la Culture et s\u2019oppose au renouvellement de la convention tripartite par laquelle L\u2019Etat et la Ville de Gene\u0300ve soutiennent la cre\u0301ation locale au The\u0301a\u0302tre de L\u2019Usine. De plus, il fait bloquer les dons destine\u0301s aux activite\u0301s culturelles accorde\u0301s par La Loterie romande aux membres de L\u2019Usine.<\/p>\n<p>Paralle\u0300lement, Maudet s\u2019engage a\u0300 fond dans la refonte de la Loi sur la Restauration, le De\u0301bit de Boissons, l\u2019He\u0301bergement et le Divertissement (LRDBHD). Obnubile\u0301 par les seuls enjeux e\u0301conomiques et se\u0301curitaires, Maudet y de\u0301fend une vision caricaturale, re\u0301trograde et errone\u0301e de la culture. En re\u0301duisant la culture a\u0300 l\u2019appellation \u00ab\u00a0divertissement\u00a0\u00bb, Maudet la veut soumise et contro\u0302le\u0301e par un service du commerce tout puissant !<\/p>\n<p>Finalement, le 17 avril 2015, Maudet, Mme Emery-Torracinta et les repre\u0301sentant-e-s de L\u2019Usine se rencontrent ; une sortie de crise se profile :<\/p>\n<p>Les membres de L\u2019Usine disent oui, un oui de de\u0301pit. Illes acceptent par gain de paix de de\u0301poser cinq demandes d\u2019autorisations lors du changement de loi. D\u2019ici la\u0300, les magistrats s\u2019engagent a\u0300 de\u0301livrer une autorisation unique a\u0300 L\u2019Usine, a\u0300 de\u0301bloquer la convention tripartite du the\u0301a\u0302tre ainsi qu\u2019a\u0300 libe\u0301rer les dons accorde\u0301s par la Loterie Romande. Plus de cinq mois apre\u0300s cette rencontre, L\u2019Usine est autorise\u0301e a\u0300 organiser des e\u0301ve\u0301nements culturels mais elle n\u2019a toujours pas d\u2019autorisation de buvette et attend toujours le versement des dons accorde\u0301s par la Loterie Romande.<\/p>\n<p>Maudet ne tient pas parole et continue son chantage par le biais de la Loterie Romande ! Il ne veut pas du dialogue et s\u2019ente\u0302te dans sa volonte\u0301 de toute puissance ! Mme Emery-Torracinta et ses services restent quant a\u0300 eux dans un silence ignare et incompe\u0301tent. Bien qu\u2019avertis par L\u2019Usine, ils n\u2019ont pas travaille\u0301 sur une loi de\u0301terminante pour toutes les activite\u0301s qu\u2019ils sont cense\u0301s repre\u0301senter. Ils n\u2019ont visiblement pas encore compris \u2013 malgre\u0301 les nombreuses explications \u2013 l\u2019importance des buvettes accessoires pour les activite\u0301s culturelles, sportives et sociales. Elles sont une source de financement importante, permettent d\u2019accompagner le public dans son activite\u0301 (discussion apre\u0300s le spectacle, bie\u0300re durant un concert, &#8230;) et sont des lieux de socialisation importants !<br class=\"autobr\" \/>Un silence incompre\u0301hensible donc, a\u0300 moins qu\u2019il ne soit complice, comme l\u2019est celui des autres conseiller-e\u0300re-s d\u2019E\u0301tat.<\/p>\n<h3 class=\"spip\">L\u2019Usine de\u0301fend :<\/h3>\n<p>Son unite\u0301 : une structure organique et solidaire ! <br class=\"autobr\" \/>Un espace de liberte\u0301 et de cre\u0301ation !<br class=\"autobr\" \/>L\u2019autogestion : L\u2019e\u0301galite\u0301 entre ses membres, une organisation sans hie\u0301rarchie <br class=\"autobr\" \/>La non-discrimination : Un espace accessible a\u0300 chacun-e !<br class=\"autobr\" \/>Le rejet du profit comme seul but !<br class=\"autobr\" \/>Une programmation culturelle ouverte et riche !<\/p>\n<h3 class=\"spip\">L\u2019Usine de\u0301nonce :<\/h3>\n<p>Les velle\u0301ite\u0301s de domination de l\u2019Economie et de la Se\u0301curite\u0301 sur les autres domaines, incarne\u0301e par l\u2019inge\u0301rence et le chantage de Maudet.<br class=\"autobr\" \/>Le silence complice et coupable du de\u0301partement de la Culture.<br class=\"autobr\" \/>Le non-respect par les magistrats de leur parole.<br class=\"autobr\" \/>La non-reconnaissance de L\u2019Usine, de son fonctionnement, de ses valeurs, de son apport et de son importance pour Gene\u0300ve, le public et les artistes.<\/p>\n<h3 class=\"spip\">L\u2019Usine demande :<\/h3>\n<p>Que Maudet et Torracinta respectent l\u2019accord issu de la se\u0301ance du 17 avril !<br class=\"autobr\" \/>Que l\u2019autorisation buvette de L\u2019Usine soit de\u0301livre\u0301e !<br class=\"autobr\" \/>Que le chantage sur les fonds de la Loterie romande cessent et que les dons accorde\u0301s soient verse\u0301s sans de\u0301lais !<br class=\"autobr\" \/>Que Maudet cesse de faire de l\u2019inge\u0301rence !<br class=\"autobr\" \/>Que Mme Emery-Torracinta repre\u0301sente les inte\u0301re\u0302ts des milieux culturels !<br class=\"autobr\" \/>Que la gestion collective et solidaire soit reconnue comme le\u0301gitime !<br class=\"autobr\" \/>Que l\u2019identite\u0301 unitaire et solidaire de L\u2019Usine soit reconnue !<\/p>\n<div id=\"crieu-1843313278\" class=\"crieu-apres-le-contenu crieu-entity-placement\" style=\"margin-left: auto;margin-right: auto;text-align: center;\"><script async src=\"\/\/pagead2.googlesyndication.com\/pagead\/js\/adsbygoogle.js?client=ca-pub-5271584769416742\" crossorigin=\"anonymous\"><\/script><ins class=\"adsbygoogle\" style=\"display:block;\" data-ad-client=\"ca-pub-5271584769416742\" \ndata-ad-slot=\"9321250718\" \ndata-ad-format=\"auto\"><\/ins>\n<script> \n(adsbygoogle = window.adsbygoogle || []).push({}); \n<\/script>\n<\/div>","protected":false},"excerpt":{"rendered":"<p>Ce vendredi 2 octobre, L&rsquo;Usine a annule\u0301 toutes ses activite\u0301s, mis les artistes et son public a\u0300 la porte. [Communiqu\u00e9] Un cre\u0300ve-coeur pour tou-te-s ses membres ! L\u2019Usine ferme ses <a href=\"https:\/\/bale.ch\/journal\/usine-geneve-greve\/\" class=\"read-more button-fancy -red\"><span class=\"btn-arrow\"><\/span><span class=\"twp-read-more text\">Continuer la lecture<\/span><\/a><\/p>\n","protected":false},"author":3,"featured_media":70,"comment_status":"closed","ping_status":"closed","sticky":false,"template":"","format":"standard","meta":{"footnotes":""},"categories":[10,4],"tags":[26],"class_list":["post-69","post","type-post","status-publish","format-standard","has-post-thumbnail","hentry","category-culture","category-grand-geneve","tag-usine-geneve"],"yoast_head":"<!-- This site is optimized with the Yoast SEO plugin v28.3 - https:\/\/yoast.com\/product\/yoast-seo-wordpress\/ -->\n<title>L&#039;Usine est en gr\u00e8ve! - Journal de B\u00e2le et Gen\u00e8ve<\/title>\n<meta name=\"robots\" content=\"index, follow, max-snippet:-1, max-image-preview:large, max-video-preview:-1\" \/>\n<link rel=\"canonical\" href=\"https:\/\/bale.ch\/journal\/usine-geneve-greve\/\" \/>\n<meta property=\"og:locale\" content=\"fr_FR\" \/>\n<meta property=\"og:type\" content=\"article\" \/>\n<meta property=\"og:title\" content=\"L&#039;Usine est en gr\u00e8ve! - Journal de B\u00e2le et Gen\u00e8ve\" \/>\n<meta property=\"og:description\" content=\"Ce vendredi 2 octobre, L&rsquo;Usine a annule\u0301 toutes ses activite\u0301s, mis les artistes et son public a\u0300 la porte. [Communiqu\u00e9] Un cre\u0300ve-coeur pour tou-te-s ses membres ! L\u2019Usine ferme ses Continuer la lecture\" \/>\n<meta property=\"og:url\" content=\"https:\/\/bale.ch\/journal\/usine-geneve-greve\/\" \/>\n<meta property=\"og:site_name\" content=\"Journal de B\u00e2le et Gen\u00e8ve\" \/>\n<meta property=\"article:published_time\" content=\"2015-10-05T18:50:28+00:00\" \/>\n<meta property=\"article:modified_time\" content=\"2016-07-22T09:22:00+00:00\" \/>\n<meta property=\"og:image\" content=\"https:\/\/bale.ch\/journal\/wp-content\/uploads\/2015\/10\/usine_geneve_greve.jpg\" \/>\n\t<meta property=\"og:image:width\" content=\"900\" \/>\n\t<meta property=\"og:image:height\" content=\"900\" \/>\n\t<meta property=\"og:image:type\" content=\"image\/jpeg\" \/>\n<meta name=\"author\" content=\"Alban Lavy\" \/>\n<meta name=\"twitter:card\" content=\"summary_large_image\" \/>\n<meta name=\"twitter:label1\" content=\"\u00c9crit par\" \/>\n\t<meta name=\"twitter:data1\" content=\"Alban Lavy\" \/>\n\t<meta name=\"twitter:label2\" content=\"Dur\u00e9e de lecture estim\u00e9e\" \/>\n\t<meta name=\"twitter:data2\" content=\"5 minutes\" \/>\n<script type=\"application\/ld+json\" class=\"yoast-schema-graph\">{\"@context\":\"https:\\\/\\\/schema.org\",\"@graph\":[{\"@type\":\"Article\",\"@id\":\"https:\\\/\\\/bale.ch\\\/journal\\\/usine-geneve-greve\\\/#article\",\"isPartOf\":{\"@id\":\"https:\\\/\\\/bale.ch\\\/journal\\\/usine-geneve-greve\\\/\"},\"author\":{\"name\":\"Alban Lavy\",\"@id\":\"https:\\\/\\\/bale.ch\\\/journal\\\/#\\\/schema\\\/person\\\/41bc7f908af0ffea5e38b8c5702e5626\"},\"headline\":\"L&rsquo;Usine est en gr\u00e8ve!\",\"datePublished\":\"2015-10-05T18:50:28+00:00\",\"dateModified\":\"2016-07-22T09:22:00+00:00\",\"mainEntityOfPage\":{\"@id\":\"https:\\\/\\\/bale.ch\\\/journal\\\/usine-geneve-greve\\\/\"},\"wordCount\":1059,\"publisher\":{\"@id\":\"https:\\\/\\\/bale.ch\\\/journal\\\/#organization\"},\"image\":{\"@id\":\"https:\\\/\\\/bale.ch\\\/journal\\\/usine-geneve-greve\\\/#primaryimage\"},\"thumbnailUrl\":\"https:\\\/\\\/bale.ch\\\/journal\\\/wp-content\\\/uploads\\\/2015\\\/10\\\/usine_geneve_greve.jpg\",\"keywords\":[\"Usine Gen\u00e8ve\"],\"articleSection\":[\"Culture\",\"Grand Gen\u00e8ve\"],\"inLanguage\":\"fr-FR\"},{\"@type\":\"WebPage\",\"@id\":\"https:\\\/\\\/bale.ch\\\/journal\\\/usine-geneve-greve\\\/\",\"url\":\"https:\\\/\\\/bale.ch\\\/journal\\\/usine-geneve-greve\\\/\",\"name\":\"L'Usine est en gr\u00e8ve! - Journal de B\u00e2le et Gen\u00e8ve\",\"isPartOf\":{\"@id\":\"https:\\\/\\\/bale.ch\\\/journal\\\/#website\"},\"primaryImageOfPage\":{\"@id\":\"https:\\\/\\\/bale.ch\\\/journal\\\/usine-geneve-greve\\\/#primaryimage\"},\"image\":{\"@id\":\"https:\\\/\\\/bale.ch\\\/journal\\\/usine-geneve-greve\\\/#primaryimage\"},\"thumbnailUrl\":\"https:\\\/\\\/bale.ch\\\/journal\\\/wp-content\\\/uploads\\\/2015\\\/10\\\/usine_geneve_greve.jpg\",\"datePublished\":\"2015-10-05T18:50:28+00:00\",\"dateModified\":\"2016-07-22T09:22:00+00:00\",\"breadcrumb\":{\"@id\":\"https:\\\/\\\/bale.ch\\\/journal\\\/usine-geneve-greve\\\/#breadcrumb\"},\"inLanguage\":\"fr-FR\",\"potentialAction\":[{\"@type\":\"ReadAction\",\"target\":[\"https:\\\/\\\/bale.ch\\\/journal\\\/usine-geneve-greve\\\/\"]}]},{\"@type\":\"ImageObject\",\"inLanguage\":\"fr-FR\",\"@id\":\"https:\\\/\\\/bale.ch\\\/journal\\\/usine-geneve-greve\\\/#primaryimage\",\"url\":\"https:\\\/\\\/bale.ch\\\/journal\\\/wp-content\\\/uploads\\\/2015\\\/10\\\/usine_geneve_greve.jpg\",\"contentUrl\":\"https:\\\/\\\/bale.ch\\\/journal\\\/wp-content\\\/uploads\\\/2015\\\/10\\\/usine_geneve_greve.jpg\",\"width\":900,\"height\":900,\"caption\":\"Photo Alban Lavy\"},{\"@type\":\"BreadcrumbList\",\"@id\":\"https:\\\/\\\/bale.ch\\\/journal\\\/usine-geneve-greve\\\/#breadcrumb\",\"itemListElement\":[{\"@type\":\"ListItem\",\"position\":1,\"name\":\"Accueil\",\"item\":\"https:\\\/\\\/bale.ch\\\/journal\\\/\"},{\"@type\":\"ListItem\",\"position\":2,\"name\":\"L&rsquo;Usine est en gr\u00e8ve!\"}]},{\"@type\":\"WebSite\",\"@id\":\"https:\\\/\\\/bale.ch\\\/journal\\\/#website\",\"url\":\"https:\\\/\\\/bale.ch\\\/journal\\\/\",\"name\":\"Journal de B\u00e2le et Gen\u00e8ve\",\"description\":\"M\u00e9dia transfrontalier d&#039;actualit\u00e9s - News\",\"publisher\":{\"@id\":\"https:\\\/\\\/bale.ch\\\/journal\\\/#organization\"},\"potentialAction\":[{\"@type\":\"SearchAction\",\"target\":{\"@type\":\"EntryPoint\",\"urlTemplate\":\"https:\\\/\\\/bale.ch\\\/journal\\\/?s={search_term_string}\"},\"query-input\":{\"@type\":\"PropertyValueSpecification\",\"valueRequired\":true,\"valueName\":\"search_term_string\"}}],\"inLanguage\":\"fr-FR\"},{\"@type\":\"Organization\",\"@id\":\"https:\\\/\\\/bale.ch\\\/journal\\\/#organization\",\"name\":\"Journal de B\u00e2le et Gen\u00e8ve\",\"url\":\"https:\\\/\\\/bale.ch\\\/journal\\\/\",\"logo\":{\"@type\":\"ImageObject\",\"inLanguage\":\"fr-FR\",\"@id\":\"https:\\\/\\\/bale.ch\\\/journal\\\/#\\\/schema\\\/logo\\\/image\\\/\",\"url\":\"https:\\\/\\\/bale.ch\\\/journal\\\/wp-content\\\/uploads\\\/2023\\\/07\\\/journaldebale_logo_2023_nb.png\",\"contentUrl\":\"https:\\\/\\\/bale.ch\\\/journal\\\/wp-content\\\/uploads\\\/2023\\\/07\\\/journaldebale_logo_2023_nb.png\",\"width\":371,\"height\":127,\"caption\":\"Journal de B\u00e2le et Gen\u00e8ve\"},\"image\":{\"@id\":\"https:\\\/\\\/bale.ch\\\/journal\\\/#\\\/schema\\\/logo\\\/image\\\/\"}},{\"@type\":\"Person\",\"@id\":\"https:\\\/\\\/bale.ch\\\/journal\\\/#\\\/schema\\\/person\\\/41bc7f908af0ffea5e38b8c5702e5626\",\"name\":\"Alban Lavy\",\"image\":{\"@type\":\"ImageObject\",\"inLanguage\":\"fr-FR\",\"@id\":\"https:\\\/\\\/secure.gravatar.com\\\/avatar\\\/4978c5bb7295400e15bebf9881bc4db7866592bc59ffa2f62511214a10f68804?s=96&d=mm&r=g\",\"url\":\"https:\\\/\\\/secure.gravatar.com\\\/avatar\\\/4978c5bb7295400e15bebf9881bc4db7866592bc59ffa2f62511214a10f68804?s=96&d=mm&r=g\",\"contentUrl\":\"https:\\\/\\\/secure.gravatar.com\\\/avatar\\\/4978c5bb7295400e15bebf9881bc4db7866592bc59ffa2f62511214a10f68804?s=96&d=mm&r=g\",\"caption\":\"Alban Lavy\"},\"sameAs\":[\"http:\\\/\\\/bale.ch\\\/administration\\\/zeitung\\\/albanlavy\\\/\"],\"url\":\"https:\\\/\\\/bale.ch\\\/journal\\\/author\\\/lavy\\\/\"}]}<\/script>\n<!-- \/ Yoast SEO plugin. -->","yoast_head_json":{"title":"L'Usine est en gr\u00e8ve! - Journal de B\u00e2le et Gen\u00e8ve","robots":{"index":"index","follow":"follow","max-snippet":"max-snippet:-1","max-image-preview":"max-image-preview:large","max-video-preview":"max-video-preview:-1"},"canonical":"https:\/\/bale.ch\/journal\/usine-geneve-greve\/","og_locale":"fr_FR","og_type":"article","og_title":"L'Usine est en gr\u00e8ve! - Journal de B\u00e2le et Gen\u00e8ve","og_description":"Ce vendredi 2 octobre, L&rsquo;Usine a annule\u0301 toutes ses activite\u0301s, mis les artistes et son public a\u0300 la porte. [Communiqu\u00e9] Un cre\u0300ve-coeur pour tou-te-s ses membres ! L\u2019Usine ferme ses Continuer la lecture","og_url":"https:\/\/bale.ch\/journal\/usine-geneve-greve\/","og_site_name":"Journal de B\u00e2le et Gen\u00e8ve","article_published_time":"2015-10-05T18:50:28+00:00","article_modified_time":"2016-07-22T09:22:00+00:00","og_image":[{"width":900,"height":900,"url":"https:\/\/bale.ch\/journal\/wp-content\/uploads\/2015\/10\/usine_geneve_greve.jpg","type":"image\/jpeg"}],"author":"Alban Lavy","twitter_card":"summary_large_image","twitter_misc":{"\u00c9crit par":"Alban Lavy","Dur\u00e9e de lecture estim\u00e9e":"5 minutes"},"schema":{"@context":"https:\/\/schema.org","@graph":[{"@type":"Article","@id":"https:\/\/bale.ch\/journal\/usine-geneve-greve\/#article","isPartOf":{"@id":"https:\/\/bale.ch\/journal\/usine-geneve-greve\/"},"author":{"name":"Alban Lavy","@id":"https:\/\/bale.ch\/journal\/#\/schema\/person\/41bc7f908af0ffea5e38b8c5702e5626"},"headline":"L&rsquo;Usine est en gr\u00e8ve!","datePublished":"2015-10-05T18:50:28+00:00","dateModified":"2016-07-22T09:22:00+00:00","mainEntityOfPage":{"@id":"https:\/\/bale.ch\/journal\/usine-geneve-greve\/"},"wordCount":1059,"publisher":{"@id":"https:\/\/bale.ch\/journal\/#organization"},"image":{"@id":"https:\/\/bale.ch\/journal\/usine-geneve-greve\/#primaryimage"},"thumbnailUrl":"https:\/\/bale.ch\/journal\/wp-content\/uploads\/2015\/10\/usine_geneve_greve.jpg","keywords":["Usine Gen\u00e8ve"],"articleSection":["Culture","Grand Gen\u00e8ve"],"inLanguage":"fr-FR"},{"@type":"WebPage","@id":"https:\/\/bale.ch\/journal\/usine-geneve-greve\/","url":"https:\/\/bale.ch\/journal\/usine-geneve-greve\/","name":"L'Usine est en gr\u00e8ve! - Journal de B\u00e2le et Gen\u00e8ve","isPartOf":{"@id":"https:\/\/bale.ch\/journal\/#website"},"primaryImageOfPage":{"@id":"https:\/\/bale.ch\/journal\/usine-geneve-greve\/#primaryimage"},"image":{"@id":"https:\/\/bale.ch\/journal\/usine-geneve-greve\/#primaryimage"},"thumbnailUrl":"https:\/\/bale.ch\/journal\/wp-content\/uploads\/2015\/10\/usine_geneve_greve.jpg","datePublished":"2015-10-05T18:50:28+00:00","dateModified":"2016-07-22T09:22:00+00:00","breadcrumb":{"@id":"https:\/\/bale.ch\/journal\/usine-geneve-greve\/#breadcrumb"},"inLanguage":"fr-FR","potentialAction":[{"@type":"ReadAction","target":["https:\/\/bale.ch\/journal\/usine-geneve-greve\/"]}]},{"@type":"ImageObject","inLanguage":"fr-FR","@id":"https:\/\/bale.ch\/journal\/usine-geneve-greve\/#primaryimage","url":"https:\/\/bale.ch\/journal\/wp-content\/uploads\/2015\/10\/usine_geneve_greve.jpg","contentUrl":"https:\/\/bale.ch\/journal\/wp-content\/uploads\/2015\/10\/usine_geneve_greve.jpg","width":900,"height":900,"caption":"Photo Alban Lavy"},{"@type":"BreadcrumbList","@id":"https:\/\/bale.ch\/journal\/usine-geneve-greve\/#breadcrumb","itemListElement":[{"@type":"ListItem","position":1,"name":"Accueil","item":"https:\/\/bale.ch\/journal\/"},{"@type":"ListItem","position":2,"name":"L&rsquo;Usine est en gr\u00e8ve!"}]},{"@type":"WebSite","@id":"https:\/\/bale.ch\/journal\/#website","url":"https:\/\/bale.ch\/journal\/","name":"Journal de B\u00e2le et Gen\u00e8ve","description":"M\u00e9dia transfrontalier d&#039;actualit\u00e9s - News","publisher":{"@id":"https:\/\/bale.ch\/journal\/#organization"},"potentialAction":[{"@type":"SearchAction","target":{"@type":"EntryPoint","urlTemplate":"https:\/\/bale.ch\/journal\/?s={search_term_string}"},"query-input":{"@type":"PropertyValueSpecification","valueRequired":true,"valueName":"search_term_string"}}],"inLanguage":"fr-FR"},{"@type":"Organization","@id":"https:\/\/bale.ch\/journal\/#organization","name":"Journal de B\u00e2le et Gen\u00e8ve","url":"https:\/\/bale.ch\/journal\/","logo":{"@type":"ImageObject","inLanguage":"fr-FR","@id":"https:\/\/bale.ch\/journal\/#\/schema\/logo\/image\/","url":"https:\/\/bale.ch\/journal\/wp-content\/uploads\/2023\/07\/journaldebale_logo_2023_nb.png","contentUrl":"https:\/\/bale.ch\/journal\/wp-content\/uploads\/2023\/07\/journaldebale_logo_2023_nb.png","width":371,"height":127,"caption":"Journal de B\u00e2le et Gen\u00e8ve"},"image":{"@id":"https:\/\/bale.ch\/journal\/#\/schema\/logo\/image\/"}},{"@type":"Person","@id":"https:\/\/bale.ch\/journal\/#\/schema\/person\/41bc7f908af0ffea5e38b8c5702e5626","name":"Alban Lavy","image":{"@type":"ImageObject","inLanguage":"fr-FR","@id":"https:\/\/secure.gravatar.com\/avatar\/4978c5bb7295400e15bebf9881bc4db7866592bc59ffa2f62511214a10f68804?s=96&d=mm&r=g","url":"https:\/\/secure.gravatar.com\/avatar\/4978c5bb7295400e15bebf9881bc4db7866592bc59ffa2f62511214a10f68804?s=96&d=mm&r=g","contentUrl":"https:\/\/secure.gravatar.com\/avatar\/4978c5bb7295400e15bebf9881bc4db7866592bc59ffa2f62511214a10f68804?s=96&d=mm&r=g","caption":"Alban Lavy"},"sameAs":["http:\/\/bale.ch\/administration\/zeitung\/albanlavy\/"],"url":"https:\/\/bale.ch\/journal\/author\/lavy\/"}]}},"_links":{"self":[{"href":"https:\/\/bale.ch\/journal\/wp-json\/wp\/v2\/posts\/69","targetHints":{"allow":["GET"]}}],"collection":[{"href":"https:\/\/bale.ch\/journal\/wp-json\/wp\/v2\/posts"}],"about":[{"href":"https:\/\/bale.ch\/journal\/wp-json\/wp\/v2\/types\/post"}],"author":[{"embeddable":true,"href":"https:\/\/bale.ch\/journal\/wp-json\/wp\/v2\/users\/3"}],"replies":[{"embeddable":true,"href":"https:\/\/bale.ch\/journal\/wp-json\/wp\/v2\/comments?post=69"}],"version-history":[{"count":4,"href":"https:\/\/bale.ch\/journal\/wp-json\/wp\/v2\/posts\/69\/revisions"}],"predecessor-version":[{"id":633,"href":"https:\/\/bale.ch\/journal\/wp-json\/wp\/v2\/posts\/69\/revisions\/633"}],"wp:featuredmedia":[{"embeddable":true,"href":"https:\/\/bale.ch\/journal\/wp-json\/wp\/v2\/media\/70"}],"wp:attachment":[{"href":"https:\/\/bale.ch\/journal\/wp-json\/wp\/v2\/media?parent=69"}],"wp:term":[{"taxonomy":"category","embeddable":true,"href":"https:\/\/bale.ch\/journal\/wp-json\/wp\/v2\/categories?post=69"},{"taxonomy":"post_tag","embeddable":true,"href":"https:\/\/bale.ch\/journal\/wp-json\/wp\/v2\/tags?post=69"}],"curies":[{"name":"wp","href":"https:\/\/api.w.org\/{rel}","templated":true}]}}