{"id":693,"date":"2016-08-25T08:54:12","date_gmt":"2016-08-25T08:54:12","guid":{"rendered":"http:\/\/bale.ch\/journal\/?p=693"},"modified":"2016-08-27T07:07:37","modified_gmt":"2016-08-27T07:07:37","slug":"peche-leman","status":"publish","type":"post","link":"https:\/\/bale.ch\/journal\/peche-leman\/","title":{"rendered":"Eclaboussures d&rsquo;\u00e9cailles: une journ\u00e9e de p\u00eache sur le L\u00e9man"},"content":{"rendered":"<p><strong>Notre r\u00e9dactrice Natacha de Santignac nous plonge\u00a0dans le monde des p\u00eacheurs du lac L\u00e9man.<\/strong><!--more--><\/p>\n<figure id=\"attachment_695\" aria-describedby=\"caption-attachment-695\" style=\"width: 1000px\" class=\"wp-caption alignnone\"><a href=\"https:\/\/bale.ch\/journal\/wp-content\/uploads\/2016\/08\/peche_leman_prangis.jpg\"><img loading=\"lazy\" decoding=\"async\" class=\"wp-image-695 size-full\" src=\"https:\/\/bale.ch\/journal\/wp-content\/uploads\/2016\/08\/peche_leman_prangis.jpg\" alt=\"La cabane de Prangins, canton de Vaud.\" width=\"1000\" height=\"1000\" srcset=\"https:\/\/bale.ch\/journal\/wp-content\/uploads\/2016\/08\/peche_leman_prangis.jpg 1000w, https:\/\/bale.ch\/journal\/wp-content\/uploads\/2016\/08\/peche_leman_prangis-150x150.jpg 150w, https:\/\/bale.ch\/journal\/wp-content\/uploads\/2016\/08\/peche_leman_prangis-300x300.jpg 300w, https:\/\/bale.ch\/journal\/wp-content\/uploads\/2016\/08\/peche_leman_prangis-768x768.jpg 768w, https:\/\/bale.ch\/journal\/wp-content\/uploads\/2016\/08\/peche_leman_prangis-50x50.jpg 50w\" sizes=\"auto, (max-width: 1000px) 100vw, 1000px\" \/><\/a><figcaption id=\"caption-attachment-695\" class=\"wp-caption-text\">La cabane de Prangins, canton de Vaud.<\/figcaption><\/figure>\n<p>Mais qu\u2019est donc que cette sonnerie qui vient perturber mon sommeil? Aurais-je commis une erreur en me couchant hier soir? 3h04 du matin, que se passe-t-il? Je reprends mes esprits avant que Morph\u00e9e ne me kidnappe \u00e0 nouveau, et me dresse sur mon lit : aujourd\u2019hui, je p\u00eache sur le lac L\u00e9man ! Rendez-vous \u00e0 4h00 au port d\u2019Allaman, nich\u00e9 entre Gen\u00e8ve et Lausanne, avec les hommes de la famille Clerc, p\u00eacheurs de p\u00e8re en fils depuis cinq g\u00e9n\u00e9rations.<\/p>\n<p>Heureusement, j\u2019ai pr\u00e9par\u00e9 tout mon n\u00e9cessaire hier soir, car ce matin, j\u2019avoue que je ne suis pas tr\u00e8s au clair : bottes de pluie, coupe-vent, pantalon imperm\u00e9able, bloc-notes, appareil-photo, sans oublier mon t\u00e9l\u00e9phone. Il est trop t\u00f4t pour avoir faim, aussi j\u2019emporte un scone, rescap\u00e9 de la Perfide Albion, ainsi qu\u2019une bouteille d\u2019eau.<\/p><div id=\"crieu-3380174652\" class=\"crieu-content crieu-entity-placement\"><script async src=\"\/\/pagead2.googlesyndication.com\/pagead\/js\/adsbygoogle.js?client=ca-pub-5271584769416742\" crossorigin=\"anonymous\"><\/script><ins class=\"adsbygoogle\" style=\"display:block;\" data-ad-client=\"ca-pub-5271584769416742\" \ndata-ad-slot=\"9321250718\" \ndata-ad-format=\"auto\"><\/ins>\n<script> \n(adsbygoogle = window.adsbygoogle || []).push({}); \n<\/script>\n<\/div>\n<p>Je m\u2019enfonce dans la nuit noire, et d\u00e9cide apr\u00e8s moult h\u00e9sitations, de m\u2019engager sur l\u2019autoroute. Il pleut\u2026 Mince alors, moi qui restais optimiste sur la m\u00e9t\u00e9o, me voil\u00e0 d\u00e9faite ! Il est curieux d\u2019observer comment le temps se d\u00e9ploie sur une autre \u00e9chelle au c\u0153ur de la nuit. J\u2019\u00e9prouve la sensation d\u2019\u00eatre dans un film en acc\u00e9l\u00e9r\u00e9. Je sors \u00e0 Rolle. Un pressentiment me dit que c\u2019est mieux ainsi. Je tourne un peu \u00e0 la recherche de la route du lac que ni mon GPS ni mon t\u00e9l\u00e9phone ne semblent vouloir m\u2019indiquer. J\u2019y vais \u00e0 l\u2019instinct, me rem\u00e9morant une promenade avec des amis par ici, voil\u00e0 bien longtemps. J\u2019y suis, saine et sauve, en tout cas pour l\u2019instant. La pluie a cess\u00e9. M. Clerc, le p\u00e8re, tout en fracassant une mouche avec une tapette jaune et rouge qui reposait fi\u00e8rement sur la table, m\u2019invite \u00e0 entrer. Je m\u2019assois et je l\u2019\u00e9coute me parler des diff\u00e9rentes techniques de p\u00eache utilis\u00e9es sur le lac : la monte, les filets de l\u00e8ve, les meniers, les grands pics et les nasses. Tout ceci me para\u00eet bien abstrait, malgr\u00e9 les dessins qu\u2019il me montre. Il doit bien voir \u00e0 mon air que je suis \u00e0 c\u00f4t\u00e9, et pas seulement \u00e0 cause de l\u2019heure, il me rassure : \u00ab\u00a0on va vous montrer !\u00a0\u00bb Puis les noms de poissons que j\u2019ai coutume de lire sur les menus de restaurants r\u00e9sonnent dans cette pi\u00e8ce o\u00f9 l\u2019on proc\u00e8de aux derniers pr\u00e9paratifs avant de partir : <a href=\"https:\/\/fr.wikipedia.org\/wiki\/F%C3%A9ra_du_L%C3%A9man\" target=\"_blank\">f\u00e9ra<\/a>, brochet, omble chevalier, perche, truite.<\/p>\n<figure id=\"attachment_1674\" class=\"wp-caption aligncenter\"><img loading=\"lazy\" decoding=\"async\" class=\"wp-image-1674 size-full\" src=\"http:\/\/www.kaleidoscopes.ch\/wp-content\/uploads\/2016\/08\/IMG_6652B.jpg\" alt=\"Lac L\u00e9man, Suisse.\" width=\"1000\" height=\"1000\" \/><figcaption class=\"wp-caption-text\"><em>Le\u00a0L\u00e9man.<\/em><\/figcaption><\/figure>\n<p>Nicolas, le fils a\u00een\u00e9, cherche une paire de bottes non trou\u00e9es, mais fait chou blanc. J\u00e9r\u00e9mie, le benjamin, candidat au permis de p\u00eache en septembre, et qui s\u2019\u00e9tait rendormi apr\u00e8s une nuit microscopique (Pal\u00e9o oblige. Eh oui, les p\u00eacheurs aiment la musique et fr\u00e9quentent avec ferveur le festival tous les ans), grille une cigarette pour se mettre en route. Nicolas avoue : \u00ab\u00a0Moi, je carbure au caf\u00e9, lui \u00e0 la clope\u00a0\u00bb. J\u2019ai l\u2019impression de ne pas carburer du tout, \u00e7a promet !<\/p>\n<p>Apr\u00e8s avoir d\u00e9pos\u00e9 les bacs de glace dans la voiture, nous fendons la nuit noire vers le bateau. Pas un bruit au dehors, la pleine lune de juillet nous tient compagnie et \u00e9claire notre route. Le bateau charg\u00e9, nous quittons le rivage. Nicolas est \u00e0 la barre. Les limites du port \u00e0 peine franchies, il met les gaz. Nous sommes seuls sur le lac, un vent doux caresse nos joues tout en s\u2019amusant avec nos cheveux. Un sentiment d\u2019exaltation et de libert\u00e9 totale me submerge tandis que la lune danse avec les nuages. \u00ab\u00a0Nous allons aux f\u00e9ras\u00a0\u00bb, selon l\u2019expression de M. Clerc. Les huit filets \u00ab\u00a0grand pic\u00a0\u00bb d\u00e9pos\u00e9s la veille apr\u00e8s 5 heures de l\u2019apr\u00e8s-midi, selon la loi, vont \u00eatre lev\u00e9s. Le courant est tr\u00e8s faible, ils n\u2019ont pas vraiment d\u00e9riv\u00e9.<\/p>\n<p>Ce matin, la machine, permettant aux p\u00eacheurs de sortir les filets plus facilement du lac, est capricieuse, un faux contact \u00e9lectrique causant quelques tracas est finalement r\u00e9par\u00e9. F\u00e9ra, nous voil\u00e0 ! Au large, les temp\u00e9ratures sont un peu moins cl\u00e9mentes, aussi je m\u2019emmitoufle dans mon coupe-vent apr\u00e8s une bataille houleuse avec ma fermeture \u00c9clair. La p\u00eache est silencieuse. Chacun \u00e0 son poste : Nicolas tire les mailles de la machine, J\u00e9r\u00e9mie d\u00e9gage les poissons qui s\u2019abattent dramatiquement sur le sol, il \u00ab\u00a0replie\u00a0\u00bb ensuite le filet sur une barre m\u00e9tallique en prenant grand soin des flotteurs, et M. Clerc, pench\u00e9 au-dessus des flots guette les poissons tout en d\u00e9gageant les fils des flotteurs.<\/p>\n<p><a href=\"https:\/\/bale.ch\/journal\/wp-content\/uploads\/2016\/08\/P1020812B.jpg\"><img loading=\"lazy\" decoding=\"async\" class=\"alignnone wp-image-705 size-full\" src=\"https:\/\/bale.ch\/journal\/wp-content\/uploads\/2016\/08\/P1020812B.jpg\" alt=\"poissons-lac-leman\" width=\"1000\" height=\"563\" srcset=\"https:\/\/bale.ch\/journal\/wp-content\/uploads\/2016\/08\/P1020812B.jpg 1000w, https:\/\/bale.ch\/journal\/wp-content\/uploads\/2016\/08\/P1020812B-300x169.jpg 300w, https:\/\/bale.ch\/journal\/wp-content\/uploads\/2016\/08\/P1020812B-768x432.jpg 768w\" sizes=\"auto, (max-width: 1000px) 100vw, 1000px\" \/><\/a><\/p>\n<p>&nbsp;<\/p>\n<p>Lorsque les f\u00e9ras sont lib\u00e9r\u00e9es, elles \u00e9mettent un cri d\u00e9chirant, comme un r\u00e2le profond, qui me surprend de prime abord puis m\u2019\u00e9meut tant il exprime la douleur. C\u2019est la premi\u00e8re fois que j\u2019entends le cri du poisson. Je me demande si en nageant, il \u00e9met des sons audibles par l\u2019homme. Le jour commence \u00e0 se lever, une lumi\u00e8re discr\u00e8te se glisse entre les nuages et la lune, le noir c\u00e8de la place aux d\u00e9grad\u00e9s de bleu, et les go\u00e9lands s\u2019invitent autour de notre barque. Ils nous observent sachant que bient\u00f4t, ils pourront recueillir leur pitance. Les restes de f\u00e9ra, poisson d\u00e9licat et fragile, leur seront rendus bient\u00f4t. Si une f\u00e9ra sort des filets morte, elle est jet\u00e9e au lac o\u00f9 les carnassiers, tels la boya, grande perche, ou le brochet, en feront rapidement leur affaire personnelle. Les huit filets ne sont pas encore remont\u00e9s, d\u00e9j\u00e0 J\u00e9r\u00e9mie vide les poissons et les d\u00e9pose dans les bacs garnis de glace. Le festin des go\u00e9lands peut commencer en grande pompe. Cris, battements d\u2019ailes, claquements de becs, vols rapides, tous les coups sont permis, ce n\u2019est pas le supermarch\u00e9, c\u2019est la nature dans toute sa beaut\u00e9, dans toute sa cruaut\u00e9, dans toute sa magnificence. Je reste p\u00e9trifi\u00e9e devant ce spectacle o\u00f9 tout le monde lutte pour sa survie, m\u00eame \u00e9ventr\u00e9es les f\u00e9ras fr\u00e9tillent encore. Il est 6h30, je dois bien avouer que mon app\u00e9tit se r\u00e9veille aussi\u2026 Un go\u00e9land vient se poser sur le moteur du bateau, aurait-il rep\u00e9r\u00e9 les miettes de mon scone? Il nous toise alors que nous sommes tous affair\u00e9s \u00e0 nos t\u00e2ches respectives. Ayant bien observ\u00e9 le rangement des flotteurs, je m\u2019y colle : mon apprentissage d\u00e9bute !<\/p>\n<p>Apr\u00e8s avoir sorti tous les filets et rang\u00e9 toutes les f\u00e9ras au frais, je constate que les go\u00e9lands continuent de nous poursuivre \u00e0 un m\u00e8tre au-dessus de nos t\u00eates. A l\u2019aff\u00fbt, ils ne l\u00e2chent rien, mais nos r\u00e9serves sont vides et progressivement, ils renoncent. La nuit a laiss\u00e9 place au jour. Le vrombissement de notre moteur n\u2019est plus seul sur le lac. Mon estomac r\u00e9clame de la nourriture \u00e0 grands cris, je n\u2019ai plus rien \u00e0 lui offrir. Ce ne sont certes pas les f\u00e9ras drap\u00e9es de glace qui vont me mettre l\u2019eau \u00e0 la bouche, non, pas \u00e0 cette heure.<\/p>\n<figure id=\"attachment_1676\" class=\"wp-caption aligncenter\"><img loading=\"lazy\" decoding=\"async\" class=\"wp-image-1676 size-full\" src=\"http:\/\/www.kaleidoscopes.ch\/wp-content\/uploads\/2016\/08\/P1020804B.jpg\" alt=\"Go\u00e9lands, lac L\u00e9man, Suisse.\" width=\"1000\" height=\"790\" \/><figcaption class=\"wp-caption-text\"><em>Go\u00e9lands, lac L\u00e9man.<\/em><\/figcaption><\/figure>\n<p>Nicolas d\u00e9pose J\u00e9r\u00e9mie et leur p\u00e8re au port d\u2019Allaman, puis nous filons vers Prangins o\u00f9 la famille poss\u00e8de une cabane ainsi que deux embarcations. La promenade est belle. Les yeux ferm\u00e9s de Nicolas \u00e0 la barre ne m\u2019inqui\u00e8tent gu\u00e8re, je me laisse porter au gr\u00e9 du vent et des flots. Une derni\u00e8re crique puis le ch\u00e2teau de Nyon appara\u00eet dominant cette partie du lac avec une majest\u00e9 sans pareil. Nous virons sur la droite et arrivons \u00e0 bon port.<\/p>\n<p>Premi\u00e8re mission : s\u2019occuper des soixante kilos de f\u00e9ras. Maintenant qu\u2019elles sont \u00e9ventr\u00e9es, leurs \u00e9cailles doivent dispara\u00eetre. Une machine incroyablement efficace se charge du travail, d\u00e9corant au passage les alentours de la cabane, ainsi que les proches rives du lac de petits points scintillants et color\u00e9s \u00e9voquant les tableaux de Seurat. Deux canettes ayant \u00e9lu domicile sur ces rivages cancanent en se tordant pour attraper tout ce qui passe pr\u00e8s d\u2019elles et qui pourrait s\u2019av\u00e9rer comestible ! Apr\u00e8s les \u00e9cailles dont elles font peu de cas, elles sont heureuses de d\u00e9couvrir des restes de visc\u00e8res glissant vers le lac, emport\u00e9s par le flot d\u2019eau lib\u00e9r\u00e9 par l\u2019\u00e9cailleuse.<\/p>\n<p>Lorsque les f\u00e9ras sont bien au frais, Nicolas et moi embarquons les filets meniers \u00e0 perches. J\u2019apprends, non sans stupeur, que les formes ovales sur les filets sont des flotteurs et non des app\u00e2ts, comme je l\u2019avais toujours pens\u00e9. Nicolas observe le lac et choisit une zone qu\u2019il esp\u00e8re propice. D\u00e9licatement, les filets sont install\u00e9s. Nous reviendrons en milieu d\u2019apr\u00e8s-midi afin de d\u00e9couvrir ce que la nature nous aura r\u00e9serv\u00e9 aujourd\u2019hui. Nicolas esp\u00e8re que la p\u00eache portera ses fruits et me dit : \u00ab\u00a0On p\u00eacherait une tonne de perches par jour, qu\u2019on les vendrait. La demande est tr\u00e8s importante\u00a0\u00bb. De nouveau en \u00ab\u00a0plein lac\u00a0\u00bb avec le vent et le soleil, je savoure de tous mes sens, ces minutes pr\u00e9cieuses qui me sont donn\u00e9es \u00e0 vivre.<\/p>\n<p>C\u2019est au tour de Mesdames les gourmandes \u00e9crevisses de nous tendre les pinces, attention, \u00e7a fait mal! Dix nasses \u00e0 visiter, elles ont \u00e9t\u00e9 plac\u00e9es hier apr\u00e8s-midi. A l\u2019int\u00e9rieur, des restes d\u2019omble chevalier pour les attirer. Le r\u00e9sultat n\u2019est pas \u00e0 la hauteur des esp\u00e9rances de Nicolas : douze kilos. Il appelle directement un coll\u00e8gue de Nyon pour l\u2019informer de la nouvelle, les \u00e9crevisses sont vendues de suite, et nous allons les livrer, en bateau bien s\u00fbr ! Nicolas m\u2019explique : \u00ab\u00a0Aujourd\u2019hui, il y a une bonne entente entre les p\u00eacheurs. On travaille ensemble. Ce n\u2019est pas comme \u00e0 l\u2019\u00e9poque de mon p\u00e8re o\u00f9 ils se tiraient dans les pattes. Je sais qu\u2019il a une grosse commande d\u2019\u00e9crevisse \u00e0 honorer\u00a0\u00bb. Il est maintenant presque 10h. De retour \u00e0 Prangins, je demande \u00e0 Nicolas o\u00f9 je peux acheter de la nourriture, car je crois bien que je vais m\u2019\u00e9vanouir ! Mais voil\u00e0 M. Clerc et J\u00e9r\u00e9mie, les bras charg\u00e9s de victuailles ! P\u00e2t\u00e9 \u00e0 la viande, jambon, fromage, pain, salade de poulpes, j\u2019en passe! Assise sur une chaise macul\u00e9e de caf\u00e9 et couverte de poussi\u00e8re, entour\u00e9e de filets de p\u00eache et mes affaires d\u00e9cor\u00e9es d\u2019\u00e9cailles, je me r\u00e9gale, et suis au paradis. La v\u00e9tust\u00e9 du lieu ajoute au charme du voyage ! Les p\u00eacheurs ont d\u2019autres (poissons-) chats \u00e0 fouetter !<\/p>\n<p>&nbsp;<\/p>\n<p><a href=\"https:\/\/bale.ch\/journal\/wp-content\/uploads\/2016\/08\/P1020926B.jpg\"><img loading=\"lazy\" decoding=\"async\" class=\"alignnone wp-image-702 size-full\" src=\"https:\/\/bale.ch\/journal\/wp-content\/uploads\/2016\/08\/P1020926B.jpg\" alt=\"P1020926B\" width=\"1000\" height=\"1000\" srcset=\"https:\/\/bale.ch\/journal\/wp-content\/uploads\/2016\/08\/P1020926B.jpg 1000w, https:\/\/bale.ch\/journal\/wp-content\/uploads\/2016\/08\/P1020926B-150x150.jpg 150w, https:\/\/bale.ch\/journal\/wp-content\/uploads\/2016\/08\/P1020926B-300x300.jpg 300w, https:\/\/bale.ch\/journal\/wp-content\/uploads\/2016\/08\/P1020926B-768x768.jpg 768w, https:\/\/bale.ch\/journal\/wp-content\/uploads\/2016\/08\/P1020926B-50x50.jpg 50w\" sizes=\"auto, (max-width: 1000px) 100vw, 1000px\" \/><\/a><\/p>\n<p>&nbsp;<\/p>\n<p>Mais, ici, pas de place \u00e0 la r\u00eaverie, il faut s\u2019activer pour la suite de la journ\u00e9e ! Mission : p\u00eache \u00e0 la monte ! Cette derni\u00e8re repr\u00e9sente la p\u00eache traditionnelle, du moins \u00e0 mes yeux. Un long filet dessinant la forme d\u2019un cercle est d\u00e9pos\u00e9 dans l\u2019eau, puis deux p\u00eacheurs soul\u00e8vent chacun des c\u00f4t\u00e9s. La r\u00e9compense se situe dans \u00ab\u00a0la poche\u00a0\u00bb. Par cinq fois, nous allons tenter notre chance. Le rituel est toujours le m\u00eame : d\u2019abord on jette l\u2019ancre garnie d\u2019une bou\u00e9e orange bien visible, ensuite, on d\u00e9pose le filet d\u00e9cor\u00e9 de carrelages ou de \u00ab\u00a0catelles\u00a0\u00bb, comme on dit en Suisse romande, enfin \u00ab\u00a0d\u00e9cor\u00e9\u00a0\u00bb, ce n\u2019est pas tout \u00e0 fait exact ! Car cela repr\u00e9sente le poids n\u00e9cessaire afin que le filet descende dans les profondeurs ! Finalement, deux p\u00eacheurs tirent sur chacune des extr\u00e9mit\u00e9s jusqu\u2019\u00e0 ce que la poche arrive pr\u00e8s de la surface, alors un seul p\u00eacheur soul\u00e8ve la p\u00eache puis la d\u00e9verse sur le pont. Nos poches nous offrent des brochets de trois kilos et des boyas en quantit\u00e9 ! Le soleil tape sur le lac. N\u2019y tenant plus, j\u2019enl\u00e8ve mes bottes de pluie : me voici donc pieds nus sur un bateau glissant dont le pont est jonch\u00e9 de poissons piquants y \u00ab\u00a0circulant\u00a0\u00bb en toute libert\u00e9. En effet, ils se d\u00e9battent avec tant de vigueur qu\u2019ils sortent des caisses \u00e0 chaque saut. Inutile de les ranger \u00e0 chaque fois. Aussi je choisis de me caler dans un coin, et me contente de prendre des photos.<\/p>\n<p>Enfin le retour sur Prangins est annonc\u00e9 ! Je n\u2019ai jamais \u00e9t\u00e9 aussi ravie de retrouver l\u2019ombre. Quel bonheur, quel douceur ! J\u00e9r\u00e9mie et Nicolas pr\u00e9parent les brochets qui viennent d\u2019\u00eatre vendus \u00e0 un poissonnier. Ecaill\u00e9s, \u00e9ventr\u00e9s, lav\u00e9s \u00e0 terre, la botte sur la queue, avec un jet d\u2019eau si puissant qu\u2019il ressemble \u00e0 un K\u00e4rcher ! Le poissonnier arrive, prend de suite la marchandise sans demander son reste. Je me remets de toutes mes \u00e9motions de la journ\u00e9e dont je ne suis pourtant pas pr\u00e8s de voir la fin, il est environ 14h. Petite pause d\u00e9gustation ! Au programme une glace, cassis-mangue, que M. Clerc est all\u00e9 nous acheter. Entre deux cuiller\u00e9es, il \u00e9voque ses souvenirs de stars du Festival de Montreux qui passaient un moment avec lui au retour de leur concert, \u00e0 l\u2019aube. En effet, la maison juste \u00e0 c\u00f4t\u00e9 abritait un h\u00f4tel de luxe \u00e0 l\u2019\u00e9poque. Il a bavard\u00e9 avec Nina Simone, V\u00e9ronique Sanson.<\/p>\n<p>Nicolas et moi repartons ensuite vers nos filets meniers. Combien de perches aurons-nous la surprise de d\u00e9couvrir? Nous arrivons pr\u00e8s de la bou\u00e9e et apr\u00e8s avoir install\u00e9 la barre m\u00e9tallique o\u00f9 les filets se rangent, Nicolas commence \u00e0 tirer\u2026 Pas grand chose \u00e0 l\u2019horizon, tout \u00e0 coup une, puis deux, trois poissons apparaissent. Je demande si je peux mettre la main au filet et d\u00e9gager les perches. Nicolas accepte, voil\u00e0 que je continue mon apprentissage. Les perches piquent ! Il faut se gaffer, comme on dit dans cette r\u00e9gion, car, \u00e9videmment c\u2019est au niveau de la t\u00eate que les filets sont le plus d\u00e9licats \u00e0 retirer ! Mais ce n\u2019est pas le pire ! Les filets sont bourr\u00e9s d\u2019\u00e9crevisses dont toutes les pattes et les pinces sont emm\u00eal\u00e9es, de la folie !!!!! Un peu d\u2019appr\u00e9hension \u00e0 la premi\u00e8re que je jette dans le bac \u00e0 glace avec force, pour ne pas dire violence, d\u00e8s qu\u2019elle est libre. Au bout de la quatri\u00e8me, je me sens plus \u00e0 l\u2019aise, et commence \u00e0 inventer une histoire d\u2019\u00e9crevisse qui n\u2019\u00e9coute pas sa m\u00e8re et se retrouve toujours dans des situations impossibles, du fait de sa curiosit\u00e9 et de son imp\u00e9tuosit\u00e9 ! Cette fois, pas de retour envisageable, pourtant sa maman lui avait bien dit de ne pas tenter de jouer au Mikado avec les filets ! Enfin, dans le lac, la vie n\u2019est pas de tout repos, m\u00eame pour les \u00e9crevisses, car si elles ne tombent pas dans les mailles ou les nasses des p\u00eacheurs, les boyas en font bonne ch\u00e8re, et les avalent avec leur carapace ! Quant aux corbeaux, apr\u00e8s les avoir p\u00each\u00e9es, ils les jettent du ciel pour les voir se fracasser au sol et se repa\u00eetre ainsi de leur chair ! Voil\u00e0 qui fait froid dans le dos !<\/p>\n<p><img loading=\"lazy\" decoding=\"async\" class=\"size-full wp-image-1678\" src=\"http:\/\/www.kaleidoscopes.ch\/wp-content\/uploads\/2016\/08\/P1020918B.jpg\" alt=\"Filet de la p\u00eache \u00e0 la monte, lac L\u00e9man, Suisse.\" width=\"1000\" height=\"1000\" \/><\/p>\n<p><em>Filet de la p\u00eache \u00e0 la monte, lac L\u00e9man.<\/em><\/p>\n<p>Maintenant que les dix-sept heures ont sonn\u00e9, Nicolas et J\u00e9r\u00e9mie peuvent d\u00e9poser les grands pics pour la p\u00eache du lendemain. Nous voici donc en route. Nous avons \u00e9vit\u00e9 la pluie qui tombait sur le Festival Pal\u00e9o, la lumi\u00e8re change et pendant que nous remontons vers Allaman deux paysages compl\u00e8tement diff\u00e9rents s\u2019offrent \u00e0 mes yeux. Sur ma gauche le vert du Jura et des arbres en bordure du lac, sur ma droite, le bleu du lac, des montagnes voil\u00e9es et du ciel. C\u2019est absolument incroyable! Je r\u00eave un peu, puis Nicolas me donne la barre en me disant \u00ab\u00a0Tu veux conduire?\u00a0\u00bb Me voici aux commandes. J\u2019h\u00e9site un peu sur la vitesse, mais Nicolas me fait signe d\u2019y aller, alors, je fonce. Le vent s\u2019emporte un peu plus, les vagues nous \u00e9claboussent, je souris \u00e0 la nature et \u00e0 la vie.<\/p>\n<p>J\u2019ai pass\u00e9 une journ\u00e9e extraordinaire, en compagnie de p\u00eacheurs respectueux de leur environnement et dont l\u2019amour de leur m\u00e9tier transpara\u00eet dans chacun de leurs gestes, dans chacune de leur parole. Je repars le c\u0153ur combl\u00e9. Dans ma besace : une mousse et un tartare de f\u00e9ra avec des filets de perches, le tout pr\u00e9par\u00e9 par mes acolytes ! Quel d\u00e9lice ! Quel bonheur !<\/p>\n<p>NDS<\/p>\n<p><strong>A lire:<\/strong><\/p>\n<p>Robert Huysecom: <em>Mille ans de p\u00eache au L\u00e9man: des hommes, un lac, un m\u00e9tier<\/em>, \u00e9d.\u00a0La Sal\u00e9vienne, 1999 &#8211; 158 pages.<\/p>\n<div id=\"crieu-1456039620\" class=\"crieu-apres-le-contenu crieu-entity-placement\" style=\"margin-left: auto;margin-right: auto;text-align: center;\"><script async src=\"\/\/pagead2.googlesyndication.com\/pagead\/js\/adsbygoogle.js?client=ca-pub-5271584769416742\" crossorigin=\"anonymous\"><\/script><ins class=\"adsbygoogle\" style=\"display:block;\" data-ad-client=\"ca-pub-5271584769416742\" \ndata-ad-slot=\"9321250718\" \ndata-ad-format=\"auto\"><\/ins>\n<script> \n(adsbygoogle = window.adsbygoogle || []).push({}); \n<\/script>\n<\/div>","protected":false},"excerpt":{"rendered":"<p>Notre r\u00e9dactrice Natacha de Santignac nous plonge\u00a0dans le monde des p\u00eacheurs du lac L\u00e9man.<\/p>\n","protected":false},"author":5,"featured_media":695,"comment_status":"closed","ping_status":"closed","sticky":false,"template":"","format":"standard","meta":{"footnotes":""},"categories":[4],"tags":[63],"class_list":["post-693","post","type-post","status-publish","format-standard","has-post-thumbnail","hentry","category-grand-geneve","tag-grand-geneve-decouverte"],"yoast_head":"<!-- This site is optimized with the Yoast SEO plugin v28.3 - https:\/\/yoast.com\/product\/yoast-seo-wordpress\/ -->\n<title>Eclaboussures d&#039;\u00e9cailles: une journ\u00e9e de p\u00eache sur le L\u00e9man - Journal de B\u00e2le et Gen\u00e8ve<\/title>\n<meta name=\"robots\" content=\"index, follow, max-snippet:-1, max-image-preview:large, max-video-preview:-1\" \/>\n<link rel=\"canonical\" href=\"https:\/\/bale.ch\/journal\/peche-leman\/\" \/>\n<meta property=\"og:locale\" content=\"fr_FR\" \/>\n<meta property=\"og:type\" content=\"article\" \/>\n<meta property=\"og:title\" content=\"Eclaboussures d&#039;\u00e9cailles: une journ\u00e9e de p\u00eache sur le L\u00e9man - Journal de B\u00e2le et Gen\u00e8ve\" \/>\n<meta property=\"og:description\" content=\"Notre r\u00e9dactrice Natacha de Santignac nous plonge\u00a0dans le monde des p\u00eacheurs du lac L\u00e9man.\" \/>\n<meta property=\"og:url\" content=\"https:\/\/bale.ch\/journal\/peche-leman\/\" \/>\n<meta property=\"og:site_name\" content=\"Journal de B\u00e2le et Gen\u00e8ve\" \/>\n<meta property=\"article:published_time\" content=\"2016-08-25T08:54:12+00:00\" \/>\n<meta property=\"article:modified_time\" content=\"2016-08-27T07:07:37+00:00\" \/>\n<meta property=\"og:image\" content=\"https:\/\/bale.ch\/journal\/wp-content\/uploads\/2016\/08\/peche_leman_prangis.jpg\" \/>\n\t<meta property=\"og:image:width\" content=\"1000\" \/>\n\t<meta property=\"og:image:height\" content=\"1000\" \/>\n\t<meta property=\"og:image:type\" content=\"image\/jpeg\" \/>\n<meta name=\"author\" content=\"Natacha de Santignac\" \/>\n<meta name=\"twitter:card\" content=\"summary_large_image\" \/>\n<meta name=\"twitter:label1\" content=\"\u00c9crit par\" \/>\n\t<meta name=\"twitter:data1\" content=\"Natacha de Santignac\" \/>\n\t<meta name=\"twitter:label2\" content=\"Dur\u00e9e de lecture estim\u00e9e\" \/>\n\t<meta name=\"twitter:data2\" content=\"14 minutes\" \/>\n<script type=\"application\/ld+json\" class=\"yoast-schema-graph\">{\"@context\":\"https:\\\/\\\/schema.org\",\"@graph\":[{\"@type\":\"Article\",\"@id\":\"https:\\\/\\\/bale.ch\\\/journal\\\/peche-leman\\\/#article\",\"isPartOf\":{\"@id\":\"https:\\\/\\\/bale.ch\\\/journal\\\/peche-leman\\\/\"},\"author\":{\"name\":\"Natacha de Santignac\",\"@id\":\"https:\\\/\\\/bale.ch\\\/journal\\\/#\\\/schema\\\/person\\\/c9c2f300463adf9091a28673ecb80750\"},\"headline\":\"Eclaboussures d&rsquo;\u00e9cailles: une journ\u00e9e de p\u00eache sur le L\u00e9man\",\"datePublished\":\"2016-08-25T08:54:12+00:00\",\"dateModified\":\"2016-08-27T07:07:37+00:00\",\"mainEntityOfPage\":{\"@id\":\"https:\\\/\\\/bale.ch\\\/journal\\\/peche-leman\\\/\"},\"wordCount\":2898,\"publisher\":{\"@id\":\"https:\\\/\\\/bale.ch\\\/journal\\\/#organization\"},\"image\":{\"@id\":\"https:\\\/\\\/bale.ch\\\/journal\\\/peche-leman\\\/#primaryimage\"},\"thumbnailUrl\":\"https:\\\/\\\/bale.ch\\\/journal\\\/wp-content\\\/uploads\\\/2016\\\/08\\\/peche_leman_prangis.jpg\",\"keywords\":[\"Grand Gen\u00e8ve D\u00e9couverte\"],\"articleSection\":[\"Grand Gen\u00e8ve\"],\"inLanguage\":\"fr-FR\"},{\"@type\":\"WebPage\",\"@id\":\"https:\\\/\\\/bale.ch\\\/journal\\\/peche-leman\\\/\",\"url\":\"https:\\\/\\\/bale.ch\\\/journal\\\/peche-leman\\\/\",\"name\":\"Eclaboussures d'\u00e9cailles: une journ\u00e9e de p\u00eache sur le L\u00e9man - Journal de B\u00e2le et Gen\u00e8ve\",\"isPartOf\":{\"@id\":\"https:\\\/\\\/bale.ch\\\/journal\\\/#website\"},\"primaryImageOfPage\":{\"@id\":\"https:\\\/\\\/bale.ch\\\/journal\\\/peche-leman\\\/#primaryimage\"},\"image\":{\"@id\":\"https:\\\/\\\/bale.ch\\\/journal\\\/peche-leman\\\/#primaryimage\"},\"thumbnailUrl\":\"https:\\\/\\\/bale.ch\\\/journal\\\/wp-content\\\/uploads\\\/2016\\\/08\\\/peche_leman_prangis.jpg\",\"datePublished\":\"2016-08-25T08:54:12+00:00\",\"dateModified\":\"2016-08-27T07:07:37+00:00\",\"breadcrumb\":{\"@id\":\"https:\\\/\\\/bale.ch\\\/journal\\\/peche-leman\\\/#breadcrumb\"},\"inLanguage\":\"fr-FR\",\"potentialAction\":[{\"@type\":\"ReadAction\",\"target\":[\"https:\\\/\\\/bale.ch\\\/journal\\\/peche-leman\\\/\"]}]},{\"@type\":\"ImageObject\",\"inLanguage\":\"fr-FR\",\"@id\":\"https:\\\/\\\/bale.ch\\\/journal\\\/peche-leman\\\/#primaryimage\",\"url\":\"https:\\\/\\\/bale.ch\\\/journal\\\/wp-content\\\/uploads\\\/2016\\\/08\\\/peche_leman_prangis.jpg\",\"contentUrl\":\"https:\\\/\\\/bale.ch\\\/journal\\\/wp-content\\\/uploads\\\/2016\\\/08\\\/peche_leman_prangis.jpg\",\"width\":1000,\"height\":1000,\"caption\":\"La cabane de Prangins, canton de Vaud.\"},{\"@type\":\"BreadcrumbList\",\"@id\":\"https:\\\/\\\/bale.ch\\\/journal\\\/peche-leman\\\/#breadcrumb\",\"itemListElement\":[{\"@type\":\"ListItem\",\"position\":1,\"name\":\"Accueil\",\"item\":\"https:\\\/\\\/bale.ch\\\/journal\\\/\"},{\"@type\":\"ListItem\",\"position\":2,\"name\":\"Eclaboussures d&rsquo;\u00e9cailles: une journ\u00e9e de p\u00eache sur le L\u00e9man\"}]},{\"@type\":\"WebSite\",\"@id\":\"https:\\\/\\\/bale.ch\\\/journal\\\/#website\",\"url\":\"https:\\\/\\\/bale.ch\\\/journal\\\/\",\"name\":\"Journal de B\u00e2le et Gen\u00e8ve\",\"description\":\"M\u00e9dia transfrontalier d&#039;actualit\u00e9s - News\",\"publisher\":{\"@id\":\"https:\\\/\\\/bale.ch\\\/journal\\\/#organization\"},\"potentialAction\":[{\"@type\":\"SearchAction\",\"target\":{\"@type\":\"EntryPoint\",\"urlTemplate\":\"https:\\\/\\\/bale.ch\\\/journal\\\/?s={search_term_string}\"},\"query-input\":{\"@type\":\"PropertyValueSpecification\",\"valueRequired\":true,\"valueName\":\"search_term_string\"}}],\"inLanguage\":\"fr-FR\"},{\"@type\":\"Organization\",\"@id\":\"https:\\\/\\\/bale.ch\\\/journal\\\/#organization\",\"name\":\"Journal de B\u00e2le et Gen\u00e8ve\",\"url\":\"https:\\\/\\\/bale.ch\\\/journal\\\/\",\"logo\":{\"@type\":\"ImageObject\",\"inLanguage\":\"fr-FR\",\"@id\":\"https:\\\/\\\/bale.ch\\\/journal\\\/#\\\/schema\\\/logo\\\/image\\\/\",\"url\":\"https:\\\/\\\/bale.ch\\\/journal\\\/wp-content\\\/uploads\\\/2023\\\/07\\\/journaldebale_logo_2023_nb.png\",\"contentUrl\":\"https:\\\/\\\/bale.ch\\\/journal\\\/wp-content\\\/uploads\\\/2023\\\/07\\\/journaldebale_logo_2023_nb.png\",\"width\":371,\"height\":127,\"caption\":\"Journal de B\u00e2le et Gen\u00e8ve\"},\"image\":{\"@id\":\"https:\\\/\\\/bale.ch\\\/journal\\\/#\\\/schema\\\/logo\\\/image\\\/\"}},{\"@type\":\"Person\",\"@id\":\"https:\\\/\\\/bale.ch\\\/journal\\\/#\\\/schema\\\/person\\\/c9c2f300463adf9091a28673ecb80750\",\"name\":\"Natacha de Santignac\",\"image\":{\"@type\":\"ImageObject\",\"inLanguage\":\"fr-FR\",\"@id\":\"https:\\\/\\\/secure.gravatar.com\\\/avatar\\\/bf2e26e0c999fa3e29ea55d852a513d13a609e3bf13537baf6fcc8306b6a0cdf?s=96&d=mm&r=g\",\"url\":\"https:\\\/\\\/secure.gravatar.com\\\/avatar\\\/bf2e26e0c999fa3e29ea55d852a513d13a609e3bf13537baf6fcc8306b6a0cdf?s=96&d=mm&r=g\",\"contentUrl\":\"https:\\\/\\\/secure.gravatar.com\\\/avatar\\\/bf2e26e0c999fa3e29ea55d852a513d13a609e3bf13537baf6fcc8306b6a0cdf?s=96&d=mm&r=g\",\"caption\":\"Natacha de Santignac\"},\"description\":\"kaleidoscopes.ch\",\"sameAs\":[\"http:\\\/\\\/kaleidoscopes.ch\"],\"url\":\"https:\\\/\\\/bale.ch\\\/journal\\\/author\\\/nds\\\/\"}]}<\/script>\n<!-- \/ Yoast SEO plugin. -->","yoast_head_json":{"title":"Eclaboussures d'\u00e9cailles: une journ\u00e9e de p\u00eache sur le L\u00e9man - Journal de B\u00e2le et Gen\u00e8ve","robots":{"index":"index","follow":"follow","max-snippet":"max-snippet:-1","max-image-preview":"max-image-preview:large","max-video-preview":"max-video-preview:-1"},"canonical":"https:\/\/bale.ch\/journal\/peche-leman\/","og_locale":"fr_FR","og_type":"article","og_title":"Eclaboussures d'\u00e9cailles: une journ\u00e9e de p\u00eache sur le L\u00e9man - Journal de B\u00e2le et Gen\u00e8ve","og_description":"Notre r\u00e9dactrice Natacha de Santignac nous plonge\u00a0dans le monde des p\u00eacheurs du lac L\u00e9man.","og_url":"https:\/\/bale.ch\/journal\/peche-leman\/","og_site_name":"Journal de B\u00e2le et Gen\u00e8ve","article_published_time":"2016-08-25T08:54:12+00:00","article_modified_time":"2016-08-27T07:07:37+00:00","og_image":[{"width":1000,"height":1000,"url":"https:\/\/bale.ch\/journal\/wp-content\/uploads\/2016\/08\/peche_leman_prangis.jpg","type":"image\/jpeg"}],"author":"Natacha de Santignac","twitter_card":"summary_large_image","twitter_misc":{"\u00c9crit par":"Natacha de Santignac","Dur\u00e9e de lecture estim\u00e9e":"14 minutes"},"schema":{"@context":"https:\/\/schema.org","@graph":[{"@type":"Article","@id":"https:\/\/bale.ch\/journal\/peche-leman\/#article","isPartOf":{"@id":"https:\/\/bale.ch\/journal\/peche-leman\/"},"author":{"name":"Natacha de Santignac","@id":"https:\/\/bale.ch\/journal\/#\/schema\/person\/c9c2f300463adf9091a28673ecb80750"},"headline":"Eclaboussures d&rsquo;\u00e9cailles: une journ\u00e9e de p\u00eache sur le L\u00e9man","datePublished":"2016-08-25T08:54:12+00:00","dateModified":"2016-08-27T07:07:37+00:00","mainEntityOfPage":{"@id":"https:\/\/bale.ch\/journal\/peche-leman\/"},"wordCount":2898,"publisher":{"@id":"https:\/\/bale.ch\/journal\/#organization"},"image":{"@id":"https:\/\/bale.ch\/journal\/peche-leman\/#primaryimage"},"thumbnailUrl":"https:\/\/bale.ch\/journal\/wp-content\/uploads\/2016\/08\/peche_leman_prangis.jpg","keywords":["Grand Gen\u00e8ve D\u00e9couverte"],"articleSection":["Grand Gen\u00e8ve"],"inLanguage":"fr-FR"},{"@type":"WebPage","@id":"https:\/\/bale.ch\/journal\/peche-leman\/","url":"https:\/\/bale.ch\/journal\/peche-leman\/","name":"Eclaboussures d'\u00e9cailles: une journ\u00e9e de p\u00eache sur le L\u00e9man - Journal de B\u00e2le et Gen\u00e8ve","isPartOf":{"@id":"https:\/\/bale.ch\/journal\/#website"},"primaryImageOfPage":{"@id":"https:\/\/bale.ch\/journal\/peche-leman\/#primaryimage"},"image":{"@id":"https:\/\/bale.ch\/journal\/peche-leman\/#primaryimage"},"thumbnailUrl":"https:\/\/bale.ch\/journal\/wp-content\/uploads\/2016\/08\/peche_leman_prangis.jpg","datePublished":"2016-08-25T08:54:12+00:00","dateModified":"2016-08-27T07:07:37+00:00","breadcrumb":{"@id":"https:\/\/bale.ch\/journal\/peche-leman\/#breadcrumb"},"inLanguage":"fr-FR","potentialAction":[{"@type":"ReadAction","target":["https:\/\/bale.ch\/journal\/peche-leman\/"]}]},{"@type":"ImageObject","inLanguage":"fr-FR","@id":"https:\/\/bale.ch\/journal\/peche-leman\/#primaryimage","url":"https:\/\/bale.ch\/journal\/wp-content\/uploads\/2016\/08\/peche_leman_prangis.jpg","contentUrl":"https:\/\/bale.ch\/journal\/wp-content\/uploads\/2016\/08\/peche_leman_prangis.jpg","width":1000,"height":1000,"caption":"La cabane de Prangins, canton de Vaud."},{"@type":"BreadcrumbList","@id":"https:\/\/bale.ch\/journal\/peche-leman\/#breadcrumb","itemListElement":[{"@type":"ListItem","position":1,"name":"Accueil","item":"https:\/\/bale.ch\/journal\/"},{"@type":"ListItem","position":2,"name":"Eclaboussures d&rsquo;\u00e9cailles: une journ\u00e9e de p\u00eache sur le L\u00e9man"}]},{"@type":"WebSite","@id":"https:\/\/bale.ch\/journal\/#website","url":"https:\/\/bale.ch\/journal\/","name":"Journal de B\u00e2le et Gen\u00e8ve","description":"M\u00e9dia transfrontalier d&#039;actualit\u00e9s - News","publisher":{"@id":"https:\/\/bale.ch\/journal\/#organization"},"potentialAction":[{"@type":"SearchAction","target":{"@type":"EntryPoint","urlTemplate":"https:\/\/bale.ch\/journal\/?s={search_term_string}"},"query-input":{"@type":"PropertyValueSpecification","valueRequired":true,"valueName":"search_term_string"}}],"inLanguage":"fr-FR"},{"@type":"Organization","@id":"https:\/\/bale.ch\/journal\/#organization","name":"Journal de B\u00e2le et Gen\u00e8ve","url":"https:\/\/bale.ch\/journal\/","logo":{"@type":"ImageObject","inLanguage":"fr-FR","@id":"https:\/\/bale.ch\/journal\/#\/schema\/logo\/image\/","url":"https:\/\/bale.ch\/journal\/wp-content\/uploads\/2023\/07\/journaldebale_logo_2023_nb.png","contentUrl":"https:\/\/bale.ch\/journal\/wp-content\/uploads\/2023\/07\/journaldebale_logo_2023_nb.png","width":371,"height":127,"caption":"Journal de B\u00e2le et Gen\u00e8ve"},"image":{"@id":"https:\/\/bale.ch\/journal\/#\/schema\/logo\/image\/"}},{"@type":"Person","@id":"https:\/\/bale.ch\/journal\/#\/schema\/person\/c9c2f300463adf9091a28673ecb80750","name":"Natacha de Santignac","image":{"@type":"ImageObject","inLanguage":"fr-FR","@id":"https:\/\/secure.gravatar.com\/avatar\/bf2e26e0c999fa3e29ea55d852a513d13a609e3bf13537baf6fcc8306b6a0cdf?s=96&d=mm&r=g","url":"https:\/\/secure.gravatar.com\/avatar\/bf2e26e0c999fa3e29ea55d852a513d13a609e3bf13537baf6fcc8306b6a0cdf?s=96&d=mm&r=g","contentUrl":"https:\/\/secure.gravatar.com\/avatar\/bf2e26e0c999fa3e29ea55d852a513d13a609e3bf13537baf6fcc8306b6a0cdf?s=96&d=mm&r=g","caption":"Natacha de Santignac"},"description":"kaleidoscopes.ch","sameAs":["http:\/\/kaleidoscopes.ch"],"url":"https:\/\/bale.ch\/journal\/author\/nds\/"}]}},"_links":{"self":[{"href":"https:\/\/bale.ch\/journal\/wp-json\/wp\/v2\/posts\/693","targetHints":{"allow":["GET"]}}],"collection":[{"href":"https:\/\/bale.ch\/journal\/wp-json\/wp\/v2\/posts"}],"about":[{"href":"https:\/\/bale.ch\/journal\/wp-json\/wp\/v2\/types\/post"}],"author":[{"embeddable":true,"href":"https:\/\/bale.ch\/journal\/wp-json\/wp\/v2\/users\/5"}],"replies":[{"embeddable":true,"href":"https:\/\/bale.ch\/journal\/wp-json\/wp\/v2\/comments?post=693"}],"version-history":[{"count":15,"href":"https:\/\/bale.ch\/journal\/wp-json\/wp\/v2\/posts\/693\/revisions"}],"predecessor-version":[{"id":711,"href":"https:\/\/bale.ch\/journal\/wp-json\/wp\/v2\/posts\/693\/revisions\/711"}],"wp:featuredmedia":[{"embeddable":true,"href":"https:\/\/bale.ch\/journal\/wp-json\/wp\/v2\/media\/695"}],"wp:attachment":[{"href":"https:\/\/bale.ch\/journal\/wp-json\/wp\/v2\/media?parent=693"}],"wp:term":[{"taxonomy":"category","embeddable":true,"href":"https:\/\/bale.ch\/journal\/wp-json\/wp\/v2\/categories?post=693"},{"taxonomy":"post_tag","embeddable":true,"href":"https:\/\/bale.ch\/journal\/wp-json\/wp\/v2\/tags?post=693"}],"curies":[{"name":"wp","href":"https:\/\/api.w.org\/{rel}","templated":true}]}}