{"id":724,"date":"2016-11-07T21:18:36","date_gmt":"2016-11-07T21:18:36","guid":{"rendered":"http:\/\/bale.ch\/journal\/?p=724"},"modified":"2019-01-08T17:31:30","modified_gmt":"2019-01-08T17:31:30","slug":"une-localite-du-grand-geneve-provoque-la-colere-de-la-chine","status":"publish","type":"post","link":"https:\/\/bale.ch\/journal\/une-localite-du-grand-geneve-provoque-la-colere-de-la-chine\/","title":{"rendered":"Une localit\u00e9 du Grand Gen\u00e8ve provoque la col\u00e8re de la Chine"},"content":{"rendered":"<p><strong>L&rsquo;association Objectif Tibet est bas\u00e9e depuis de nombreuses ann\u00e9es dans la\u00a0commune de Sciez-sur-L\u00e9man, et le drapeau tib\u00e9tain flotte depuis longtemps devant l&rsquo;h\u00f4tel de ville, entre drapeaux savoyard, europ\u00e9en et fran\u00e7ais.<\/strong><br \/>\n<!--more--><\/p>\n<p>Apprenant qu&rsquo;une f\u00eate pour les 20 ans de l&rsquo;association allait \u00eatre organis\u00e9e, avec un pavoisement sp\u00e9cial, <em>\u00ab\u00a0une d\u00e9l\u00e9gation chinoise, consul et vice-consul en visite \u00e0 Lyon a pr\u00e9text\u00e9 un rendez-vous dans le cadre du tourisme pour intimer au maire, Jean-Luc Bidal de ne pas hisser le drapeau tib\u00e9tain, lui rappelant fermement que le Tibet n\u2019\u00e9tait qu\u2019une province chinoise, et que l\u2019initiative pourrait \u00eatre lourde de cons\u00e9quences\u2026\u00a0\u00bb<\/em>, d\u00e9voilent nos confr\u00e8res du <a href=\"http:\/\/www.lemessager.fr\/chablais\/le-maire-de-sciez-provoque-la-colere-des-autorites-chinoises-ia923b924n171748\" target=\"_blank\" rel=\"noopener\"><em>Messager<\/em><\/a>.<\/p>\n<p>Diverses rumeurs, dont celle de l&rsquo;\u00e9ventuelle venue du Dala\u00ef Lama, auraient attis\u00e9 la col\u00e8re des autorit\u00e9s chinoises.<\/p><div id=\"crieu-1151161572\" class=\"crieu-content crieu-entity-placement\"><script async src=\"\/\/pagead2.googlesyndication.com\/pagead\/js\/adsbygoogle.js?client=ca-pub-5271584769416742\" crossorigin=\"anonymous\"><\/script><ins class=\"adsbygoogle\" style=\"display:block;\" data-ad-client=\"ca-pub-5271584769416742\" \ndata-ad-slot=\"9321250718\" \ndata-ad-format=\"auto\"><\/ins>\n<script> \n(adsbygoogle = window.adsbygoogle || []).push({}); \n<\/script>\n<\/div>\n<p>Jean-Luc Bidal, h\u00e9ros d&rsquo;un jour, d\u00e9clare encore au <em>Messager<\/em>: \u00ab <i>Je ne suis pas homme \u00e0 courber l\u2019\u00e9chine<\/i>.\u00a0<i>C\u2019est hors de question ! Je suis attach\u00e9 aux libert\u00e9s, aucune n\u2019est respect\u00e9e l\u00e0-bas et qu\u2019en plus on vient me menacer ? Pour moi, \u00e7a veut dire que j\u2019ai doublement raison de soutenir le peuple tib\u00e9tain. Je pense que d\u2019ici une ann\u00e9e ou un peu plus, on tentera de faire venir \u00e0 Sciez le Dala\u00ef-lama avec le soutien du bureau du Tibet de Gen\u00e8ve et d\u2019associations concern\u00e9es. J\u2019ai de l\u2019estime pour les Chinois, mais l\u00e0, je pense que les officiels ont tort.<\/i> \u00bb<\/p>\n<p>Dans <a href=\"http:\/\/www.ledauphine.com\/haute-savoie\/2016\/11\/05\/le-consulat-de-chine-mecontent-des-manifestations-organisees-pour-le-tibet\" target=\"_blank\" rel=\"noopener\"><em>Le Dauphin\u00e9<\/em><\/a>, le premier magistrat en rajoute une couche: le Tibet, \u00ab\u00a0c\u2019est un pays qui a \u00e9t\u00e9 envahi, qui a \u00e9t\u00e9 asservi et \u00e0 Sciez, nous sommes tr\u00e8s sourcilleux pour la d\u00e9mocratie et la libre expression\u00a0\u00bb.<\/p>\n<table border=\"0\" width=\"95%\" align=\"center\">\n<tbody>\n<tr>\n<td class=\"Actutextesommaire\"><em>L&rsquo;ASSOCIATION OBJECTIF TIBET<\/em><\/td>\n<\/tr>\n<tr>\n<td class=\"Actutextesommaire\">\n<p class=\"Actutextesommaire-txt\"><em>L&rsquo;association Objectif Tibet a \u00e9t\u00e9 cr\u00e9\u00e9e en Janvier 1996 \u00e0 Thonon-les-Bains, sans buts lucratifs, cette association s&rsquo;est fix\u00e9e plusieurs missions :<\/em><\/p>\n<p class=\"Actutextesommaire-txt\"><em>1 &#8211; Faire conna\u00eetre le Tibet et la culture tib\u00e9taine par la cr\u00e9ation et la mise en oeuvre de manifestations, animations ou autres interventions publiques difffusants les divers aspects de la culture du Tibet en proposant des rencontres avec des communaut\u00e9s tib\u00e9taines voisines.<\/em><\/p>\n<p class=\"Actutextesommaire-txt\"><em>2 &#8211; Aide humanitaire par une aide financi\u00e8re ou mat\u00e9rielle aux nombreux tib\u00e9tains r\u00e9fugi\u00e9s en Inde, au N\u00e9pal, etc&#8230; en parrainant des enfants, des \u00e9tudiants ou des personnes ag\u00e9es, en soutenant des projets ponctuels tels que chauffe-eau solaire, dispensaire, etc.<\/em><\/p>\n<p class=\"Actutextesommaire-txt\"><em>3 &#8211; Protection de prisonniers Obtenir la protection de prisonniers d&rsquo;opinion tib\u00e9tains<br \/>\npar des municipalit\u00e9s en vue de leur lib\u00e9ration<br \/>\nAinsi le jeune moine Phurbu Tashi, emprisonn\u00e9 en 1993 \u00e0 l&rsquo;age de 13 ans et parrain\u00e9 par Thonon d\u00e8s 1995 a \u00e9t\u00e9 lib\u00e9r\u00e9 en avril 1999. Depuis juin 1998, Evian parraine Nawang Jungney, 29 ans d\u00e9tenu depuis janvier 93 et depuis mars 2006, Sciez parraine Dargay Gyatso<\/em><\/p>\n<p class=\"Actutextesommaire-txt\"><em>4 &#8211; D\u00e9fense des droits de l&rsquo;homme et de l&rsquo;environnement en agissant aupr\u00e8s des autorit\u00e9s concern\u00e9es et en sensibilisant un large public par le biais de lettres, de communiqu\u00e9s de presse, de p\u00e9titions, manifestations, etc. en participant \u00e0 des actions concert\u00e9es avec d&rsquo;autres groupes de Soutien au Tibet en France et dans le monde.<\/em><\/p>\n<p><a href=\"http:\/\/www.objectif-tibet.org\/\" target=\"_blank\" rel=\"noopener\">www.objectif-tibet.org<\/a><\/td>\n<\/tr>\n<\/tbody>\n<\/table>\n<div id=\"crieu-4024559793\" class=\"crieu-apres-le-contenu crieu-entity-placement\" style=\"margin-left: auto;margin-right: auto;text-align: center;\"><script async src=\"\/\/pagead2.googlesyndication.com\/pagead\/js\/adsbygoogle.js?client=ca-pub-5271584769416742\" crossorigin=\"anonymous\"><\/script><ins class=\"adsbygoogle\" style=\"display:block;\" data-ad-client=\"ca-pub-5271584769416742\" \ndata-ad-slot=\"9321250718\" \ndata-ad-format=\"auto\"><\/ins>\n<script> \n(adsbygoogle = window.adsbygoogle || []).push({}); \n<\/script>\n<\/div>","protected":false},"excerpt":{"rendered":"<p>L&rsquo;association Objectif Tibet est bas\u00e9e depuis de nombreuses ann\u00e9es dans la\u00a0commune de Sciez-sur-L\u00e9man, et le drapeau tib\u00e9tain flotte depuis longtemps devant l&rsquo;h\u00f4tel de ville, entre drapeaux savoyard, europ\u00e9en et fran\u00e7ais.<\/p>\n","protected":false},"author":3,"featured_media":725,"comment_status":"closed","ping_status":"closed","sticky":false,"template":"","format":"standard","meta":{"footnotes":""},"categories":[4],"tags":[67,65,59,80,66],"class_list":["post-724","post","type-post","status-publish","format-standard","has-post-thumbnail","hentry","category-grand-geneve","tag-chine","tag-droits-de-lhomme","tag-grand-geneve","tag-sciez","tag-tibet"],"yoast_head":"<!-- This site is optimized with the Yoast SEO plugin v28.3 - https:\/\/yoast.com\/product\/yoast-seo-wordpress\/ -->\n<title>Une localit\u00e9 du Grand Gen\u00e8ve provoque la col\u00e8re de la Chine - Journal de B\u00e2le et Gen\u00e8ve<\/title>\n<meta name=\"robots\" content=\"index, follow, max-snippet:-1, max-image-preview:large, max-video-preview:-1\" \/>\n<link rel=\"canonical\" href=\"https:\/\/bale.ch\/journal\/une-localite-du-grand-geneve-provoque-la-colere-de-la-chine\/\" \/>\n<meta property=\"og:locale\" content=\"fr_FR\" \/>\n<meta property=\"og:type\" content=\"article\" \/>\n<meta property=\"og:title\" content=\"Une localit\u00e9 du Grand Gen\u00e8ve provoque la col\u00e8re de la Chine - Journal de B\u00e2le et Gen\u00e8ve\" \/>\n<meta property=\"og:description\" content=\"L&rsquo;association Objectif Tibet est bas\u00e9e depuis de nombreuses ann\u00e9es dans la\u00a0commune de Sciez-sur-L\u00e9man, et le drapeau tib\u00e9tain flotte depuis longtemps devant l&rsquo;h\u00f4tel de ville, entre drapeaux savoyard, europ\u00e9en et fran\u00e7ais.\" \/>\n<meta property=\"og:url\" content=\"https:\/\/bale.ch\/journal\/une-localite-du-grand-geneve-provoque-la-colere-de-la-chine\/\" \/>\n<meta property=\"og:site_name\" content=\"Journal de B\u00e2le et Gen\u00e8ve\" \/>\n<meta property=\"article:published_time\" content=\"2016-11-07T21:18:36+00:00\" \/>\n<meta property=\"article:modified_time\" content=\"2019-01-08T17:31:30+00:00\" \/>\n<meta property=\"og:image\" content=\"https:\/\/bale.ch\/journal\/wp-content\/uploads\/2016\/11\/entree-ouest-Sciez-rond-point_tibet.jpg\" \/>\n\t<meta property=\"og:image:width\" content=\"960\" \/>\n\t<meta property=\"og:image:height\" content=\"640\" \/>\n\t<meta property=\"og:image:type\" content=\"image\/jpeg\" \/>\n<meta name=\"author\" content=\"Alban Lavy\" \/>\n<meta name=\"twitter:card\" content=\"summary_large_image\" \/>\n<meta name=\"twitter:label1\" content=\"\u00c9crit par\" \/>\n\t<meta name=\"twitter:data1\" content=\"Alban Lavy\" \/>\n\t<meta name=\"twitter:label2\" content=\"Dur\u00e9e de lecture estim\u00e9e\" \/>\n\t<meta name=\"twitter:data2\" content=\"3 minutes\" \/>\n<script type=\"application\/ld+json\" class=\"yoast-schema-graph\">{\"@context\":\"https:\\\/\\\/schema.org\",\"@graph\":[{\"@type\":\"Article\",\"@id\":\"https:\\\/\\\/bale.ch\\\/journal\\\/une-localite-du-grand-geneve-provoque-la-colere-de-la-chine\\\/#article\",\"isPartOf\":{\"@id\":\"https:\\\/\\\/bale.ch\\\/journal\\\/une-localite-du-grand-geneve-provoque-la-colere-de-la-chine\\\/\"},\"author\":{\"name\":\"Alban Lavy\",\"@id\":\"https:\\\/\\\/bale.ch\\\/journal\\\/#\\\/schema\\\/person\\\/41bc7f908af0ffea5e38b8c5702e5626\"},\"headline\":\"Une localit\u00e9 du Grand Gen\u00e8ve provoque la col\u00e8re de la Chine\",\"datePublished\":\"2016-11-07T21:18:36+00:00\",\"dateModified\":\"2019-01-08T17:31:30+00:00\",\"mainEntityOfPage\":{\"@id\":\"https:\\\/\\\/bale.ch\\\/journal\\\/une-localite-du-grand-geneve-provoque-la-colere-de-la-chine\\\/\"},\"wordCount\":560,\"publisher\":{\"@id\":\"https:\\\/\\\/bale.ch\\\/journal\\\/#organization\"},\"image\":{\"@id\":\"https:\\\/\\\/bale.ch\\\/journal\\\/une-localite-du-grand-geneve-provoque-la-colere-de-la-chine\\\/#primaryimage\"},\"thumbnailUrl\":\"https:\\\/\\\/bale.ch\\\/journal\\\/wp-content\\\/uploads\\\/2016\\\/11\\\/entree-ouest-Sciez-rond-point_tibet.jpg\",\"keywords\":[\"Chine\",\"Droits de l'homme\",\"Grand Gen\u00e8ve\",\"Sciez\",\"Tibet\"],\"articleSection\":[\"Grand Gen\u00e8ve\"],\"inLanguage\":\"fr-FR\"},{\"@type\":\"WebPage\",\"@id\":\"https:\\\/\\\/bale.ch\\\/journal\\\/une-localite-du-grand-geneve-provoque-la-colere-de-la-chine\\\/\",\"url\":\"https:\\\/\\\/bale.ch\\\/journal\\\/une-localite-du-grand-geneve-provoque-la-colere-de-la-chine\\\/\",\"name\":\"Une localit\u00e9 du Grand Gen\u00e8ve provoque la col\u00e8re de la Chine - Journal de B\u00e2le et Gen\u00e8ve\",\"isPartOf\":{\"@id\":\"https:\\\/\\\/bale.ch\\\/journal\\\/#website\"},\"primaryImageOfPage\":{\"@id\":\"https:\\\/\\\/bale.ch\\\/journal\\\/une-localite-du-grand-geneve-provoque-la-colere-de-la-chine\\\/#primaryimage\"},\"image\":{\"@id\":\"https:\\\/\\\/bale.ch\\\/journal\\\/une-localite-du-grand-geneve-provoque-la-colere-de-la-chine\\\/#primaryimage\"},\"thumbnailUrl\":\"https:\\\/\\\/bale.ch\\\/journal\\\/wp-content\\\/uploads\\\/2016\\\/11\\\/entree-ouest-Sciez-rond-point_tibet.jpg\",\"datePublished\":\"2016-11-07T21:18:36+00:00\",\"dateModified\":\"2019-01-08T17:31:30+00:00\",\"breadcrumb\":{\"@id\":\"https:\\\/\\\/bale.ch\\\/journal\\\/une-localite-du-grand-geneve-provoque-la-colere-de-la-chine\\\/#breadcrumb\"},\"inLanguage\":\"fr-FR\",\"potentialAction\":[{\"@type\":\"ReadAction\",\"target\":[\"https:\\\/\\\/bale.ch\\\/journal\\\/une-localite-du-grand-geneve-provoque-la-colere-de-la-chine\\\/\"]}]},{\"@type\":\"ImageObject\",\"inLanguage\":\"fr-FR\",\"@id\":\"https:\\\/\\\/bale.ch\\\/journal\\\/une-localite-du-grand-geneve-provoque-la-colere-de-la-chine\\\/#primaryimage\",\"url\":\"https:\\\/\\\/bale.ch\\\/journal\\\/wp-content\\\/uploads\\\/2016\\\/11\\\/entree-ouest-Sciez-rond-point_tibet.jpg\",\"contentUrl\":\"https:\\\/\\\/bale.ch\\\/journal\\\/wp-content\\\/uploads\\\/2016\\\/11\\\/entree-ouest-Sciez-rond-point_tibet.jpg\",\"width\":960,\"height\":640,\"caption\":\"Le maire de Sciez-sur-L\u00e9man, au centre (Photomontage Savoie.news)\"},{\"@type\":\"BreadcrumbList\",\"@id\":\"https:\\\/\\\/bale.ch\\\/journal\\\/une-localite-du-grand-geneve-provoque-la-colere-de-la-chine\\\/#breadcrumb\",\"itemListElement\":[{\"@type\":\"ListItem\",\"position\":1,\"name\":\"Accueil\",\"item\":\"https:\\\/\\\/bale.ch\\\/journal\\\/\"},{\"@type\":\"ListItem\",\"position\":2,\"name\":\"Une localit\u00e9 du Grand Gen\u00e8ve provoque la col\u00e8re de la Chine\"}]},{\"@type\":\"WebSite\",\"@id\":\"https:\\\/\\\/bale.ch\\\/journal\\\/#website\",\"url\":\"https:\\\/\\\/bale.ch\\\/journal\\\/\",\"name\":\"Journal de B\u00e2le et Gen\u00e8ve\",\"description\":\"M\u00e9dia transfrontalier d&#039;actualit\u00e9s - News\",\"publisher\":{\"@id\":\"https:\\\/\\\/bale.ch\\\/journal\\\/#organization\"},\"potentialAction\":[{\"@type\":\"SearchAction\",\"target\":{\"@type\":\"EntryPoint\",\"urlTemplate\":\"https:\\\/\\\/bale.ch\\\/journal\\\/?s={search_term_string}\"},\"query-input\":{\"@type\":\"PropertyValueSpecification\",\"valueRequired\":true,\"valueName\":\"search_term_string\"}}],\"inLanguage\":\"fr-FR\"},{\"@type\":\"Organization\",\"@id\":\"https:\\\/\\\/bale.ch\\\/journal\\\/#organization\",\"name\":\"Journal de B\u00e2le et Gen\u00e8ve\",\"url\":\"https:\\\/\\\/bale.ch\\\/journal\\\/\",\"logo\":{\"@type\":\"ImageObject\",\"inLanguage\":\"fr-FR\",\"@id\":\"https:\\\/\\\/bale.ch\\\/journal\\\/#\\\/schema\\\/logo\\\/image\\\/\",\"url\":\"https:\\\/\\\/bale.ch\\\/journal\\\/wp-content\\\/uploads\\\/2023\\\/07\\\/journaldebale_logo_2023_nb.png\",\"contentUrl\":\"https:\\\/\\\/bale.ch\\\/journal\\\/wp-content\\\/uploads\\\/2023\\\/07\\\/journaldebale_logo_2023_nb.png\",\"width\":371,\"height\":127,\"caption\":\"Journal de B\u00e2le et Gen\u00e8ve\"},\"image\":{\"@id\":\"https:\\\/\\\/bale.ch\\\/journal\\\/#\\\/schema\\\/logo\\\/image\\\/\"}},{\"@type\":\"Person\",\"@id\":\"https:\\\/\\\/bale.ch\\\/journal\\\/#\\\/schema\\\/person\\\/41bc7f908af0ffea5e38b8c5702e5626\",\"name\":\"Alban Lavy\",\"image\":{\"@type\":\"ImageObject\",\"inLanguage\":\"fr-FR\",\"@id\":\"https:\\\/\\\/secure.gravatar.com\\\/avatar\\\/4978c5bb7295400e15bebf9881bc4db7866592bc59ffa2f62511214a10f68804?s=96&d=mm&r=g\",\"url\":\"https:\\\/\\\/secure.gravatar.com\\\/avatar\\\/4978c5bb7295400e15bebf9881bc4db7866592bc59ffa2f62511214a10f68804?s=96&d=mm&r=g\",\"contentUrl\":\"https:\\\/\\\/secure.gravatar.com\\\/avatar\\\/4978c5bb7295400e15bebf9881bc4db7866592bc59ffa2f62511214a10f68804?s=96&d=mm&r=g\",\"caption\":\"Alban Lavy\"},\"sameAs\":[\"http:\\\/\\\/bale.ch\\\/administration\\\/zeitung\\\/albanlavy\\\/\"],\"url\":\"https:\\\/\\\/bale.ch\\\/journal\\\/author\\\/lavy\\\/\"}]}<\/script>\n<!-- \/ Yoast SEO plugin. -->","yoast_head_json":{"title":"Une localit\u00e9 du Grand Gen\u00e8ve provoque la col\u00e8re de la Chine - Journal de B\u00e2le et Gen\u00e8ve","robots":{"index":"index","follow":"follow","max-snippet":"max-snippet:-1","max-image-preview":"max-image-preview:large","max-video-preview":"max-video-preview:-1"},"canonical":"https:\/\/bale.ch\/journal\/une-localite-du-grand-geneve-provoque-la-colere-de-la-chine\/","og_locale":"fr_FR","og_type":"article","og_title":"Une localit\u00e9 du Grand Gen\u00e8ve provoque la col\u00e8re de la Chine - Journal de B\u00e2le et Gen\u00e8ve","og_description":"L&rsquo;association Objectif Tibet est bas\u00e9e depuis de nombreuses ann\u00e9es dans la\u00a0commune de Sciez-sur-L\u00e9man, et le drapeau tib\u00e9tain flotte depuis longtemps devant l&rsquo;h\u00f4tel de ville, entre drapeaux savoyard, europ\u00e9en et fran\u00e7ais.","og_url":"https:\/\/bale.ch\/journal\/une-localite-du-grand-geneve-provoque-la-colere-de-la-chine\/","og_site_name":"Journal de B\u00e2le et Gen\u00e8ve","article_published_time":"2016-11-07T21:18:36+00:00","article_modified_time":"2019-01-08T17:31:30+00:00","og_image":[{"width":960,"height":640,"url":"https:\/\/bale.ch\/journal\/wp-content\/uploads\/2016\/11\/entree-ouest-Sciez-rond-point_tibet.jpg","type":"image\/jpeg"}],"author":"Alban Lavy","twitter_card":"summary_large_image","twitter_misc":{"\u00c9crit par":"Alban Lavy","Dur\u00e9e de lecture estim\u00e9e":"3 minutes"},"schema":{"@context":"https:\/\/schema.org","@graph":[{"@type":"Article","@id":"https:\/\/bale.ch\/journal\/une-localite-du-grand-geneve-provoque-la-colere-de-la-chine\/#article","isPartOf":{"@id":"https:\/\/bale.ch\/journal\/une-localite-du-grand-geneve-provoque-la-colere-de-la-chine\/"},"author":{"name":"Alban Lavy","@id":"https:\/\/bale.ch\/journal\/#\/schema\/person\/41bc7f908af0ffea5e38b8c5702e5626"},"headline":"Une localit\u00e9 du Grand Gen\u00e8ve provoque la col\u00e8re de la Chine","datePublished":"2016-11-07T21:18:36+00:00","dateModified":"2019-01-08T17:31:30+00:00","mainEntityOfPage":{"@id":"https:\/\/bale.ch\/journal\/une-localite-du-grand-geneve-provoque-la-colere-de-la-chine\/"},"wordCount":560,"publisher":{"@id":"https:\/\/bale.ch\/journal\/#organization"},"image":{"@id":"https:\/\/bale.ch\/journal\/une-localite-du-grand-geneve-provoque-la-colere-de-la-chine\/#primaryimage"},"thumbnailUrl":"https:\/\/bale.ch\/journal\/wp-content\/uploads\/2016\/11\/entree-ouest-Sciez-rond-point_tibet.jpg","keywords":["Chine","Droits de l'homme","Grand Gen\u00e8ve","Sciez","Tibet"],"articleSection":["Grand Gen\u00e8ve"],"inLanguage":"fr-FR"},{"@type":"WebPage","@id":"https:\/\/bale.ch\/journal\/une-localite-du-grand-geneve-provoque-la-colere-de-la-chine\/","url":"https:\/\/bale.ch\/journal\/une-localite-du-grand-geneve-provoque-la-colere-de-la-chine\/","name":"Une localit\u00e9 du Grand Gen\u00e8ve provoque la col\u00e8re de la Chine - Journal de B\u00e2le et Gen\u00e8ve","isPartOf":{"@id":"https:\/\/bale.ch\/journal\/#website"},"primaryImageOfPage":{"@id":"https:\/\/bale.ch\/journal\/une-localite-du-grand-geneve-provoque-la-colere-de-la-chine\/#primaryimage"},"image":{"@id":"https:\/\/bale.ch\/journal\/une-localite-du-grand-geneve-provoque-la-colere-de-la-chine\/#primaryimage"},"thumbnailUrl":"https:\/\/bale.ch\/journal\/wp-content\/uploads\/2016\/11\/entree-ouest-Sciez-rond-point_tibet.jpg","datePublished":"2016-11-07T21:18:36+00:00","dateModified":"2019-01-08T17:31:30+00:00","breadcrumb":{"@id":"https:\/\/bale.ch\/journal\/une-localite-du-grand-geneve-provoque-la-colere-de-la-chine\/#breadcrumb"},"inLanguage":"fr-FR","potentialAction":[{"@type":"ReadAction","target":["https:\/\/bale.ch\/journal\/une-localite-du-grand-geneve-provoque-la-colere-de-la-chine\/"]}]},{"@type":"ImageObject","inLanguage":"fr-FR","@id":"https:\/\/bale.ch\/journal\/une-localite-du-grand-geneve-provoque-la-colere-de-la-chine\/#primaryimage","url":"https:\/\/bale.ch\/journal\/wp-content\/uploads\/2016\/11\/entree-ouest-Sciez-rond-point_tibet.jpg","contentUrl":"https:\/\/bale.ch\/journal\/wp-content\/uploads\/2016\/11\/entree-ouest-Sciez-rond-point_tibet.jpg","width":960,"height":640,"caption":"Le maire de Sciez-sur-L\u00e9man, au centre (Photomontage Savoie.news)"},{"@type":"BreadcrumbList","@id":"https:\/\/bale.ch\/journal\/une-localite-du-grand-geneve-provoque-la-colere-de-la-chine\/#breadcrumb","itemListElement":[{"@type":"ListItem","position":1,"name":"Accueil","item":"https:\/\/bale.ch\/journal\/"},{"@type":"ListItem","position":2,"name":"Une localit\u00e9 du Grand Gen\u00e8ve provoque la col\u00e8re de la Chine"}]},{"@type":"WebSite","@id":"https:\/\/bale.ch\/journal\/#website","url":"https:\/\/bale.ch\/journal\/","name":"Journal de B\u00e2le et Gen\u00e8ve","description":"M\u00e9dia transfrontalier d&#039;actualit\u00e9s - News","publisher":{"@id":"https:\/\/bale.ch\/journal\/#organization"},"potentialAction":[{"@type":"SearchAction","target":{"@type":"EntryPoint","urlTemplate":"https:\/\/bale.ch\/journal\/?s={search_term_string}"},"query-input":{"@type":"PropertyValueSpecification","valueRequired":true,"valueName":"search_term_string"}}],"inLanguage":"fr-FR"},{"@type":"Organization","@id":"https:\/\/bale.ch\/journal\/#organization","name":"Journal de B\u00e2le et Gen\u00e8ve","url":"https:\/\/bale.ch\/journal\/","logo":{"@type":"ImageObject","inLanguage":"fr-FR","@id":"https:\/\/bale.ch\/journal\/#\/schema\/logo\/image\/","url":"https:\/\/bale.ch\/journal\/wp-content\/uploads\/2023\/07\/journaldebale_logo_2023_nb.png","contentUrl":"https:\/\/bale.ch\/journal\/wp-content\/uploads\/2023\/07\/journaldebale_logo_2023_nb.png","width":371,"height":127,"caption":"Journal de B\u00e2le et Gen\u00e8ve"},"image":{"@id":"https:\/\/bale.ch\/journal\/#\/schema\/logo\/image\/"}},{"@type":"Person","@id":"https:\/\/bale.ch\/journal\/#\/schema\/person\/41bc7f908af0ffea5e38b8c5702e5626","name":"Alban Lavy","image":{"@type":"ImageObject","inLanguage":"fr-FR","@id":"https:\/\/secure.gravatar.com\/avatar\/4978c5bb7295400e15bebf9881bc4db7866592bc59ffa2f62511214a10f68804?s=96&d=mm&r=g","url":"https:\/\/secure.gravatar.com\/avatar\/4978c5bb7295400e15bebf9881bc4db7866592bc59ffa2f62511214a10f68804?s=96&d=mm&r=g","contentUrl":"https:\/\/secure.gravatar.com\/avatar\/4978c5bb7295400e15bebf9881bc4db7866592bc59ffa2f62511214a10f68804?s=96&d=mm&r=g","caption":"Alban Lavy"},"sameAs":["http:\/\/bale.ch\/administration\/zeitung\/albanlavy\/"],"url":"https:\/\/bale.ch\/journal\/author\/lavy\/"}]}},"_links":{"self":[{"href":"https:\/\/bale.ch\/journal\/wp-json\/wp\/v2\/posts\/724","targetHints":{"allow":["GET"]}}],"collection":[{"href":"https:\/\/bale.ch\/journal\/wp-json\/wp\/v2\/posts"}],"about":[{"href":"https:\/\/bale.ch\/journal\/wp-json\/wp\/v2\/types\/post"}],"author":[{"embeddable":true,"href":"https:\/\/bale.ch\/journal\/wp-json\/wp\/v2\/users\/3"}],"replies":[{"embeddable":true,"href":"https:\/\/bale.ch\/journal\/wp-json\/wp\/v2\/comments?post=724"}],"version-history":[{"count":13,"href":"https:\/\/bale.ch\/journal\/wp-json\/wp\/v2\/posts\/724\/revisions"}],"predecessor-version":[{"id":1213,"href":"https:\/\/bale.ch\/journal\/wp-json\/wp\/v2\/posts\/724\/revisions\/1213"}],"wp:featuredmedia":[{"embeddable":true,"href":"https:\/\/bale.ch\/journal\/wp-json\/wp\/v2\/media\/725"}],"wp:attachment":[{"href":"https:\/\/bale.ch\/journal\/wp-json\/wp\/v2\/media?parent=724"}],"wp:term":[{"taxonomy":"category","embeddable":true,"href":"https:\/\/bale.ch\/journal\/wp-json\/wp\/v2\/categories?post=724"},{"taxonomy":"post_tag","embeddable":true,"href":"https:\/\/bale.ch\/journal\/wp-json\/wp\/v2\/tags?post=724"}],"curies":[{"name":"wp","href":"https:\/\/api.w.org\/{rel}","templated":true}]}}