{"id":794,"date":"2017-08-24T09:23:35","date_gmt":"2017-08-24T09:23:35","guid":{"rendered":"http:\/\/bale.ch\/journal\/?p=794"},"modified":"2017-08-24T09:23:35","modified_gmt":"2017-08-24T09:23:35","slug":"euroairport-6-400-emplois-3-de-plus-que-lannee-precedente","status":"publish","type":"post","link":"https:\/\/bale.ch\/journal\/euroairport-6-400-emplois-3-de-plus-que-lannee-precedente\/","title":{"rendered":"EuroAirport: 6 400 emplois, 3 % de plus que l\u2019ann\u00e9e pr\u00e9c\u00e9dente"},"content":{"rendered":"<p><strong>Fin 2016, pr\u00e8s de 6 400 collaborateurs \u00e9taient employ\u00e9s sur la plate-forme de l\u2019a\u00e9roport binational de B\u00e2le-Mulhouse. Cette estimation ressort du recensement annuel des emplois auquel ont particip\u00e9 115 entreprises sur le site. Les chiffres actuels ont \u00e9t\u00e9 publi\u00e9s dans le cadre du Rapport annuel 2016.<\/strong><br \/>\n<!--more--><\/p>\n<figure id=\"attachment_795\" aria-describedby=\"caption-attachment-795\" style=\"width: 1329px\" class=\"wp-caption alignnone\"><img loading=\"lazy\" decoding=\"async\" class=\"size-full wp-image-795\" src=\"https:\/\/bale.ch\/journal\/wp-content\/uploads\/2017\/08\/euroairport_basel_bale_mulhouse_aeroport.jpg\" alt=\"\" width=\"1329\" height=\"886\" srcset=\"https:\/\/bale.ch\/journal\/wp-content\/uploads\/2017\/08\/euroairport_basel_bale_mulhouse_aeroport.jpg 1329w, https:\/\/bale.ch\/journal\/wp-content\/uploads\/2017\/08\/euroairport_basel_bale_mulhouse_aeroport-300x200.jpg 300w, https:\/\/bale.ch\/journal\/wp-content\/uploads\/2017\/08\/euroairport_basel_bale_mulhouse_aeroport-768x512.jpg 768w, https:\/\/bale.ch\/journal\/wp-content\/uploads\/2017\/08\/euroairport_basel_bale_mulhouse_aeroport-1024x683.jpg 1024w\" sizes=\"auto, (max-width: 1329px) 100vw, 1329px\" \/><figcaption id=\"caption-attachment-795\" class=\"wp-caption-text\">L&rsquo;a\u00e9roport binational de B\u00e2le-Mulhouse. <em>Photo Alban Lavy<\/em><\/figcaption><\/figure>\n<p>Sur les 6 375 emplois ( situation au 31 d\u00e9cembre 2016 ), plus de 2 000 ont \u00e9t\u00e9 g\u00e9n\u00e9r\u00e9s par le secteur de la maintenance et de l\u2019am\u00e9nagement d\u2019avions ( 33 % ), ce qui souligne l\u2019importance majeure de cette branche industrielle pour l\u2019EuroAirport. Le secteur fret arrive en deuxi\u00e8me position, avec un plus de 1 000 employ\u00e9s ( 17 % ). Les plus de 3 000 emplois restants se r\u00e9partissent entre les services aux passagers, les autorit\u00e9s et d\u2019autres entreprises implant\u00e9es sur le site.<\/p>\n<p>Sur les 115 entreprises ayant particip\u00e9 \u00e0 l\u2019enqu\u00eate, 61 op\u00e8rent dans le secteur douanier suisse et 54 dans le secteur douanier fran\u00e7ais. Les entreprises suisses emploient 4 907 ( 77 % ), les entreprises fran\u00e7aises 1 468 ( 23 % ) collaborateurs.<\/p><div id=\"crieu-2889349679\" class=\"crieu-content crieu-entity-placement\"><script async src=\"\/\/pagead2.googlesyndication.com\/pagead\/js\/adsbygoogle.js?client=ca-pub-5271584769416742\" crossorigin=\"anonymous\"><\/script><ins class=\"adsbygoogle\" style=\"display:block;\" data-ad-client=\"ca-pub-5271584769416742\" \ndata-ad-slot=\"9321250718\" \ndata-ad-format=\"auto\"><\/ins>\n<script> \n(adsbygoogle = window.adsbygoogle || []).push({}); \n<\/script>\n<\/div>\n<p>Sur les 6 400 employ\u00e9s, plus de 4 700 sont domicili\u00e9s en France ( 75 % ), un peu plus de 1 200 en Suisse ( 19 % ) et environ 380 en Allemagne ( 6 % ).<\/p>\n<p>Situ\u00e9 sur les communes alsaciennes de Saint-Louis et Blotzheim, l&rsquo;EuroAiport, de son nom commercial, a \u00e9t\u00e9 construit suite \u00e0 la signature \u00e0 Berne le <time class=\"nowrap date-lien\" datetime=\"1949-07-04\">4 juillet 1949 <\/time>d&rsquo;une convention internationale.<time class=\"nowrap date-lien\" datetime=\"1949-07-04\"><\/time><\/p>\n<div id=\"crieu-743902623\" class=\"crieu-apres-le-contenu crieu-entity-placement\" style=\"margin-left: auto;margin-right: auto;text-align: center;\"><script async src=\"\/\/pagead2.googlesyndication.com\/pagead\/js\/adsbygoogle.js?client=ca-pub-5271584769416742\" crossorigin=\"anonymous\"><\/script><ins class=\"adsbygoogle\" style=\"display:block;\" data-ad-client=\"ca-pub-5271584769416742\" \ndata-ad-slot=\"9321250718\" \ndata-ad-format=\"auto\"><\/ins>\n<script> \n(adsbygoogle = window.adsbygoogle || []).push({}); \n<\/script>\n<\/div>","protected":false},"excerpt":{"rendered":"<p>Fin 2016, pr\u00e8s de 6 400 collaborateurs \u00e9taient employ\u00e9s sur la plate-forme de l\u2019a\u00e9roport binational de B\u00e2le-Mulhouse. Cette estimation ressort du recensement annuel des emplois auquel ont particip\u00e9 115 entreprises <a href=\"https:\/\/bale.ch\/journal\/euroairport-6-400-emplois-3-de-plus-que-lannee-precedente\/\" class=\"read-more button-fancy -red\"><span class=\"btn-arrow\"><\/span><span class=\"twp-read-more text\">Continuer la lecture<\/span><\/a><\/p>\n","protected":false},"author":2,"featured_media":795,"comment_status":"closed","ping_status":"closed","sticky":false,"template":"","format":"standard","meta":{"footnotes":""},"categories":[7,13],"tags":[72,60,71],"class_list":["post-794","post","type-post","status-publish","format-standard","has-post-thumbnail","hentry","category-bale","category-economie","tag-aeroport","tag-bale","tag-economie"],"yoast_head":"<!-- This site is optimized with the Yoast SEO plugin v28.3 - https:\/\/yoast.com\/product\/yoast-seo-wordpress\/ -->\n<title>EuroAirport: 6 400 emplois, 3 % de plus que l\u2019ann\u00e9e pr\u00e9c\u00e9dente - Journal de B\u00e2le et Gen\u00e8ve<\/title>\n<meta name=\"robots\" content=\"index, follow, max-snippet:-1, max-image-preview:large, max-video-preview:-1\" \/>\n<link rel=\"canonical\" href=\"https:\/\/bale.ch\/journal\/euroairport-6-400-emplois-3-de-plus-que-lannee-precedente\/\" \/>\n<meta property=\"og:locale\" content=\"fr_FR\" \/>\n<meta property=\"og:type\" content=\"article\" \/>\n<meta property=\"og:title\" content=\"EuroAirport: 6 400 emplois, 3 % de plus que l\u2019ann\u00e9e pr\u00e9c\u00e9dente - Journal de B\u00e2le et Gen\u00e8ve\" \/>\n<meta property=\"og:description\" content=\"Fin 2016, pr\u00e8s de 6 400 collaborateurs \u00e9taient employ\u00e9s sur la plate-forme de l\u2019a\u00e9roport binational de B\u00e2le-Mulhouse. Cette estimation ressort du recensement annuel des emplois auquel ont particip\u00e9 115 entreprises Continuer la lecture\" \/>\n<meta property=\"og:url\" content=\"https:\/\/bale.ch\/journal\/euroairport-6-400-emplois-3-de-plus-que-lannee-precedente\/\" \/>\n<meta property=\"og:site_name\" content=\"Journal de B\u00e2le et Gen\u00e8ve\" \/>\n<meta property=\"article:published_time\" content=\"2017-08-24T09:23:35+00:00\" \/>\n<meta property=\"og:image\" content=\"https:\/\/bale.ch\/journal\/wp-content\/uploads\/2017\/08\/euroairport_basel_bale_mulhouse_aeroport.jpg\" \/>\n\t<meta property=\"og:image:width\" content=\"1329\" \/>\n\t<meta property=\"og:image:height\" content=\"886\" \/>\n\t<meta property=\"og:image:type\" content=\"image\/jpeg\" \/>\n<meta name=\"author\" content=\"La R\u00e9daction\" \/>\n<meta name=\"twitter:card\" content=\"summary_large_image\" \/>\n<meta name=\"twitter:label1\" content=\"\u00c9crit par\" \/>\n\t<meta name=\"twitter:data1\" content=\"La R\u00e9daction\" \/>\n\t<meta name=\"twitter:label2\" content=\"Dur\u00e9e de lecture estim\u00e9e\" \/>\n\t<meta name=\"twitter:data2\" content=\"1 minute\" \/>\n<script type=\"application\/ld+json\" class=\"yoast-schema-graph\">{\"@context\":\"https:\\\/\\\/schema.org\",\"@graph\":[{\"@type\":\"Article\",\"@id\":\"https:\\\/\\\/bale.ch\\\/journal\\\/euroairport-6-400-emplois-3-de-plus-que-lannee-precedente\\\/#article\",\"isPartOf\":{\"@id\":\"https:\\\/\\\/bale.ch\\\/journal\\\/euroairport-6-400-emplois-3-de-plus-que-lannee-precedente\\\/\"},\"author\":{\"name\":\"La R\u00e9daction\",\"@id\":\"https:\\\/\\\/bale.ch\\\/journal\\\/#\\\/schema\\\/person\\\/03ced978db3b7a5274c5cef003f352f5\"},\"headline\":\"EuroAirport: 6 400 emplois, 3 % de plus que l\u2019ann\u00e9e pr\u00e9c\u00e9dente\",\"datePublished\":\"2017-08-24T09:23:35+00:00\",\"mainEntityOfPage\":{\"@id\":\"https:\\\/\\\/bale.ch\\\/journal\\\/euroairport-6-400-emplois-3-de-plus-que-lannee-precedente\\\/\"},\"wordCount\":235,\"publisher\":{\"@id\":\"https:\\\/\\\/bale.ch\\\/journal\\\/#organization\"},\"image\":{\"@id\":\"https:\\\/\\\/bale.ch\\\/journal\\\/euroairport-6-400-emplois-3-de-plus-que-lannee-precedente\\\/#primaryimage\"},\"thumbnailUrl\":\"https:\\\/\\\/bale.ch\\\/journal\\\/wp-content\\\/uploads\\\/2017\\\/08\\\/euroairport_basel_bale_mulhouse_aeroport.jpg\",\"keywords\":[\"A\u00e9roport\",\"B\u00e2le\",\"Economie\"],\"articleSection\":[\"B\u00e2le Trinationale\",\"Economie\"],\"inLanguage\":\"fr-FR\"},{\"@type\":\"WebPage\",\"@id\":\"https:\\\/\\\/bale.ch\\\/journal\\\/euroairport-6-400-emplois-3-de-plus-que-lannee-precedente\\\/\",\"url\":\"https:\\\/\\\/bale.ch\\\/journal\\\/euroairport-6-400-emplois-3-de-plus-que-lannee-precedente\\\/\",\"name\":\"EuroAirport: 6 400 emplois, 3 % de plus que l\u2019ann\u00e9e pr\u00e9c\u00e9dente - Journal de B\u00e2le et Gen\u00e8ve\",\"isPartOf\":{\"@id\":\"https:\\\/\\\/bale.ch\\\/journal\\\/#website\"},\"primaryImageOfPage\":{\"@id\":\"https:\\\/\\\/bale.ch\\\/journal\\\/euroairport-6-400-emplois-3-de-plus-que-lannee-precedente\\\/#primaryimage\"},\"image\":{\"@id\":\"https:\\\/\\\/bale.ch\\\/journal\\\/euroairport-6-400-emplois-3-de-plus-que-lannee-precedente\\\/#primaryimage\"},\"thumbnailUrl\":\"https:\\\/\\\/bale.ch\\\/journal\\\/wp-content\\\/uploads\\\/2017\\\/08\\\/euroairport_basel_bale_mulhouse_aeroport.jpg\",\"datePublished\":\"2017-08-24T09:23:35+00:00\",\"breadcrumb\":{\"@id\":\"https:\\\/\\\/bale.ch\\\/journal\\\/euroairport-6-400-emplois-3-de-plus-que-lannee-precedente\\\/#breadcrumb\"},\"inLanguage\":\"fr-FR\",\"potentialAction\":[{\"@type\":\"ReadAction\",\"target\":[\"https:\\\/\\\/bale.ch\\\/journal\\\/euroairport-6-400-emplois-3-de-plus-que-lannee-precedente\\\/\"]}]},{\"@type\":\"ImageObject\",\"inLanguage\":\"fr-FR\",\"@id\":\"https:\\\/\\\/bale.ch\\\/journal\\\/euroairport-6-400-emplois-3-de-plus-que-lannee-precedente\\\/#primaryimage\",\"url\":\"https:\\\/\\\/bale.ch\\\/journal\\\/wp-content\\\/uploads\\\/2017\\\/08\\\/euroairport_basel_bale_mulhouse_aeroport.jpg\",\"contentUrl\":\"https:\\\/\\\/bale.ch\\\/journal\\\/wp-content\\\/uploads\\\/2017\\\/08\\\/euroairport_basel_bale_mulhouse_aeroport.jpg\",\"width\":1329,\"height\":886,\"caption\":\"L'a\u00e9roport binational de B\u00e2le-Mulhouse. Photo Alban Lavy\"},{\"@type\":\"BreadcrumbList\",\"@id\":\"https:\\\/\\\/bale.ch\\\/journal\\\/euroairport-6-400-emplois-3-de-plus-que-lannee-precedente\\\/#breadcrumb\",\"itemListElement\":[{\"@type\":\"ListItem\",\"position\":1,\"name\":\"Accueil\",\"item\":\"https:\\\/\\\/bale.ch\\\/journal\\\/\"},{\"@type\":\"ListItem\",\"position\":2,\"name\":\"EuroAirport: 6 400 emplois, 3 % de plus que l\u2019ann\u00e9e pr\u00e9c\u00e9dente\"}]},{\"@type\":\"WebSite\",\"@id\":\"https:\\\/\\\/bale.ch\\\/journal\\\/#website\",\"url\":\"https:\\\/\\\/bale.ch\\\/journal\\\/\",\"name\":\"Journal de B\u00e2le et Gen\u00e8ve\",\"description\":\"M\u00e9dia transfrontalier d&#039;actualit\u00e9s - News\",\"publisher\":{\"@id\":\"https:\\\/\\\/bale.ch\\\/journal\\\/#organization\"},\"potentialAction\":[{\"@type\":\"SearchAction\",\"target\":{\"@type\":\"EntryPoint\",\"urlTemplate\":\"https:\\\/\\\/bale.ch\\\/journal\\\/?s={search_term_string}\"},\"query-input\":{\"@type\":\"PropertyValueSpecification\",\"valueRequired\":true,\"valueName\":\"search_term_string\"}}],\"inLanguage\":\"fr-FR\"},{\"@type\":\"Organization\",\"@id\":\"https:\\\/\\\/bale.ch\\\/journal\\\/#organization\",\"name\":\"Journal de B\u00e2le et Gen\u00e8ve\",\"url\":\"https:\\\/\\\/bale.ch\\\/journal\\\/\",\"logo\":{\"@type\":\"ImageObject\",\"inLanguage\":\"fr-FR\",\"@id\":\"https:\\\/\\\/bale.ch\\\/journal\\\/#\\\/schema\\\/logo\\\/image\\\/\",\"url\":\"https:\\\/\\\/bale.ch\\\/journal\\\/wp-content\\\/uploads\\\/2023\\\/07\\\/journaldebale_logo_2023_nb.png\",\"contentUrl\":\"https:\\\/\\\/bale.ch\\\/journal\\\/wp-content\\\/uploads\\\/2023\\\/07\\\/journaldebale_logo_2023_nb.png\",\"width\":371,\"height\":127,\"caption\":\"Journal de B\u00e2le et Gen\u00e8ve\"},\"image\":{\"@id\":\"https:\\\/\\\/bale.ch\\\/journal\\\/#\\\/schema\\\/logo\\\/image\\\/\"}},{\"@type\":\"Person\",\"@id\":\"https:\\\/\\\/bale.ch\\\/journal\\\/#\\\/schema\\\/person\\\/03ced978db3b7a5274c5cef003f352f5\",\"name\":\"La R\u00e9daction\",\"image\":{\"@type\":\"ImageObject\",\"inLanguage\":\"fr-FR\",\"@id\":\"https:\\\/\\\/secure.gravatar.com\\\/avatar\\\/d1327e2ce8d2b860112f968a3f34686c9bdda7a463a1502cdd1070ac9d88cf1e?s=96&d=mm&r=g\",\"url\":\"https:\\\/\\\/secure.gravatar.com\\\/avatar\\\/d1327e2ce8d2b860112f968a3f34686c9bdda7a463a1502cdd1070ac9d88cf1e?s=96&d=mm&r=g\",\"contentUrl\":\"https:\\\/\\\/secure.gravatar.com\\\/avatar\\\/d1327e2ce8d2b860112f968a3f34686c9bdda7a463a1502cdd1070ac9d88cf1e?s=96&d=mm&r=g\",\"caption\":\"La R\u00e9daction\"},\"url\":\"https:\\\/\\\/bale.ch\\\/journal\\\/author\\\/laredaction\\\/\"}]}<\/script>\n<!-- \/ Yoast SEO plugin. -->","yoast_head_json":{"title":"EuroAirport: 6 400 emplois, 3 % de plus que l\u2019ann\u00e9e pr\u00e9c\u00e9dente - Journal de B\u00e2le et Gen\u00e8ve","robots":{"index":"index","follow":"follow","max-snippet":"max-snippet:-1","max-image-preview":"max-image-preview:large","max-video-preview":"max-video-preview:-1"},"canonical":"https:\/\/bale.ch\/journal\/euroairport-6-400-emplois-3-de-plus-que-lannee-precedente\/","og_locale":"fr_FR","og_type":"article","og_title":"EuroAirport: 6 400 emplois, 3 % de plus que l\u2019ann\u00e9e pr\u00e9c\u00e9dente - Journal de B\u00e2le et Gen\u00e8ve","og_description":"Fin 2016, pr\u00e8s de 6 400 collaborateurs \u00e9taient employ\u00e9s sur la plate-forme de l\u2019a\u00e9roport binational de B\u00e2le-Mulhouse. Cette estimation ressort du recensement annuel des emplois auquel ont particip\u00e9 115 entreprises Continuer la lecture","og_url":"https:\/\/bale.ch\/journal\/euroairport-6-400-emplois-3-de-plus-que-lannee-precedente\/","og_site_name":"Journal de B\u00e2le et Gen\u00e8ve","article_published_time":"2017-08-24T09:23:35+00:00","og_image":[{"width":1329,"height":886,"url":"https:\/\/bale.ch\/journal\/wp-content\/uploads\/2017\/08\/euroairport_basel_bale_mulhouse_aeroport.jpg","type":"image\/jpeg"}],"author":"La R\u00e9daction","twitter_card":"summary_large_image","twitter_misc":{"\u00c9crit par":"La R\u00e9daction","Dur\u00e9e de lecture estim\u00e9e":"1 minute"},"schema":{"@context":"https:\/\/schema.org","@graph":[{"@type":"Article","@id":"https:\/\/bale.ch\/journal\/euroairport-6-400-emplois-3-de-plus-que-lannee-precedente\/#article","isPartOf":{"@id":"https:\/\/bale.ch\/journal\/euroairport-6-400-emplois-3-de-plus-que-lannee-precedente\/"},"author":{"name":"La R\u00e9daction","@id":"https:\/\/bale.ch\/journal\/#\/schema\/person\/03ced978db3b7a5274c5cef003f352f5"},"headline":"EuroAirport: 6 400 emplois, 3 % de plus que l\u2019ann\u00e9e pr\u00e9c\u00e9dente","datePublished":"2017-08-24T09:23:35+00:00","mainEntityOfPage":{"@id":"https:\/\/bale.ch\/journal\/euroairport-6-400-emplois-3-de-plus-que-lannee-precedente\/"},"wordCount":235,"publisher":{"@id":"https:\/\/bale.ch\/journal\/#organization"},"image":{"@id":"https:\/\/bale.ch\/journal\/euroairport-6-400-emplois-3-de-plus-que-lannee-precedente\/#primaryimage"},"thumbnailUrl":"https:\/\/bale.ch\/journal\/wp-content\/uploads\/2017\/08\/euroairport_basel_bale_mulhouse_aeroport.jpg","keywords":["A\u00e9roport","B\u00e2le","Economie"],"articleSection":["B\u00e2le Trinationale","Economie"],"inLanguage":"fr-FR"},{"@type":"WebPage","@id":"https:\/\/bale.ch\/journal\/euroairport-6-400-emplois-3-de-plus-que-lannee-precedente\/","url":"https:\/\/bale.ch\/journal\/euroairport-6-400-emplois-3-de-plus-que-lannee-precedente\/","name":"EuroAirport: 6 400 emplois, 3 % de plus que l\u2019ann\u00e9e pr\u00e9c\u00e9dente - Journal de B\u00e2le et Gen\u00e8ve","isPartOf":{"@id":"https:\/\/bale.ch\/journal\/#website"},"primaryImageOfPage":{"@id":"https:\/\/bale.ch\/journal\/euroairport-6-400-emplois-3-de-plus-que-lannee-precedente\/#primaryimage"},"image":{"@id":"https:\/\/bale.ch\/journal\/euroairport-6-400-emplois-3-de-plus-que-lannee-precedente\/#primaryimage"},"thumbnailUrl":"https:\/\/bale.ch\/journal\/wp-content\/uploads\/2017\/08\/euroairport_basel_bale_mulhouse_aeroport.jpg","datePublished":"2017-08-24T09:23:35+00:00","breadcrumb":{"@id":"https:\/\/bale.ch\/journal\/euroairport-6-400-emplois-3-de-plus-que-lannee-precedente\/#breadcrumb"},"inLanguage":"fr-FR","potentialAction":[{"@type":"ReadAction","target":["https:\/\/bale.ch\/journal\/euroairport-6-400-emplois-3-de-plus-que-lannee-precedente\/"]}]},{"@type":"ImageObject","inLanguage":"fr-FR","@id":"https:\/\/bale.ch\/journal\/euroairport-6-400-emplois-3-de-plus-que-lannee-precedente\/#primaryimage","url":"https:\/\/bale.ch\/journal\/wp-content\/uploads\/2017\/08\/euroairport_basel_bale_mulhouse_aeroport.jpg","contentUrl":"https:\/\/bale.ch\/journal\/wp-content\/uploads\/2017\/08\/euroairport_basel_bale_mulhouse_aeroport.jpg","width":1329,"height":886,"caption":"L'a\u00e9roport binational de B\u00e2le-Mulhouse. Photo Alban Lavy"},{"@type":"BreadcrumbList","@id":"https:\/\/bale.ch\/journal\/euroairport-6-400-emplois-3-de-plus-que-lannee-precedente\/#breadcrumb","itemListElement":[{"@type":"ListItem","position":1,"name":"Accueil","item":"https:\/\/bale.ch\/journal\/"},{"@type":"ListItem","position":2,"name":"EuroAirport: 6 400 emplois, 3 % de plus que l\u2019ann\u00e9e pr\u00e9c\u00e9dente"}]},{"@type":"WebSite","@id":"https:\/\/bale.ch\/journal\/#website","url":"https:\/\/bale.ch\/journal\/","name":"Journal de B\u00e2le et Gen\u00e8ve","description":"M\u00e9dia transfrontalier d&#039;actualit\u00e9s - News","publisher":{"@id":"https:\/\/bale.ch\/journal\/#organization"},"potentialAction":[{"@type":"SearchAction","target":{"@type":"EntryPoint","urlTemplate":"https:\/\/bale.ch\/journal\/?s={search_term_string}"},"query-input":{"@type":"PropertyValueSpecification","valueRequired":true,"valueName":"search_term_string"}}],"inLanguage":"fr-FR"},{"@type":"Organization","@id":"https:\/\/bale.ch\/journal\/#organization","name":"Journal de B\u00e2le et Gen\u00e8ve","url":"https:\/\/bale.ch\/journal\/","logo":{"@type":"ImageObject","inLanguage":"fr-FR","@id":"https:\/\/bale.ch\/journal\/#\/schema\/logo\/image\/","url":"https:\/\/bale.ch\/journal\/wp-content\/uploads\/2023\/07\/journaldebale_logo_2023_nb.png","contentUrl":"https:\/\/bale.ch\/journal\/wp-content\/uploads\/2023\/07\/journaldebale_logo_2023_nb.png","width":371,"height":127,"caption":"Journal de B\u00e2le et Gen\u00e8ve"},"image":{"@id":"https:\/\/bale.ch\/journal\/#\/schema\/logo\/image\/"}},{"@type":"Person","@id":"https:\/\/bale.ch\/journal\/#\/schema\/person\/03ced978db3b7a5274c5cef003f352f5","name":"La R\u00e9daction","image":{"@type":"ImageObject","inLanguage":"fr-FR","@id":"https:\/\/secure.gravatar.com\/avatar\/d1327e2ce8d2b860112f968a3f34686c9bdda7a463a1502cdd1070ac9d88cf1e?s=96&d=mm&r=g","url":"https:\/\/secure.gravatar.com\/avatar\/d1327e2ce8d2b860112f968a3f34686c9bdda7a463a1502cdd1070ac9d88cf1e?s=96&d=mm&r=g","contentUrl":"https:\/\/secure.gravatar.com\/avatar\/d1327e2ce8d2b860112f968a3f34686c9bdda7a463a1502cdd1070ac9d88cf1e?s=96&d=mm&r=g","caption":"La R\u00e9daction"},"url":"https:\/\/bale.ch\/journal\/author\/laredaction\/"}]}},"_links":{"self":[{"href":"https:\/\/bale.ch\/journal\/wp-json\/wp\/v2\/posts\/794","targetHints":{"allow":["GET"]}}],"collection":[{"href":"https:\/\/bale.ch\/journal\/wp-json\/wp\/v2\/posts"}],"about":[{"href":"https:\/\/bale.ch\/journal\/wp-json\/wp\/v2\/types\/post"}],"author":[{"embeddable":true,"href":"https:\/\/bale.ch\/journal\/wp-json\/wp\/v2\/users\/2"}],"replies":[{"embeddable":true,"href":"https:\/\/bale.ch\/journal\/wp-json\/wp\/v2\/comments?post=794"}],"version-history":[{"count":1,"href":"https:\/\/bale.ch\/journal\/wp-json\/wp\/v2\/posts\/794\/revisions"}],"predecessor-version":[{"id":796,"href":"https:\/\/bale.ch\/journal\/wp-json\/wp\/v2\/posts\/794\/revisions\/796"}],"wp:featuredmedia":[{"embeddable":true,"href":"https:\/\/bale.ch\/journal\/wp-json\/wp\/v2\/media\/795"}],"wp:attachment":[{"href":"https:\/\/bale.ch\/journal\/wp-json\/wp\/v2\/media?parent=794"}],"wp:term":[{"taxonomy":"category","embeddable":true,"href":"https:\/\/bale.ch\/journal\/wp-json\/wp\/v2\/categories?post=794"},{"taxonomy":"post_tag","embeddable":true,"href":"https:\/\/bale.ch\/journal\/wp-json\/wp\/v2\/tags?post=794"}],"curies":[{"name":"wp","href":"https:\/\/api.w.org\/{rel}","templated":true}]}}