{"id":798,"date":"2010-12-09T09:42:08","date_gmt":"2010-12-09T09:42:08","guid":{"rendered":"http:\/\/bale.ch\/journal\/?p=798"},"modified":"2018-11-10T19:22:31","modified_gmt":"2018-11-10T19:22:31","slug":"rattachement-150-ans-savoie-suisse-france","status":"publish","type":"post","link":"https:\/\/bale.ch\/journal\/rattachement-150-ans-savoie-suisse-france\/","title":{"rendered":"1860-2010: la Savoie du Nord toujours attach\u00e9e \u00e0 Gen\u00e8ve"},"content":{"rendered":"<p><strong>Le 150\u00e8me anniversaire de l\u2019Annexion de la Savoie \u00e0 la France a \u00e9t\u00e9 l\u2019occasion d\u2019une relecture des \u00e9v\u00e9nements de 1860. L\u2019<a href=\"http:\/\/academie-du-faucigny.overblog.com\/\" target=\"_blank\" rel=\"noopener\">Acad\u00e9mie du Faucigny<\/a>, soci\u00e9t\u00e9 savante de Savoie bas\u00e9e \u00e0 La Roche-Sur-Foron, a particip\u00e9 \u00e0 celle-ci par la cr\u00e9ation d\u2019une exposition et par une s\u00e9rie de conf\u00e9rences donn\u00e9es entre 2008 et 2010, insistant sur la particularit\u00e9 de la Savoie du Nord. Ces conf\u00e9rences ont \u00e9t\u00e9 r\u00e9unies dans une publication.<\/strong><!--more--><\/p>\n<p>En 1860, l\u2019essentiel des biens produits en Savoie du Nord s\u2019\u00e9coule sur le march\u00e9 genevois. De plus, beaucoup de Savoyards vont d\u00e9j\u00e0 chercher du travail \u00e0 Gen\u00e8ve, capitale \u00e9conomique de la Savoie du Nord. La crainte des habitants du Chablais et du Faucigny est qu&rsquo;ils soient coup\u00e9s de leurs d\u00e9bouch\u00e9s par une fronti\u00e8re. Pour les Genevois, leur pr\u00e9occupation est avant tout s\u00e9curitaire : surtout ne pas \u00eatre annex\u00e9 par Napol\u00e9on III, comme ce fut le cas avec l\u2019oncle de 1798 \u00e0 1815.<\/p>\n<p>En 2010, quelles sont les pr\u00e9occupations des habitants de la Savoie du Nord et des Genevois ? Apr\u00e8s un rappel des divers \u00e9v\u00e9nements des ann\u00e9es 1858 \u00e0 1860 par le professeur Paul Guichonnet, l\u2019Acad\u00e9mie du Faucigny a demand\u00e9 \u00e0 des historiens et des personnalit\u00e9s engag\u00e9es dans la vie civile de nous faire part de leurs r\u00e9flexions \u00e0 l\u2019heure o\u00f9 la r\u00e9gion franco-valdo-genevoise, ou \u00ab\u00a0Grand Gen\u00e8ve\u00a0\u00bb, devient une entit\u00e9 incontournable. Ces communications sont compl\u00e9t\u00e9es par un \u00e9clairage sur les deux protagonistes essentiels de l\u2019Annexion, Napol\u00e9on III et Cavour, les deux grands hommes du XIXe si\u00e8cle.<\/p><div id=\"crieu-3125039103\" class=\"crieu-content crieu-entity-placement\"><script async src=\"\/\/pagead2.googlesyndication.com\/pagead\/js\/adsbygoogle.js?client=ca-pub-5271584769416742\" crossorigin=\"anonymous\"><\/script><ins class=\"adsbygoogle\" style=\"display:block;\" data-ad-client=\"ca-pub-5271584769416742\" \ndata-ad-slot=\"9321250718\" \ndata-ad-format=\"auto\"><\/ins>\n<script> \n(adsbygoogle = window.adsbygoogle || []).push({}); \n<\/script>\n<\/div>\n<ul>\n<li>66 pages.<\/li>\n<li>Prix : 10 \u20ac.<\/li>\n<\/ul>\n<p>Ouvrage disponible aupr\u00e8s de l&rsquo;Acad\u00e9mie du Faucigny :\u00a0<strong><a class=\"popup\" href=\"mailto:academie.faucigny@laposte.net\">academie.faucigny@laposte.net<\/a><\/strong><\/p>\n<p>_<\/p>\n<p>&nbsp;<\/p>\n<p><strong>L&rsquo;expression \u00ab\u00a0Savoie du Nord\u00a0\u00bb correspond \u00e0 la grande zone franche savoyarde, c&rsquo;est-\u00e0-dire au Faucigny (en vert), au Chablais et \u00e0 une partie du Genevois savoyard (en orange):<\/strong><\/p>\n<p><img loading=\"lazy\" decoding=\"async\" class=\"alignnone size-full wp-image-812\" src=\"https:\/\/bale.ch\/journal\/wp-content\/uploads\/2010\/12\/savoie_du_nord_carte.jpg\" alt=\"\" width=\"700\" height=\"548\" srcset=\"https:\/\/bale.ch\/journal\/wp-content\/uploads\/2010\/12\/savoie_du_nord_carte.jpg 700w, https:\/\/bale.ch\/journal\/wp-content\/uploads\/2010\/12\/savoie_du_nord_carte-300x235.jpg 300w\" sizes=\"auto, (max-width: 700px) 100vw, 700px\" \/><br \/>\n<em>\u00ab\u00a0Projet de r\u00e9union \u00e0 la Suisse du Chablais et du Faucigny en tant que nouveaux cantons. Canton du Chablais, capitale Thonon. Canton du Faucigny, capitale Bonneville.\u00a0\u00bb<\/em><\/p>\n<p><img loading=\"lazy\" decoding=\"async\" class=\"alignnone size-full wp-image-818\" src=\"https:\/\/bale.ch\/journal\/wp-content\/uploads\/2010\/12\/constitution_suisse.jpg\" alt=\"\" width=\"965\" height=\"663\" srcset=\"https:\/\/bale.ch\/journal\/wp-content\/uploads\/2010\/12\/constitution_suisse.jpg 965w, https:\/\/bale.ch\/journal\/wp-content\/uploads\/2010\/12\/constitution_suisse-300x206.jpg 300w, https:\/\/bale.ch\/journal\/wp-content\/uploads\/2010\/12\/constitution_suisse-768x528.jpg 768w\" sizes=\"auto, (max-width: 965px) 100vw, 965px\" \/><\/p>\n<p><img loading=\"lazy\" decoding=\"async\" class=\"alignnone size-full wp-image-813\" src=\"https:\/\/bale.ch\/journal\/wp-content\/uploads\/2010\/12\/haute-savoie-carte.jpg\" alt=\"\" width=\"759\" height=\"960\" srcset=\"https:\/\/bale.ch\/journal\/wp-content\/uploads\/2010\/12\/haute-savoie-carte.jpg 759w, https:\/\/bale.ch\/journal\/wp-content\/uploads\/2010\/12\/haute-savoie-carte-237x300.jpg 237w\" sizes=\"auto, (max-width: 759px) 100vw, 759px\" \/><\/p>\n<div id=\"crieu-1378313127\" class=\"crieu-apres-le-contenu crieu-entity-placement\" style=\"margin-left: auto;margin-right: auto;text-align: center;\"><script async src=\"\/\/pagead2.googlesyndication.com\/pagead\/js\/adsbygoogle.js?client=ca-pub-5271584769416742\" crossorigin=\"anonymous\"><\/script><ins class=\"adsbygoogle\" style=\"display:block;\" data-ad-client=\"ca-pub-5271584769416742\" \ndata-ad-slot=\"9321250718\" \ndata-ad-format=\"auto\"><\/ins>\n<script> \n(adsbygoogle = window.adsbygoogle || []).push({}); \n<\/script>\n<\/div>","protected":false},"excerpt":{"rendered":"<p>Le 150\u00e8me anniversaire de l\u2019Annexion de la Savoie \u00e0 la France a \u00e9t\u00e9 l\u2019occasion d\u2019une relecture des \u00e9v\u00e9nements de 1860. L\u2019Acad\u00e9mie du Faucigny, soci\u00e9t\u00e9 savante de Savoie bas\u00e9e \u00e0 La <a href=\"https:\/\/bale.ch\/journal\/rattachement-150-ans-savoie-suisse-france\/\" class=\"read-more button-fancy -red\"><span class=\"btn-arrow\"><\/span><span class=\"twp-read-more text\">Continuer la lecture<\/span><\/a><\/p>\n","protected":false},"author":2,"featured_media":800,"comment_status":"closed","ping_status":"closed","sticky":false,"template":"","format":"standard","meta":{"footnotes":""},"categories":[4],"tags":[64,75,77,74,76,59,73,31],"class_list":["post-798","post","type-post","status-publish","format-standard","has-post-thumbnail","hentry","category-grand-geneve","tag-chablais","tag-faucigny","tag-frontaliers","tag-geneve","tag-genevois","tag-grand-geneve","tag-haute-savoie","tag-savoie"],"yoast_head":"<!-- This site is optimized with the Yoast SEO plugin v28.3 - https:\/\/yoast.com\/product\/yoast-seo-wordpress\/ -->\n<title>1860-2010: la Savoie du Nord toujours attach\u00e9e \u00e0 Gen\u00e8ve - Journal de B\u00e2le et Gen\u00e8ve<\/title>\n<meta name=\"robots\" content=\"index, follow, max-snippet:-1, max-image-preview:large, max-video-preview:-1\" \/>\n<link rel=\"canonical\" href=\"https:\/\/bale.ch\/journal\/rattachement-150-ans-savoie-suisse-france\/\" \/>\n<meta property=\"og:locale\" content=\"fr_FR\" \/>\n<meta property=\"og:type\" content=\"article\" \/>\n<meta property=\"og:title\" content=\"1860-2010: la Savoie du Nord toujours attach\u00e9e \u00e0 Gen\u00e8ve - Journal de B\u00e2le et Gen\u00e8ve\" \/>\n<meta property=\"og:description\" content=\"Le 150\u00e8me anniversaire de l\u2019Annexion de la Savoie \u00e0 la France a \u00e9t\u00e9 l\u2019occasion d\u2019une relecture des \u00e9v\u00e9nements de 1860. L\u2019Acad\u00e9mie du Faucigny, soci\u00e9t\u00e9 savante de Savoie bas\u00e9e \u00e0 La Continuer la lecture\" \/>\n<meta property=\"og:url\" content=\"https:\/\/bale.ch\/journal\/rattachement-150-ans-savoie-suisse-france\/\" \/>\n<meta property=\"og:site_name\" content=\"Journal de B\u00e2le et Gen\u00e8ve\" \/>\n<meta property=\"article:published_time\" content=\"2010-12-09T09:42:08+00:00\" \/>\n<meta property=\"article:modified_time\" content=\"2018-11-10T19:22:31+00:00\" \/>\n<meta property=\"og:image\" content=\"https:\/\/bale.ch\/journal\/wp-content\/uploads\/2017\/09\/annexion_savoie_geneve_france-1.jpg\" \/>\n\t<meta property=\"og:image:width\" content=\"910\" \/>\n\t<meta property=\"og:image:height\" content=\"591\" \/>\n\t<meta property=\"og:image:type\" content=\"image\/jpeg\" \/>\n<meta name=\"author\" content=\"La R\u00e9daction\" \/>\n<meta name=\"twitter:card\" content=\"summary_large_image\" \/>\n<meta name=\"twitter:label1\" content=\"\u00c9crit par\" \/>\n\t<meta name=\"twitter:data1\" content=\"La R\u00e9daction\" \/>\n\t<meta name=\"twitter:label2\" content=\"Dur\u00e9e de lecture estim\u00e9e\" \/>\n\t<meta name=\"twitter:data2\" content=\"2 minutes\" \/>\n<script type=\"application\/ld+json\" class=\"yoast-schema-graph\">{\"@context\":\"https:\\\/\\\/schema.org\",\"@graph\":[{\"@type\":\"Article\",\"@id\":\"https:\\\/\\\/bale.ch\\\/journal\\\/rattachement-150-ans-savoie-suisse-france\\\/#article\",\"isPartOf\":{\"@id\":\"https:\\\/\\\/bale.ch\\\/journal\\\/rattachement-150-ans-savoie-suisse-france\\\/\"},\"author\":{\"name\":\"La R\u00e9daction\",\"@id\":\"https:\\\/\\\/bale.ch\\\/journal\\\/#\\\/schema\\\/person\\\/03ced978db3b7a5274c5cef003f352f5\"},\"headline\":\"1860-2010: la Savoie du Nord toujours attach\u00e9e \u00e0 Gen\u00e8ve\",\"datePublished\":\"2010-12-09T09:42:08+00:00\",\"dateModified\":\"2018-11-10T19:22:31+00:00\",\"mainEntityOfPage\":{\"@id\":\"https:\\\/\\\/bale.ch\\\/journal\\\/rattachement-150-ans-savoie-suisse-france\\\/\"},\"wordCount\":351,\"publisher\":{\"@id\":\"https:\\\/\\\/bale.ch\\\/journal\\\/#organization\"},\"image\":{\"@id\":\"https:\\\/\\\/bale.ch\\\/journal\\\/rattachement-150-ans-savoie-suisse-france\\\/#primaryimage\"},\"thumbnailUrl\":\"https:\\\/\\\/bale.ch\\\/journal\\\/wp-content\\\/uploads\\\/2017\\\/09\\\/annexion_savoie_geneve_france-1.jpg\",\"keywords\":[\"Chablais\",\"Faucigny\",\"Frontaliers\",\"Gen\u00e8ve\",\"Genevois\",\"Grand Gen\u00e8ve\",\"Haute-Savoie\",\"Savoie\"],\"articleSection\":[\"Grand Gen\u00e8ve\"],\"inLanguage\":\"fr-FR\"},{\"@type\":\"WebPage\",\"@id\":\"https:\\\/\\\/bale.ch\\\/journal\\\/rattachement-150-ans-savoie-suisse-france\\\/\",\"url\":\"https:\\\/\\\/bale.ch\\\/journal\\\/rattachement-150-ans-savoie-suisse-france\\\/\",\"name\":\"1860-2010: la Savoie du Nord toujours attach\u00e9e \u00e0 Gen\u00e8ve - Journal de B\u00e2le et Gen\u00e8ve\",\"isPartOf\":{\"@id\":\"https:\\\/\\\/bale.ch\\\/journal\\\/#website\"},\"primaryImageOfPage\":{\"@id\":\"https:\\\/\\\/bale.ch\\\/journal\\\/rattachement-150-ans-savoie-suisse-france\\\/#primaryimage\"},\"image\":{\"@id\":\"https:\\\/\\\/bale.ch\\\/journal\\\/rattachement-150-ans-savoie-suisse-france\\\/#primaryimage\"},\"thumbnailUrl\":\"https:\\\/\\\/bale.ch\\\/journal\\\/wp-content\\\/uploads\\\/2017\\\/09\\\/annexion_savoie_geneve_france-1.jpg\",\"datePublished\":\"2010-12-09T09:42:08+00:00\",\"dateModified\":\"2018-11-10T19:22:31+00:00\",\"breadcrumb\":{\"@id\":\"https:\\\/\\\/bale.ch\\\/journal\\\/rattachement-150-ans-savoie-suisse-france\\\/#breadcrumb\"},\"inLanguage\":\"fr-FR\",\"potentialAction\":[{\"@type\":\"ReadAction\",\"target\":[\"https:\\\/\\\/bale.ch\\\/journal\\\/rattachement-150-ans-savoie-suisse-france\\\/\"]}]},{\"@type\":\"ImageObject\",\"inLanguage\":\"fr-FR\",\"@id\":\"https:\\\/\\\/bale.ch\\\/journal\\\/rattachement-150-ans-savoie-suisse-france\\\/#primaryimage\",\"url\":\"https:\\\/\\\/bale.ch\\\/journal\\\/wp-content\\\/uploads\\\/2017\\\/09\\\/annexion_savoie_geneve_france-1.jpg\",\"contentUrl\":\"https:\\\/\\\/bale.ch\\\/journal\\\/wp-content\\\/uploads\\\/2017\\\/09\\\/annexion_savoie_geneve_france-1.jpg\",\"width\":910,\"height\":591},{\"@type\":\"BreadcrumbList\",\"@id\":\"https:\\\/\\\/bale.ch\\\/journal\\\/rattachement-150-ans-savoie-suisse-france\\\/#breadcrumb\",\"itemListElement\":[{\"@type\":\"ListItem\",\"position\":1,\"name\":\"Accueil\",\"item\":\"https:\\\/\\\/bale.ch\\\/journal\\\/\"},{\"@type\":\"ListItem\",\"position\":2,\"name\":\"1860-2010: la Savoie du Nord toujours attach\u00e9e \u00e0 Gen\u00e8ve\"}]},{\"@type\":\"WebSite\",\"@id\":\"https:\\\/\\\/bale.ch\\\/journal\\\/#website\",\"url\":\"https:\\\/\\\/bale.ch\\\/journal\\\/\",\"name\":\"Journal de B\u00e2le et Gen\u00e8ve\",\"description\":\"M\u00e9dia transfrontalier d&#039;actualit\u00e9s - News\",\"publisher\":{\"@id\":\"https:\\\/\\\/bale.ch\\\/journal\\\/#organization\"},\"potentialAction\":[{\"@type\":\"SearchAction\",\"target\":{\"@type\":\"EntryPoint\",\"urlTemplate\":\"https:\\\/\\\/bale.ch\\\/journal\\\/?s={search_term_string}\"},\"query-input\":{\"@type\":\"PropertyValueSpecification\",\"valueRequired\":true,\"valueName\":\"search_term_string\"}}],\"inLanguage\":\"fr-FR\"},{\"@type\":\"Organization\",\"@id\":\"https:\\\/\\\/bale.ch\\\/journal\\\/#organization\",\"name\":\"Journal de B\u00e2le et Gen\u00e8ve\",\"url\":\"https:\\\/\\\/bale.ch\\\/journal\\\/\",\"logo\":{\"@type\":\"ImageObject\",\"inLanguage\":\"fr-FR\",\"@id\":\"https:\\\/\\\/bale.ch\\\/journal\\\/#\\\/schema\\\/logo\\\/image\\\/\",\"url\":\"https:\\\/\\\/bale.ch\\\/journal\\\/wp-content\\\/uploads\\\/2023\\\/07\\\/journaldebale_logo_2023_nb.png\",\"contentUrl\":\"https:\\\/\\\/bale.ch\\\/journal\\\/wp-content\\\/uploads\\\/2023\\\/07\\\/journaldebale_logo_2023_nb.png\",\"width\":371,\"height\":127,\"caption\":\"Journal de B\u00e2le et Gen\u00e8ve\"},\"image\":{\"@id\":\"https:\\\/\\\/bale.ch\\\/journal\\\/#\\\/schema\\\/logo\\\/image\\\/\"}},{\"@type\":\"Person\",\"@id\":\"https:\\\/\\\/bale.ch\\\/journal\\\/#\\\/schema\\\/person\\\/03ced978db3b7a5274c5cef003f352f5\",\"name\":\"La R\u00e9daction\",\"image\":{\"@type\":\"ImageObject\",\"inLanguage\":\"fr-FR\",\"@id\":\"https:\\\/\\\/secure.gravatar.com\\\/avatar\\\/d1327e2ce8d2b860112f968a3f34686c9bdda7a463a1502cdd1070ac9d88cf1e?s=96&d=mm&r=g\",\"url\":\"https:\\\/\\\/secure.gravatar.com\\\/avatar\\\/d1327e2ce8d2b860112f968a3f34686c9bdda7a463a1502cdd1070ac9d88cf1e?s=96&d=mm&r=g\",\"contentUrl\":\"https:\\\/\\\/secure.gravatar.com\\\/avatar\\\/d1327e2ce8d2b860112f968a3f34686c9bdda7a463a1502cdd1070ac9d88cf1e?s=96&d=mm&r=g\",\"caption\":\"La R\u00e9daction\"},\"url\":\"https:\\\/\\\/bale.ch\\\/journal\\\/author\\\/laredaction\\\/\"}]}<\/script>\n<!-- \/ Yoast SEO plugin. -->","yoast_head_json":{"title":"1860-2010: la Savoie du Nord toujours attach\u00e9e \u00e0 Gen\u00e8ve - Journal de B\u00e2le et Gen\u00e8ve","robots":{"index":"index","follow":"follow","max-snippet":"max-snippet:-1","max-image-preview":"max-image-preview:large","max-video-preview":"max-video-preview:-1"},"canonical":"https:\/\/bale.ch\/journal\/rattachement-150-ans-savoie-suisse-france\/","og_locale":"fr_FR","og_type":"article","og_title":"1860-2010: la Savoie du Nord toujours attach\u00e9e \u00e0 Gen\u00e8ve - Journal de B\u00e2le et Gen\u00e8ve","og_description":"Le 150\u00e8me anniversaire de l\u2019Annexion de la Savoie \u00e0 la France a \u00e9t\u00e9 l\u2019occasion d\u2019une relecture des \u00e9v\u00e9nements de 1860. L\u2019Acad\u00e9mie du Faucigny, soci\u00e9t\u00e9 savante de Savoie bas\u00e9e \u00e0 La Continuer la lecture","og_url":"https:\/\/bale.ch\/journal\/rattachement-150-ans-savoie-suisse-france\/","og_site_name":"Journal de B\u00e2le et Gen\u00e8ve","article_published_time":"2010-12-09T09:42:08+00:00","article_modified_time":"2018-11-10T19:22:31+00:00","og_image":[{"width":910,"height":591,"url":"https:\/\/bale.ch\/journal\/wp-content\/uploads\/2017\/09\/annexion_savoie_geneve_france-1.jpg","type":"image\/jpeg"}],"author":"La R\u00e9daction","twitter_card":"summary_large_image","twitter_misc":{"\u00c9crit par":"La R\u00e9daction","Dur\u00e9e de lecture estim\u00e9e":"2 minutes"},"schema":{"@context":"https:\/\/schema.org","@graph":[{"@type":"Article","@id":"https:\/\/bale.ch\/journal\/rattachement-150-ans-savoie-suisse-france\/#article","isPartOf":{"@id":"https:\/\/bale.ch\/journal\/rattachement-150-ans-savoie-suisse-france\/"},"author":{"name":"La R\u00e9daction","@id":"https:\/\/bale.ch\/journal\/#\/schema\/person\/03ced978db3b7a5274c5cef003f352f5"},"headline":"1860-2010: la Savoie du Nord toujours attach\u00e9e \u00e0 Gen\u00e8ve","datePublished":"2010-12-09T09:42:08+00:00","dateModified":"2018-11-10T19:22:31+00:00","mainEntityOfPage":{"@id":"https:\/\/bale.ch\/journal\/rattachement-150-ans-savoie-suisse-france\/"},"wordCount":351,"publisher":{"@id":"https:\/\/bale.ch\/journal\/#organization"},"image":{"@id":"https:\/\/bale.ch\/journal\/rattachement-150-ans-savoie-suisse-france\/#primaryimage"},"thumbnailUrl":"https:\/\/bale.ch\/journal\/wp-content\/uploads\/2017\/09\/annexion_savoie_geneve_france-1.jpg","keywords":["Chablais","Faucigny","Frontaliers","Gen\u00e8ve","Genevois","Grand Gen\u00e8ve","Haute-Savoie","Savoie"],"articleSection":["Grand Gen\u00e8ve"],"inLanguage":"fr-FR"},{"@type":"WebPage","@id":"https:\/\/bale.ch\/journal\/rattachement-150-ans-savoie-suisse-france\/","url":"https:\/\/bale.ch\/journal\/rattachement-150-ans-savoie-suisse-france\/","name":"1860-2010: la Savoie du Nord toujours attach\u00e9e \u00e0 Gen\u00e8ve - Journal de B\u00e2le et Gen\u00e8ve","isPartOf":{"@id":"https:\/\/bale.ch\/journal\/#website"},"primaryImageOfPage":{"@id":"https:\/\/bale.ch\/journal\/rattachement-150-ans-savoie-suisse-france\/#primaryimage"},"image":{"@id":"https:\/\/bale.ch\/journal\/rattachement-150-ans-savoie-suisse-france\/#primaryimage"},"thumbnailUrl":"https:\/\/bale.ch\/journal\/wp-content\/uploads\/2017\/09\/annexion_savoie_geneve_france-1.jpg","datePublished":"2010-12-09T09:42:08+00:00","dateModified":"2018-11-10T19:22:31+00:00","breadcrumb":{"@id":"https:\/\/bale.ch\/journal\/rattachement-150-ans-savoie-suisse-france\/#breadcrumb"},"inLanguage":"fr-FR","potentialAction":[{"@type":"ReadAction","target":["https:\/\/bale.ch\/journal\/rattachement-150-ans-savoie-suisse-france\/"]}]},{"@type":"ImageObject","inLanguage":"fr-FR","@id":"https:\/\/bale.ch\/journal\/rattachement-150-ans-savoie-suisse-france\/#primaryimage","url":"https:\/\/bale.ch\/journal\/wp-content\/uploads\/2017\/09\/annexion_savoie_geneve_france-1.jpg","contentUrl":"https:\/\/bale.ch\/journal\/wp-content\/uploads\/2017\/09\/annexion_savoie_geneve_france-1.jpg","width":910,"height":591},{"@type":"BreadcrumbList","@id":"https:\/\/bale.ch\/journal\/rattachement-150-ans-savoie-suisse-france\/#breadcrumb","itemListElement":[{"@type":"ListItem","position":1,"name":"Accueil","item":"https:\/\/bale.ch\/journal\/"},{"@type":"ListItem","position":2,"name":"1860-2010: la Savoie du Nord toujours attach\u00e9e \u00e0 Gen\u00e8ve"}]},{"@type":"WebSite","@id":"https:\/\/bale.ch\/journal\/#website","url":"https:\/\/bale.ch\/journal\/","name":"Journal de B\u00e2le et Gen\u00e8ve","description":"M\u00e9dia transfrontalier d&#039;actualit\u00e9s - News","publisher":{"@id":"https:\/\/bale.ch\/journal\/#organization"},"potentialAction":[{"@type":"SearchAction","target":{"@type":"EntryPoint","urlTemplate":"https:\/\/bale.ch\/journal\/?s={search_term_string}"},"query-input":{"@type":"PropertyValueSpecification","valueRequired":true,"valueName":"search_term_string"}}],"inLanguage":"fr-FR"},{"@type":"Organization","@id":"https:\/\/bale.ch\/journal\/#organization","name":"Journal de B\u00e2le et Gen\u00e8ve","url":"https:\/\/bale.ch\/journal\/","logo":{"@type":"ImageObject","inLanguage":"fr-FR","@id":"https:\/\/bale.ch\/journal\/#\/schema\/logo\/image\/","url":"https:\/\/bale.ch\/journal\/wp-content\/uploads\/2023\/07\/journaldebale_logo_2023_nb.png","contentUrl":"https:\/\/bale.ch\/journal\/wp-content\/uploads\/2023\/07\/journaldebale_logo_2023_nb.png","width":371,"height":127,"caption":"Journal de B\u00e2le et Gen\u00e8ve"},"image":{"@id":"https:\/\/bale.ch\/journal\/#\/schema\/logo\/image\/"}},{"@type":"Person","@id":"https:\/\/bale.ch\/journal\/#\/schema\/person\/03ced978db3b7a5274c5cef003f352f5","name":"La R\u00e9daction","image":{"@type":"ImageObject","inLanguage":"fr-FR","@id":"https:\/\/secure.gravatar.com\/avatar\/d1327e2ce8d2b860112f968a3f34686c9bdda7a463a1502cdd1070ac9d88cf1e?s=96&d=mm&r=g","url":"https:\/\/secure.gravatar.com\/avatar\/d1327e2ce8d2b860112f968a3f34686c9bdda7a463a1502cdd1070ac9d88cf1e?s=96&d=mm&r=g","contentUrl":"https:\/\/secure.gravatar.com\/avatar\/d1327e2ce8d2b860112f968a3f34686c9bdda7a463a1502cdd1070ac9d88cf1e?s=96&d=mm&r=g","caption":"La R\u00e9daction"},"url":"https:\/\/bale.ch\/journal\/author\/laredaction\/"}]}},"_links":{"self":[{"href":"https:\/\/bale.ch\/journal\/wp-json\/wp\/v2\/posts\/798","targetHints":{"allow":["GET"]}}],"collection":[{"href":"https:\/\/bale.ch\/journal\/wp-json\/wp\/v2\/posts"}],"about":[{"href":"https:\/\/bale.ch\/journal\/wp-json\/wp\/v2\/types\/post"}],"author":[{"embeddable":true,"href":"https:\/\/bale.ch\/journal\/wp-json\/wp\/v2\/users\/2"}],"replies":[{"embeddable":true,"href":"https:\/\/bale.ch\/journal\/wp-json\/wp\/v2\/comments?post=798"}],"version-history":[{"count":15,"href":"https:\/\/bale.ch\/journal\/wp-json\/wp\/v2\/posts\/798\/revisions"}],"predecessor-version":[{"id":1332,"href":"https:\/\/bale.ch\/journal\/wp-json\/wp\/v2\/posts\/798\/revisions\/1332"}],"wp:featuredmedia":[{"embeddable":true,"href":"https:\/\/bale.ch\/journal\/wp-json\/wp\/v2\/media\/800"}],"wp:attachment":[{"href":"https:\/\/bale.ch\/journal\/wp-json\/wp\/v2\/media?parent=798"}],"wp:term":[{"taxonomy":"category","embeddable":true,"href":"https:\/\/bale.ch\/journal\/wp-json\/wp\/v2\/categories?post=798"},{"taxonomy":"post_tag","embeddable":true,"href":"https:\/\/bale.ch\/journal\/wp-json\/wp\/v2\/tags?post=798"}],"curies":[{"name":"wp","href":"https:\/\/api.w.org\/{rel}","templated":true}]}}