{"id":832,"date":"2018-08-02T17:16:06","date_gmt":"2018-08-02T17:16:06","guid":{"rendered":"http:\/\/bale.ch\/journal\/?p=832"},"modified":"2019-03-27T18:19:41","modified_gmt":"2019-03-27T18:19:41","slug":"maison-alveole-soucoupe-volante-architecture","status":"publish","type":"post","link":"https:\/\/bale.ch\/journal\/maison-alveole-soucoupe-volante-architecture\/","title":{"rendered":"La maison Alv\u00e9ole, \u00ab\u00a0soucoupe volante\u00a0\u00bb atterrie dans le Chablais il y a 30 ans, menac\u00e9e de destruction"},"content":{"rendered":"<p><strong>La commune de Sciez-sur-L\u00e9man, dans le Chablais savoyard, souhaite la destruction de la maison d&rsquo;habitation \u00e0 l&rsquo;architecture remarquable pour construire des immeubles, dans le cadre de l&rsquo;agglo du Grand Gen\u00e8ve. Ses propri\u00e9taires, occupants et voisins veulent la conserver. Une p\u00e9tition a \u00e9t\u00e9 lanc\u00e9e.<\/strong><!--more--><\/p>\n<p>L&rsquo;Alv\u00e9ole est une b\u00e2tisse \u00e0 l&rsquo;architecture hexagonale \u00e0 base octogonale tronqu\u00e9e, construite dans les ann\u00e9es huitante sur les plans de Jany Lavy, fleuriste du village de Bonnatrait, dipl\u00f4m\u00e9e de l&rsquo;\u00c9cole sup\u00e9rieure des beaux-arts de Gen\u00e8ve. Elle semble faire \u00e9cho \u00e0 l&rsquo;\u00e9cole de <a href=\"http:\/\/astudejaoublie.blogspot.com\/2016\/08\/douvaine-projet-de-renovation-pascal.html\" target=\"_blank\" rel=\"noopener\">la Bulle<\/a>, b\u00e2timent \u00e0 l&rsquo;architecture organique class\u00e9 \u00e0 Douvaine, dans une version plus contemporaine.<\/p>\n<p>Elle a l&rsquo;allure d&rsquo;un chalet, mais sous son bardage bois du rez sup\u00e9rieur, la structure est faite de b\u00e9ton arm\u00e9, \u00e0 l&rsquo;image du balcon \u00e0 360 degr\u00e9s.<\/p><div id=\"crieu-1411514161\" class=\"crieu-content crieu-entity-placement\"><script async src=\"\/\/pagead2.googlesyndication.com\/pagead\/js\/adsbygoogle.js?client=ca-pub-5271584769416742\" crossorigin=\"anonymous\"><\/script><ins class=\"adsbygoogle\" style=\"display:block;\" data-ad-client=\"ca-pub-5271584769416742\" \ndata-ad-slot=\"9321250718\" \ndata-ad-format=\"auto\"><\/ins>\n<script> \n(adsbygoogle = window.adsbygoogle || []).push({}); \n<\/script>\n<\/div>\n<figure id=\"attachment_1020\" aria-describedby=\"caption-attachment-1020\" style=\"width: 1024px\" class=\"wp-caption alignnone\"><img loading=\"lazy\" decoding=\"async\" class=\"wp-image-1020 size-full\" src=\"https:\/\/bale.ch\/journal\/wp-content\/uploads\/2016\/03\/maison_alveole_3.png\" alt=\"\" width=\"1024\" height=\"768\" srcset=\"https:\/\/bale.ch\/journal\/wp-content\/uploads\/2016\/03\/maison_alveole_3.png 1024w, https:\/\/bale.ch\/journal\/wp-content\/uploads\/2016\/03\/maison_alveole_3-300x225.png 300w, https:\/\/bale.ch\/journal\/wp-content\/uploads\/2016\/03\/maison_alveole_3-768x576.png 768w\" sizes=\"auto, (max-width: 1024px) 100vw, 1024px\" \/><figcaption id=\"caption-attachment-1020\" class=\"wp-caption-text\">Photo Ermin Apel<\/figcaption><\/figure>\n<p>Inspir\u00e9e \u00e0 la fois par les alv\u00e9oles d&rsquo;abeille et les yourtes &#8211; dans une version s\u00e9dentaire, en dur &#8211; avec sa chemin\u00e9e centrale et ses grandes baies vitr\u00e9es pour capter la lumi\u00e8re.<\/p>\n<p>Sur les murs ext\u00e9rieurs, des peintures aux couleurs \u00e9clatantes sont expos\u00e9es. Il s&rsquo;agit d&rsquo;oeuvres de <a href=\"http:\/\/grandgeneve.news\/peintre-lemanique-remi-gay-deces\/\" target=\"_blank\" rel=\"noopener\">R\u00e9mi Gay<\/a> (1941-2015), peintre chablaisien se r\u00e9clamant de l\u2019abstraction lyrique.<\/p>\n<p>Elle s&rsquo;inscrivait dans le cadre du d\u00e9veloppement d&rsquo;un quartier d&rsquo;Alv\u00e9oles, avec des commerces et une aire de jeux, dont le permis de construire a \u00e9t\u00e9 accord\u00e9 en 1985. Un projet qui, bien qu&rsquo;avalis\u00e9 par les services de l&rsquo;urbanisme, n&rsquo;a jamais \u00e9t\u00e9 men\u00e9 \u00e0 son terme.<\/p>\n<p>Les acc\u00e8s, deux passerelles, l&rsquo;une au nord, l&rsquo;autre au sud, enjambent une \u00ab\u00a0douve\u00a0\u00bb. Pour le c\u00f4t\u00e9 insulaire ou village fortifi\u00e9, c&rsquo;est selon&#8230; En effet, confortablement install\u00e9e au centre d&rsquo;une parcelle de 3000 m2 arboris\u00e9e, elle nargue les promoteurs immobiliers, galvanis\u00e9s par le nouveau Plan local d&rsquo;urbanisme qui leur promet de construire un nouveau quartier \u00e0 la verticale et des centaines de places de parking dans cette zone situ\u00e9e sur l&rsquo;axe Gen\u00e8ve-Thonon.<\/p>\n<h3><strong>La r\u00e9alisation de l&rsquo;agglom\u00e9ration du Grand Gen\u00e8ve, entre \u00ab\u00a0intimidation\u00a0\u00bb et bulldozer<\/strong><\/h3>\n<figure id=\"attachment_1129\" aria-describedby=\"caption-attachment-1129\" style=\"width: 661px\" class=\"wp-caption alignnone\"><img loading=\"lazy\" decoding=\"async\" class=\"size-full wp-image-1129\" src=\"https:\/\/bale.ch\/journal\/wp-content\/uploads\/2018\/08\/rond-point_sciez_bonnatrait.jpg\" alt=\"\" width=\"661\" height=\"719\" srcset=\"https:\/\/bale.ch\/journal\/wp-content\/uploads\/2018\/08\/rond-point_sciez_bonnatrait.jpg 661w, https:\/\/bale.ch\/journal\/wp-content\/uploads\/2018\/08\/rond-point_sciez_bonnatrait-276x300.jpg 276w\" sizes=\"auto, (max-width: 661px) 100vw, 661px\" \/><figcaption id=\"caption-attachment-1129\" class=\"wp-caption-text\">Un nouveau rond-point, indissociable du projet, a \u00e9t\u00e9 estim\u00e9 \u00e0 6 millions d&rsquo;euros. Image DR<\/figcaption><\/figure>\n<p>Et en juin 2018, le quotidien <em>Le Dauphin\u00e9<\/em> nous apprend que la commune de Sciez a officiellement annonc\u00e9 le d\u00e9veloppement \u00e0 court et moyen terme d&rsquo;un projet d&rsquo;urbanisation massive de la zone: 6 immeubles comprenant 180 logements devraient s&rsquo;y \u00e9lever, \u00e0 la place d&rsquo;une ferme d\u00e9j\u00e0 d\u00e9truite, d&rsquo;un magasin de fleurs, de chalets savoyards ainsi que de l&rsquo;Alv\u00e9ole.<\/p>\n<p>Le propri\u00e9taire, qui tentait depuis trois ans de dialoguer avec la municipalit\u00e9 au nom de la communaut\u00e9 de voisinage, avait \u00e9t\u00e9 dans un premier temps assur\u00e9 par Odile Longuet, adjointe au maire de Sciez charg\u00e9e de l&rsquo;urbanisme, de pouvoir rester dans sa maison et de participer \u00e0 l&rsquo;\u00e9laboration du projet: <em>\u00ab\u00a0\u00e0 chaque s\u00e9ance de travail nous \u00e9voquons votre situation pour l&rsquo;int\u00e9grer dans le projet\u00a0\u00bb<\/em>, lui \u00e9crivait-t-elle fin 2017.<\/p>\n<p>Mais finalement, <em>\u00ab\u00a0mes voisins et moi avons \u00e9t\u00e9 mis devant le fait accompli par la municipalit\u00e9: il n&rsquo;y a pas d&rsquo;autre solution pour que le projet d\u00e9marre, il faut qu&rsquo;absolument tous les propri\u00e9taires de la zone vendent. Il disent\u00a0 vouloir commencer les travaux dans dix-huit mois. Il ne nous resterait alors qu&rsquo;\u00e0 n\u00e9gocier \u00ab\u00a0\u00e0 l&rsquo;amiable\u00a0\u00bb la \u00ab\u00a0valorisation\u00a0\u00bb de nos terrains directement avec le promoteur, Priams Immobilier. La communication de la mairie ressemble fortement \u00e0 de l&rsquo;intimidation\u00a0\u00bb<\/em>, commente-t-il.<\/p>\n<p><em>\u00ab\u00a0Nous comprenons qu&rsquo;il y ait un besoin de logements, mais nous refusons la politique de la table-rase. Qu&rsquo;ils cessent de d\u00e9truire notre patrimoine. <\/em><em>Rien ne les emp\u00eachent de revoir leurs plans. L&rsquo;Alv\u00e9ole et les chalets resteront ainsi un \u00eelot de verdure entre la zone artisanale et les immeubles\u00a0\u00bb<\/em>, conclut-il.<\/p>\n<figure id=\"attachment_1085\" aria-describedby=\"caption-attachment-1085\" style=\"width: 1450px\" class=\"wp-caption alignnone\"><img loading=\"lazy\" decoding=\"async\" class=\"size-full wp-image-1085\" src=\"https:\/\/bale.ch\/journal\/wp-content\/uploads\/2018\/08\/lemessager.jpg\" alt=\"\" width=\"1450\" height=\"471\" srcset=\"https:\/\/bale.ch\/journal\/wp-content\/uploads\/2018\/08\/lemessager.jpg 1450w, https:\/\/bale.ch\/journal\/wp-content\/uploads\/2018\/08\/lemessager-300x97.jpg 300w, https:\/\/bale.ch\/journal\/wp-content\/uploads\/2018\/08\/lemessager-768x249.jpg 768w, https:\/\/bale.ch\/journal\/wp-content\/uploads\/2018\/08\/lemessager-1024x333.jpg 1024w\" sizes=\"auto, (max-width: 1450px) 100vw, 1450px\" \/><figcaption id=\"caption-attachment-1085\" class=\"wp-caption-text\">\u00ab\u00a0Nous r\u00e9alisons une agglom\u00e9ration\u00a0\u00bb: Jean-Luc Bidal, maire, et son adjointe \u00e0 l&rsquo;urbanisme Odile Longuet. Le Messager, octobre 2014.<\/figcaption><\/figure>\n<p>Le maire de Sciez, quant \u00e0 lui argue d&rsquo;une <em>\u00ab\u00a0obligation de construire\u00a0\u00bb<\/em> par l&rsquo;Etat et de l&rsquo;acceptation par le pr\u00e9fet du plan local d&rsquo;urbanisme qui vient d&rsquo;entrer en vigueur. Si les n\u00e9gociations avec le habitants n&rsquo;aboutissent pas, il faudra prouver qu&rsquo;il n&rsquo;y a pas d&rsquo;autre choix que d&rsquo;exproprier, qu&rsquo;il ne peut pas construire ailleurs.\u00a0 <em>\u00ab\u00a0Oh vous savez moi, dans un an et demi je ne suis plus l\u00e0!\u00a0\u00bb,<\/em> lan\u00e7a-t-il lors de la r\u00e9union \u00ab\u00a0d&rsquo;information\u00a0\u00bb pour les propri\u00e9taires des terrains de la zone concern\u00e9e. Un beau sac de n\u0153uds en h\u00e9ritage pour le prochain premier \u00e9dile, en somme. \u00c0 moins que le promoteur ne d\u00e9place l&rsquo;Alv\u00e9ole? <em>\u00ab\u00a0Pourquoi pas?\u00a0\u00bb<\/em> conclu le propri\u00e9taire.<em> \u00ab\u00a0Je reste ouvert \u00e0 la discussion, m\u00eame si je condamne leurs m\u00e9thodes\u00a0\u00bb<\/em><\/p>\n<p><a href=\"https:\/\/www.change.org\/p\/monsieur-le-maire-de-sciez-pr%C3%A9servons-la-remarquable-maison-hexagonale-alv%C3%A9ole-%C3%A0-sciez-sur-l%C3%A9man\" target=\"_blank\" rel=\"noopener\">Une p\u00e9tition a \u00e9t\u00e9 lanc\u00e9e par des habitants de la commune pour la pr\u00e9server de la destruction.<\/a><\/p>\n<p>Affaire \u00e0 suivre&#8230;<\/p>\n<figure id=\"attachment_833\" aria-describedby=\"caption-attachment-833\" style=\"width: 1645px\" class=\"wp-caption alignnone\"><img loading=\"lazy\" decoding=\"async\" class=\"wp-image-833 size-full\" src=\"https:\/\/bale.ch\/journal\/wp-content\/uploads\/2017\/11\/alveole_hiver.jpg\" alt=\"\" width=\"1645\" height=\"925\" srcset=\"https:\/\/bale.ch\/journal\/wp-content\/uploads\/2017\/11\/alveole_hiver.jpg 1645w, https:\/\/bale.ch\/journal\/wp-content\/uploads\/2017\/11\/alveole_hiver-300x169.jpg 300w, https:\/\/bale.ch\/journal\/wp-content\/uploads\/2017\/11\/alveole_hiver-768x432.jpg 768w, https:\/\/bale.ch\/journal\/wp-content\/uploads\/2017\/11\/alveole_hiver-1024x576.jpg 1024w\" sizes=\"auto, (max-width: 1645px) 100vw, 1645px\" \/><figcaption id=\"caption-attachment-833\" class=\"wp-caption-text\">C\u00f4t\u00e9 Sud-Est, en hiver.<\/figcaption><\/figure>\n<figure id=\"attachment_840\" aria-describedby=\"caption-attachment-840\" style=\"width: 3504px\" class=\"wp-caption alignnone\"><img loading=\"lazy\" decoding=\"async\" class=\"wp-image-840 size-full\" src=\"https:\/\/bale.ch\/journal\/wp-content\/uploads\/2016\/02\/alveole_sciez_plan.jpg\" alt=\"\" width=\"3504\" height=\"2550\" srcset=\"https:\/\/bale.ch\/journal\/wp-content\/uploads\/2016\/02\/alveole_sciez_plan.jpg 3504w, https:\/\/bale.ch\/journal\/wp-content\/uploads\/2016\/02\/alveole_sciez_plan-300x218.jpg 300w, https:\/\/bale.ch\/journal\/wp-content\/uploads\/2016\/02\/alveole_sciez_plan-768x559.jpg 768w, https:\/\/bale.ch\/journal\/wp-content\/uploads\/2016\/02\/alveole_sciez_plan-1024x745.jpg 1024w\" sizes=\"auto, (max-width: 3504px) 100vw, 3504px\" \/><figcaption id=\"caption-attachment-840\" class=\"wp-caption-text\">Le projet \u00ab\u00a0Alv\u00e9oles\u00a0\u00bb de 1985.<\/figcaption><\/figure>\n<h3 style=\"text-align: left;\"><strong>T\u00e9moignages de voisins<\/strong><\/h3>\n<blockquote><p><em><span class=\"dotdotdot \">Cette maison appartient \u00e0 une famille. Il y a des vies, une histoire, un pass\u00e9 et je leur souhaite un futur. D\u00e9truire cette maison c&rsquo;est d\u00e9truire cette famille.<\/span><\/em><br \/>\nAdeline<\/p><\/blockquote>\n<p style=\"text-align: left;\"><em>Il faut stopper les constructions sur Sciez d\u00e9j\u00e0 trop nombreuses ! Les infrastructures ne sont pas suffisantes et le trafic et d\u00e9j\u00e0 satur\u00e9! <\/em><em>Laissons cette maison \u00e0 ses propri\u00e9taires, l&rsquo;argent ne remplace pas un bien familial!<\/em><br \/>\nChristel<\/p>\n<blockquote><p><em>Il faut sauvegarder les belles oeuvres telle que celle ci ! Un patrimoine et aussi une famille qui l&rsquo;a faite b\u00e2tir ou l&rsquo;a\u00a0 b\u00e2ti de ses propres mains !<\/em><br \/>\nAude<\/p><\/blockquote>\n<p style=\"text-align: left;\"><em>Je consid\u00e8re que ma commune n\u2019a pas besoin de d\u00e9truire du patrimoine local pour construire toujours et toujours plus.<\/em><br \/>\nPatrick<\/p>\n<blockquote><p><em>Cette maison est famili\u00e8re dans notre environnement et nous pr\u00e9serve du tout-b\u00e9ton.<\/em><br \/>\nPhilippe<\/p><\/blockquote>\n<p style=\"text-align: left;\"><span class=\"dotdotdot \"><em>Les urbanistes n&rsquo;ont qu&rsquo;\u00e0 faire des plans en contournant la parcelle. Stop au lobbying!<\/em><br \/>\nFabienne<\/span><\/p>\n<blockquote><p><span class=\"dotdotdot \"><em>Il faut arr\u00eater de b\u00e9tonner notre commune. \u00c9coutez vos \u00e9lecteurs n&rsquo;enlaidissez plus notre commune qui devient invivable. Sauvez la maison.<\/em><br \/>\nLucienne<br \/>\n<\/span><\/p><\/blockquote>\n<p style=\"text-align: left;\"><span class=\"dotdotdot \"><em>On garde cette maison! C&rsquo;est une \u0153uvre d&rsquo;art! Ras-le-bol de raser des merveilles pour construire des immeubles \u00e0 la con!<\/em><br \/>\nMichelle<br \/>\n<\/span><\/p>\n<blockquote><p><span class=\"dotdotdot \"><em> Attention, M. le Maire, vous perdez votre charme de village touristique!<\/em><br \/>\nAudrey<\/span><\/p><\/blockquote>\n<p style=\"text-align: left;\"><span class=\"dotdotdot \"><em>C&rsquo;est honteux. La ville n&rsquo;entretient pas les routes, les structures ne suivent plus. Arr\u00eatez de b\u00e9tonner. Le trafic est d\u00e9j\u00e0 trop dense. Les sens interdit se multiplient, le maire veut des immeubles, une plage immense et des ronds points, qu&rsquo;il aille les faire ailleurs ! Je suis contre la destruction de cette belle maison et contre le b\u00e9tonnage \u00e0 tout prix.<\/em><br \/>\nSandrine<br \/>\n<\/span><\/p>\n<p><script src=\"https:\/\/static.change.org\/product\/embeds\/v1\/change-embeds.js\" type=\"text\/javascript\"><\/script><\/p>\n<div id=\"crieu-1815081806\" class=\"crieu-apres-le-contenu crieu-entity-placement\" style=\"margin-left: auto;margin-right: auto;text-align: center;\"><script async src=\"\/\/pagead2.googlesyndication.com\/pagead\/js\/adsbygoogle.js?client=ca-pub-5271584769416742\" crossorigin=\"anonymous\"><\/script><ins class=\"adsbygoogle\" style=\"display:block;\" data-ad-client=\"ca-pub-5271584769416742\" \ndata-ad-slot=\"9321250718\" \ndata-ad-format=\"auto\"><\/ins>\n<script> \n(adsbygoogle = window.adsbygoogle || []).push({}); \n<\/script>\n<\/div>","protected":false},"excerpt":{"rendered":"<p>La commune de Sciez-sur-L\u00e9man, dans le Chablais savoyard, souhaite la destruction de la maison d&rsquo;habitation \u00e0 l&rsquo;architecture remarquable pour construire des immeubles, dans le cadre de l&rsquo;agglo du Grand Gen\u00e8ve. <a href=\"https:\/\/bale.ch\/journal\/maison-alveole-soucoupe-volante-architecture\/\" class=\"read-more button-fancy -red\"><span class=\"btn-arrow\"><\/span><span class=\"twp-read-more text\">Continuer la lecture<\/span><\/a><\/p>\n","protected":false},"author":2,"featured_media":1021,"comment_status":"closed","ping_status":"closed","sticky":false,"template":"","format":"standard","meta":{"footnotes":""},"categories":[4],"tags":[79,59,126,80,81],"class_list":["post-832","post","type-post","status-publish","format-standard","has-post-thumbnail","hentry","category-grand-geneve","tag-architecture","tag-grand-geneve","tag-maison-alveole","tag-sciez","tag-urbanisme"],"yoast_head":"<!-- This site is optimized with the Yoast SEO plugin v28.3 - https:\/\/yoast.com\/product\/yoast-seo-wordpress\/ -->\n<title>La maison Alv\u00e9ole, &quot;soucoupe volante&quot; atterrie dans le Chablais il y a 30 ans, menac\u00e9e de destruction - Journal de B\u00e2le et Gen\u00e8ve<\/title>\n<meta name=\"robots\" content=\"index, follow, max-snippet:-1, max-image-preview:large, max-video-preview:-1\" \/>\n<link rel=\"canonical\" href=\"https:\/\/bale.ch\/journal\/maison-alveole-soucoupe-volante-architecture\/\" \/>\n<meta property=\"og:locale\" content=\"fr_FR\" \/>\n<meta property=\"og:type\" content=\"article\" \/>\n<meta property=\"og:title\" content=\"La maison Alv\u00e9ole, &quot;soucoupe volante&quot; atterrie dans le Chablais il y a 30 ans, menac\u00e9e de destruction - Journal de B\u00e2le et Gen\u00e8ve\" \/>\n<meta property=\"og:description\" content=\"La commune de Sciez-sur-L\u00e9man, dans le Chablais savoyard, souhaite la destruction de la maison d&rsquo;habitation \u00e0 l&rsquo;architecture remarquable pour construire des immeubles, dans le cadre de l&rsquo;agglo du Grand Gen\u00e8ve. Continuer la lecture\" \/>\n<meta property=\"og:url\" content=\"https:\/\/bale.ch\/journal\/maison-alveole-soucoupe-volante-architecture\/\" \/>\n<meta property=\"og:site_name\" content=\"Journal de B\u00e2le et Gen\u00e8ve\" \/>\n<meta property=\"article:published_time\" content=\"2018-08-02T17:16:06+00:00\" \/>\n<meta property=\"article:modified_time\" content=\"2019-03-27T18:19:41+00:00\" \/>\n<meta property=\"og:image\" content=\"https:\/\/bale.ch\/journal\/wp-content\/uploads\/2016\/03\/maison_alveole_soucoupe_volante_hexagonale.png\" \/>\n\t<meta property=\"og:image:width\" content=\"1024\" \/>\n\t<meta property=\"og:image:height\" content=\"768\" \/>\n\t<meta property=\"og:image:type\" content=\"image\/png\" \/>\n<meta name=\"author\" content=\"La R\u00e9daction\" \/>\n<meta name=\"twitter:card\" content=\"summary_large_image\" \/>\n<meta name=\"twitter:label1\" content=\"\u00c9crit par\" \/>\n\t<meta name=\"twitter:data1\" content=\"La R\u00e9daction\" \/>\n\t<meta name=\"twitter:label2\" content=\"Dur\u00e9e de lecture estim\u00e9e\" \/>\n\t<meta name=\"twitter:data2\" content=\"6 minutes\" \/>\n<script type=\"application\/ld+json\" class=\"yoast-schema-graph\">{\"@context\":\"https:\\\/\\\/schema.org\",\"@graph\":[{\"@type\":\"Article\",\"@id\":\"https:\\\/\\\/bale.ch\\\/journal\\\/maison-alveole-soucoupe-volante-architecture\\\/#article\",\"isPartOf\":{\"@id\":\"https:\\\/\\\/bale.ch\\\/journal\\\/maison-alveole-soucoupe-volante-architecture\\\/\"},\"author\":{\"name\":\"La R\u00e9daction\",\"@id\":\"https:\\\/\\\/bale.ch\\\/journal\\\/#\\\/schema\\\/person\\\/03ced978db3b7a5274c5cef003f352f5\"},\"headline\":\"La maison Alv\u00e9ole, \u00ab\u00a0soucoupe volante\u00a0\u00bb atterrie dans le Chablais il y a 30 ans, menac\u00e9e de destruction\",\"datePublished\":\"2018-08-02T17:16:06+00:00\",\"dateModified\":\"2019-03-27T18:19:41+00:00\",\"mainEntityOfPage\":{\"@id\":\"https:\\\/\\\/bale.ch\\\/journal\\\/maison-alveole-soucoupe-volante-architecture\\\/\"},\"wordCount\":1188,\"publisher\":{\"@id\":\"https:\\\/\\\/bale.ch\\\/journal\\\/#organization\"},\"image\":{\"@id\":\"https:\\\/\\\/bale.ch\\\/journal\\\/maison-alveole-soucoupe-volante-architecture\\\/#primaryimage\"},\"thumbnailUrl\":\"https:\\\/\\\/bale.ch\\\/journal\\\/wp-content\\\/uploads\\\/2016\\\/03\\\/maison_alveole_soucoupe_volante_hexagonale.png\",\"keywords\":[\"architecture\",\"Grand Gen\u00e8ve\",\"Maison Alv\u00e9ole\",\"Sciez\",\"urbanisme\"],\"articleSection\":[\"Grand Gen\u00e8ve\"],\"inLanguage\":\"fr-FR\"},{\"@type\":\"WebPage\",\"@id\":\"https:\\\/\\\/bale.ch\\\/journal\\\/maison-alveole-soucoupe-volante-architecture\\\/\",\"url\":\"https:\\\/\\\/bale.ch\\\/journal\\\/maison-alveole-soucoupe-volante-architecture\\\/\",\"name\":\"La maison Alv\u00e9ole, \\\"soucoupe volante\\\" atterrie dans le Chablais il y a 30 ans, menac\u00e9e de destruction - Journal de B\u00e2le et Gen\u00e8ve\",\"isPartOf\":{\"@id\":\"https:\\\/\\\/bale.ch\\\/journal\\\/#website\"},\"primaryImageOfPage\":{\"@id\":\"https:\\\/\\\/bale.ch\\\/journal\\\/maison-alveole-soucoupe-volante-architecture\\\/#primaryimage\"},\"image\":{\"@id\":\"https:\\\/\\\/bale.ch\\\/journal\\\/maison-alveole-soucoupe-volante-architecture\\\/#primaryimage\"},\"thumbnailUrl\":\"https:\\\/\\\/bale.ch\\\/journal\\\/wp-content\\\/uploads\\\/2016\\\/03\\\/maison_alveole_soucoupe_volante_hexagonale.png\",\"datePublished\":\"2018-08-02T17:16:06+00:00\",\"dateModified\":\"2019-03-27T18:19:41+00:00\",\"breadcrumb\":{\"@id\":\"https:\\\/\\\/bale.ch\\\/journal\\\/maison-alveole-soucoupe-volante-architecture\\\/#breadcrumb\"},\"inLanguage\":\"fr-FR\",\"potentialAction\":[{\"@type\":\"ReadAction\",\"target\":[\"https:\\\/\\\/bale.ch\\\/journal\\\/maison-alveole-soucoupe-volante-architecture\\\/\"]}]},{\"@type\":\"ImageObject\",\"inLanguage\":\"fr-FR\",\"@id\":\"https:\\\/\\\/bale.ch\\\/journal\\\/maison-alveole-soucoupe-volante-architecture\\\/#primaryimage\",\"url\":\"https:\\\/\\\/bale.ch\\\/journal\\\/wp-content\\\/uploads\\\/2016\\\/03\\\/maison_alveole_soucoupe_volante_hexagonale.png\",\"contentUrl\":\"https:\\\/\\\/bale.ch\\\/journal\\\/wp-content\\\/uploads\\\/2016\\\/03\\\/maison_alveole_soucoupe_volante_hexagonale.png\",\"width\":1024,\"height\":768},{\"@type\":\"BreadcrumbList\",\"@id\":\"https:\\\/\\\/bale.ch\\\/journal\\\/maison-alveole-soucoupe-volante-architecture\\\/#breadcrumb\",\"itemListElement\":[{\"@type\":\"ListItem\",\"position\":1,\"name\":\"Accueil\",\"item\":\"https:\\\/\\\/bale.ch\\\/journal\\\/\"},{\"@type\":\"ListItem\",\"position\":2,\"name\":\"La maison Alv\u00e9ole, \u00ab\u00a0soucoupe volante\u00a0\u00bb atterrie dans le Chablais il y a 30 ans, menac\u00e9e de destruction\"}]},{\"@type\":\"WebSite\",\"@id\":\"https:\\\/\\\/bale.ch\\\/journal\\\/#website\",\"url\":\"https:\\\/\\\/bale.ch\\\/journal\\\/\",\"name\":\"Journal de B\u00e2le et Gen\u00e8ve\",\"description\":\"M\u00e9dia transfrontalier d&#039;actualit\u00e9s - News\",\"publisher\":{\"@id\":\"https:\\\/\\\/bale.ch\\\/journal\\\/#organization\"},\"potentialAction\":[{\"@type\":\"SearchAction\",\"target\":{\"@type\":\"EntryPoint\",\"urlTemplate\":\"https:\\\/\\\/bale.ch\\\/journal\\\/?s={search_term_string}\"},\"query-input\":{\"@type\":\"PropertyValueSpecification\",\"valueRequired\":true,\"valueName\":\"search_term_string\"}}],\"inLanguage\":\"fr-FR\"},{\"@type\":\"Organization\",\"@id\":\"https:\\\/\\\/bale.ch\\\/journal\\\/#organization\",\"name\":\"Journal de B\u00e2le et Gen\u00e8ve\",\"url\":\"https:\\\/\\\/bale.ch\\\/journal\\\/\",\"logo\":{\"@type\":\"ImageObject\",\"inLanguage\":\"fr-FR\",\"@id\":\"https:\\\/\\\/bale.ch\\\/journal\\\/#\\\/schema\\\/logo\\\/image\\\/\",\"url\":\"https:\\\/\\\/bale.ch\\\/journal\\\/wp-content\\\/uploads\\\/2023\\\/07\\\/journaldebale_logo_2023_nb.png\",\"contentUrl\":\"https:\\\/\\\/bale.ch\\\/journal\\\/wp-content\\\/uploads\\\/2023\\\/07\\\/journaldebale_logo_2023_nb.png\",\"width\":371,\"height\":127,\"caption\":\"Journal de B\u00e2le et Gen\u00e8ve\"},\"image\":{\"@id\":\"https:\\\/\\\/bale.ch\\\/journal\\\/#\\\/schema\\\/logo\\\/image\\\/\"}},{\"@type\":\"Person\",\"@id\":\"https:\\\/\\\/bale.ch\\\/journal\\\/#\\\/schema\\\/person\\\/03ced978db3b7a5274c5cef003f352f5\",\"name\":\"La R\u00e9daction\",\"image\":{\"@type\":\"ImageObject\",\"inLanguage\":\"fr-FR\",\"@id\":\"https:\\\/\\\/secure.gravatar.com\\\/avatar\\\/d1327e2ce8d2b860112f968a3f34686c9bdda7a463a1502cdd1070ac9d88cf1e?s=96&d=mm&r=g\",\"url\":\"https:\\\/\\\/secure.gravatar.com\\\/avatar\\\/d1327e2ce8d2b860112f968a3f34686c9bdda7a463a1502cdd1070ac9d88cf1e?s=96&d=mm&r=g\",\"contentUrl\":\"https:\\\/\\\/secure.gravatar.com\\\/avatar\\\/d1327e2ce8d2b860112f968a3f34686c9bdda7a463a1502cdd1070ac9d88cf1e?s=96&d=mm&r=g\",\"caption\":\"La R\u00e9daction\"},\"url\":\"https:\\\/\\\/bale.ch\\\/journal\\\/author\\\/laredaction\\\/\"}]}<\/script>\n<!-- \/ Yoast SEO plugin. -->","yoast_head_json":{"title":"La maison Alv\u00e9ole, \"soucoupe volante\" atterrie dans le Chablais il y a 30 ans, menac\u00e9e de destruction - Journal de B\u00e2le et Gen\u00e8ve","robots":{"index":"index","follow":"follow","max-snippet":"max-snippet:-1","max-image-preview":"max-image-preview:large","max-video-preview":"max-video-preview:-1"},"canonical":"https:\/\/bale.ch\/journal\/maison-alveole-soucoupe-volante-architecture\/","og_locale":"fr_FR","og_type":"article","og_title":"La maison Alv\u00e9ole, \"soucoupe volante\" atterrie dans le Chablais il y a 30 ans, menac\u00e9e de destruction - Journal de B\u00e2le et Gen\u00e8ve","og_description":"La commune de Sciez-sur-L\u00e9man, dans le Chablais savoyard, souhaite la destruction de la maison d&rsquo;habitation \u00e0 l&rsquo;architecture remarquable pour construire des immeubles, dans le cadre de l&rsquo;agglo du Grand Gen\u00e8ve. Continuer la lecture","og_url":"https:\/\/bale.ch\/journal\/maison-alveole-soucoupe-volante-architecture\/","og_site_name":"Journal de B\u00e2le et Gen\u00e8ve","article_published_time":"2018-08-02T17:16:06+00:00","article_modified_time":"2019-03-27T18:19:41+00:00","og_image":[{"width":1024,"height":768,"url":"https:\/\/bale.ch\/journal\/wp-content\/uploads\/2016\/03\/maison_alveole_soucoupe_volante_hexagonale.png","type":"image\/png"}],"author":"La R\u00e9daction","twitter_card":"summary_large_image","twitter_misc":{"\u00c9crit par":"La R\u00e9daction","Dur\u00e9e de lecture estim\u00e9e":"6 minutes"},"schema":{"@context":"https:\/\/schema.org","@graph":[{"@type":"Article","@id":"https:\/\/bale.ch\/journal\/maison-alveole-soucoupe-volante-architecture\/#article","isPartOf":{"@id":"https:\/\/bale.ch\/journal\/maison-alveole-soucoupe-volante-architecture\/"},"author":{"name":"La R\u00e9daction","@id":"https:\/\/bale.ch\/journal\/#\/schema\/person\/03ced978db3b7a5274c5cef003f352f5"},"headline":"La maison Alv\u00e9ole, \u00ab\u00a0soucoupe volante\u00a0\u00bb atterrie dans le Chablais il y a 30 ans, menac\u00e9e de destruction","datePublished":"2018-08-02T17:16:06+00:00","dateModified":"2019-03-27T18:19:41+00:00","mainEntityOfPage":{"@id":"https:\/\/bale.ch\/journal\/maison-alveole-soucoupe-volante-architecture\/"},"wordCount":1188,"publisher":{"@id":"https:\/\/bale.ch\/journal\/#organization"},"image":{"@id":"https:\/\/bale.ch\/journal\/maison-alveole-soucoupe-volante-architecture\/#primaryimage"},"thumbnailUrl":"https:\/\/bale.ch\/journal\/wp-content\/uploads\/2016\/03\/maison_alveole_soucoupe_volante_hexagonale.png","keywords":["architecture","Grand Gen\u00e8ve","Maison Alv\u00e9ole","Sciez","urbanisme"],"articleSection":["Grand Gen\u00e8ve"],"inLanguage":"fr-FR"},{"@type":"WebPage","@id":"https:\/\/bale.ch\/journal\/maison-alveole-soucoupe-volante-architecture\/","url":"https:\/\/bale.ch\/journal\/maison-alveole-soucoupe-volante-architecture\/","name":"La maison Alv\u00e9ole, \"soucoupe volante\" atterrie dans le Chablais il y a 30 ans, menac\u00e9e de destruction - Journal de B\u00e2le et Gen\u00e8ve","isPartOf":{"@id":"https:\/\/bale.ch\/journal\/#website"},"primaryImageOfPage":{"@id":"https:\/\/bale.ch\/journal\/maison-alveole-soucoupe-volante-architecture\/#primaryimage"},"image":{"@id":"https:\/\/bale.ch\/journal\/maison-alveole-soucoupe-volante-architecture\/#primaryimage"},"thumbnailUrl":"https:\/\/bale.ch\/journal\/wp-content\/uploads\/2016\/03\/maison_alveole_soucoupe_volante_hexagonale.png","datePublished":"2018-08-02T17:16:06+00:00","dateModified":"2019-03-27T18:19:41+00:00","breadcrumb":{"@id":"https:\/\/bale.ch\/journal\/maison-alveole-soucoupe-volante-architecture\/#breadcrumb"},"inLanguage":"fr-FR","potentialAction":[{"@type":"ReadAction","target":["https:\/\/bale.ch\/journal\/maison-alveole-soucoupe-volante-architecture\/"]}]},{"@type":"ImageObject","inLanguage":"fr-FR","@id":"https:\/\/bale.ch\/journal\/maison-alveole-soucoupe-volante-architecture\/#primaryimage","url":"https:\/\/bale.ch\/journal\/wp-content\/uploads\/2016\/03\/maison_alveole_soucoupe_volante_hexagonale.png","contentUrl":"https:\/\/bale.ch\/journal\/wp-content\/uploads\/2016\/03\/maison_alveole_soucoupe_volante_hexagonale.png","width":1024,"height":768},{"@type":"BreadcrumbList","@id":"https:\/\/bale.ch\/journal\/maison-alveole-soucoupe-volante-architecture\/#breadcrumb","itemListElement":[{"@type":"ListItem","position":1,"name":"Accueil","item":"https:\/\/bale.ch\/journal\/"},{"@type":"ListItem","position":2,"name":"La maison Alv\u00e9ole, \u00ab\u00a0soucoupe volante\u00a0\u00bb atterrie dans le Chablais il y a 30 ans, menac\u00e9e de destruction"}]},{"@type":"WebSite","@id":"https:\/\/bale.ch\/journal\/#website","url":"https:\/\/bale.ch\/journal\/","name":"Journal de B\u00e2le et Gen\u00e8ve","description":"M\u00e9dia transfrontalier d&#039;actualit\u00e9s - News","publisher":{"@id":"https:\/\/bale.ch\/journal\/#organization"},"potentialAction":[{"@type":"SearchAction","target":{"@type":"EntryPoint","urlTemplate":"https:\/\/bale.ch\/journal\/?s={search_term_string}"},"query-input":{"@type":"PropertyValueSpecification","valueRequired":true,"valueName":"search_term_string"}}],"inLanguage":"fr-FR"},{"@type":"Organization","@id":"https:\/\/bale.ch\/journal\/#organization","name":"Journal de B\u00e2le et Gen\u00e8ve","url":"https:\/\/bale.ch\/journal\/","logo":{"@type":"ImageObject","inLanguage":"fr-FR","@id":"https:\/\/bale.ch\/journal\/#\/schema\/logo\/image\/","url":"https:\/\/bale.ch\/journal\/wp-content\/uploads\/2023\/07\/journaldebale_logo_2023_nb.png","contentUrl":"https:\/\/bale.ch\/journal\/wp-content\/uploads\/2023\/07\/journaldebale_logo_2023_nb.png","width":371,"height":127,"caption":"Journal de B\u00e2le et Gen\u00e8ve"},"image":{"@id":"https:\/\/bale.ch\/journal\/#\/schema\/logo\/image\/"}},{"@type":"Person","@id":"https:\/\/bale.ch\/journal\/#\/schema\/person\/03ced978db3b7a5274c5cef003f352f5","name":"La R\u00e9daction","image":{"@type":"ImageObject","inLanguage":"fr-FR","@id":"https:\/\/secure.gravatar.com\/avatar\/d1327e2ce8d2b860112f968a3f34686c9bdda7a463a1502cdd1070ac9d88cf1e?s=96&d=mm&r=g","url":"https:\/\/secure.gravatar.com\/avatar\/d1327e2ce8d2b860112f968a3f34686c9bdda7a463a1502cdd1070ac9d88cf1e?s=96&d=mm&r=g","contentUrl":"https:\/\/secure.gravatar.com\/avatar\/d1327e2ce8d2b860112f968a3f34686c9bdda7a463a1502cdd1070ac9d88cf1e?s=96&d=mm&r=g","caption":"La R\u00e9daction"},"url":"https:\/\/bale.ch\/journal\/author\/laredaction\/"}]}},"_links":{"self":[{"href":"https:\/\/bale.ch\/journal\/wp-json\/wp\/v2\/posts\/832","targetHints":{"allow":["GET"]}}],"collection":[{"href":"https:\/\/bale.ch\/journal\/wp-json\/wp\/v2\/posts"}],"about":[{"href":"https:\/\/bale.ch\/journal\/wp-json\/wp\/v2\/types\/post"}],"author":[{"embeddable":true,"href":"https:\/\/bale.ch\/journal\/wp-json\/wp\/v2\/users\/2"}],"replies":[{"embeddable":true,"href":"https:\/\/bale.ch\/journal\/wp-json\/wp\/v2\/comments?post=832"}],"version-history":[{"count":114,"href":"https:\/\/bale.ch\/journal\/wp-json\/wp\/v2\/posts\/832\/revisions"}],"predecessor-version":[{"id":2150,"href":"https:\/\/bale.ch\/journal\/wp-json\/wp\/v2\/posts\/832\/revisions\/2150"}],"wp:featuredmedia":[{"embeddable":true,"href":"https:\/\/bale.ch\/journal\/wp-json\/wp\/v2\/media\/1021"}],"wp:attachment":[{"href":"https:\/\/bale.ch\/journal\/wp-json\/wp\/v2\/media?parent=832"}],"wp:term":[{"taxonomy":"category","embeddable":true,"href":"https:\/\/bale.ch\/journal\/wp-json\/wp\/v2\/categories?post=832"},{"taxonomy":"post_tag","embeddable":true,"href":"https:\/\/bale.ch\/journal\/wp-json\/wp\/v2\/tags?post=832"}],"curies":[{"name":"wp","href":"https:\/\/api.w.org\/{rel}","templated":true}]}}