{"id":922,"date":"2018-06-21T09:20:50","date_gmt":"2018-06-21T09:20:50","guid":{"rendered":"http:\/\/bale.ch\/journal\/?p=922"},"modified":"2018-09-22T16:43:51","modified_gmt":"2018-09-22T16:43:51","slug":"thonon-evian-fc-nouveau-nom","status":"publish","type":"post","link":"https:\/\/bale.ch\/journal\/thonon-evian-fc-nouveau-nom\/","title":{"rendered":"Thonon-Evian FC: une nouvelle page d&rsquo;histoire du foot savoyard"},"content":{"rendered":"<p>Apr\u00e8s la dissolution de club Thonon Evian Savoie, h\u00e9ritier des d\u00e9funts Football Croix de Savoie et <a href=\"https:\/\/fr.wikipedia.org\/wiki\/Thonon_%C3%89vian_Football_Club\" target=\"_blank\" rel=\"noopener\">Evian Thonon Gaillard<\/a> (ETG FC), l\u2019assembl\u00e9e g\u00e9n\u00e9rale extraordinaire vu na\u00eetre le nouveau club, simplifi\u00e9 en <strong>Thonon Evian FC.<\/strong> En pr\u00e9sence des \u00e9lus des communes de Thonon et Evian, le nom du nouveau club a \u00e9t\u00e9 annonc\u00e9 officiellement.<!--more--><\/p>\n<p>Si seuls les noms de Thonon et Evian figurent dans la nouvelle d\u00e9nomination du club, Jean-Louis Escoffier a pr\u00e9cis\u00e9 que le nouveau logo du club arborera \u00e9galement la mention <strong>Grand Gen\u00e8ve<\/strong>, signe d&rsquo;une ouverture bien au-del\u00e0 du Chablais.<\/p>\n<p>C\u2019est donc une nouvelle page d\u2019histoire dans le football local qui va s\u2019\u00e9crire.<\/p><div id=\"crieu-2277365859\" class=\"crieu-content crieu-entity-placement\"><script async src=\"\/\/pagead2.googlesyndication.com\/pagead\/js\/adsbygoogle.js?client=ca-pub-5271584769416742\" crossorigin=\"anonymous\"><\/script><ins class=\"adsbygoogle\" style=\"display:block;\" data-ad-client=\"ca-pub-5271584769416742\" \ndata-ad-slot=\"9321250718\" \ndata-ad-format=\"auto\"><\/ins>\n<script> \n(adsbygoogle = window.adsbygoogle || []).push({}); \n<\/script>\n<\/div>\n<div id=\"crieu-58934211\" class=\"crieu-apres-le-contenu crieu-entity-placement\" style=\"margin-left: auto;margin-right: auto;text-align: center;\"><script async src=\"\/\/pagead2.googlesyndication.com\/pagead\/js\/adsbygoogle.js?client=ca-pub-5271584769416742\" crossorigin=\"anonymous\"><\/script><ins class=\"adsbygoogle\" style=\"display:block;\" data-ad-client=\"ca-pub-5271584769416742\" \ndata-ad-slot=\"9321250718\" \ndata-ad-format=\"auto\"><\/ins>\n<script> \n(adsbygoogle = window.adsbygoogle || []).push({}); \n<\/script>\n<\/div>","protected":false},"excerpt":{"rendered":"<p>Apr\u00e8s la dissolution de club Thonon Evian Savoie, h\u00e9ritier des d\u00e9funts Football Croix de Savoie et Evian Thonon Gaillard (ETG FC), l\u2019assembl\u00e9e g\u00e9n\u00e9rale extraordinaire vu na\u00eetre le nouveau club, simplifi\u00e9 <a href=\"https:\/\/bale.ch\/journal\/thonon-evian-fc-nouveau-nom\/\" class=\"read-more button-fancy -red\"><span class=\"btn-arrow\"><\/span><span class=\"twp-read-more text\">Continuer la lecture<\/span><\/a><\/p>\n","protected":false},"author":2,"featured_media":926,"comment_status":"closed","ping_status":"closed","sticky":false,"template":"","format":"standard","meta":{"footnotes":""},"categories":[4],"tags":[64,31,84],"class_list":["post-922","post","type-post","status-publish","format-standard","has-post-thumbnail","hentry","category-grand-geneve","tag-chablais","tag-savoie","tag-sport"],"yoast_head":"<!-- This site is optimized with the Yoast SEO plugin v28.3 - https:\/\/yoast.com\/product\/yoast-seo-wordpress\/ -->\n<title>Thonon-Evian FC: une nouvelle page d&#039;histoire du foot savoyard - Journal de B\u00e2le et Gen\u00e8ve<\/title>\n<meta name=\"robots\" content=\"index, follow, max-snippet:-1, max-image-preview:large, max-video-preview:-1\" \/>\n<link rel=\"canonical\" href=\"https:\/\/bale.ch\/journal\/thonon-evian-fc-nouveau-nom\/\" \/>\n<meta property=\"og:locale\" content=\"fr_FR\" \/>\n<meta property=\"og:type\" content=\"article\" \/>\n<meta property=\"og:title\" content=\"Thonon-Evian FC: une nouvelle page d&#039;histoire du foot savoyard - Journal de B\u00e2le et Gen\u00e8ve\" \/>\n<meta property=\"og:description\" content=\"Apr\u00e8s la dissolution de club Thonon Evian Savoie, h\u00e9ritier des d\u00e9funts Football Croix de Savoie et Evian Thonon Gaillard (ETG FC), l\u2019assembl\u00e9e g\u00e9n\u00e9rale extraordinaire vu na\u00eetre le nouveau club, simplifi\u00e9 Continuer la lecture\" \/>\n<meta property=\"og:url\" content=\"https:\/\/bale.ch\/journal\/thonon-evian-fc-nouveau-nom\/\" \/>\n<meta property=\"og:site_name\" content=\"Journal de B\u00e2le et Gen\u00e8ve\" \/>\n<meta property=\"article:published_time\" content=\"2018-06-21T09:20:50+00:00\" \/>\n<meta property=\"article:modified_time\" content=\"2018-09-22T16:43:51+00:00\" \/>\n<meta property=\"og:image\" content=\"https:\/\/bale.ch\/journal\/wp-content\/uploads\/2018\/06\/thon-evian-fc_logo.jpg\" \/>\n\t<meta property=\"og:image:width\" content=\"640\" \/>\n\t<meta property=\"og:image:height\" content=\"250\" \/>\n\t<meta property=\"og:image:type\" content=\"image\/jpeg\" \/>\n<meta name=\"author\" content=\"La R\u00e9daction\" \/>\n<meta name=\"twitter:card\" content=\"summary_large_image\" \/>\n<meta name=\"twitter:label1\" content=\"\u00c9crit par\" \/>\n\t<meta name=\"twitter:data1\" content=\"La R\u00e9daction\" \/>\n\t<meta name=\"twitter:label2\" content=\"Dur\u00e9e de lecture estim\u00e9e\" \/>\n\t<meta name=\"twitter:data2\" content=\"1 minute\" \/>\n<script type=\"application\/ld+json\" class=\"yoast-schema-graph\">{\"@context\":\"https:\\\/\\\/schema.org\",\"@graph\":[{\"@type\":\"Article\",\"@id\":\"https:\\\/\\\/bale.ch\\\/journal\\\/thonon-evian-fc-nouveau-nom\\\/#article\",\"isPartOf\":{\"@id\":\"https:\\\/\\\/bale.ch\\\/journal\\\/thonon-evian-fc-nouveau-nom\\\/\"},\"author\":{\"name\":\"La R\u00e9daction\",\"@id\":\"https:\\\/\\\/bale.ch\\\/journal\\\/#\\\/schema\\\/person\\\/03ced978db3b7a5274c5cef003f352f5\"},\"headline\":\"Thonon-Evian FC: une nouvelle page d&rsquo;histoire du foot savoyard\",\"datePublished\":\"2018-06-21T09:20:50+00:00\",\"dateModified\":\"2018-09-22T16:43:51+00:00\",\"mainEntityOfPage\":{\"@id\":\"https:\\\/\\\/bale.ch\\\/journal\\\/thonon-evian-fc-nouveau-nom\\\/\"},\"wordCount\":130,\"publisher\":{\"@id\":\"https:\\\/\\\/bale.ch\\\/journal\\\/#organization\"},\"image\":{\"@id\":\"https:\\\/\\\/bale.ch\\\/journal\\\/thonon-evian-fc-nouveau-nom\\\/#primaryimage\"},\"thumbnailUrl\":\"https:\\\/\\\/bale.ch\\\/journal\\\/wp-content\\\/uploads\\\/2018\\\/06\\\/thon-evian-fc_logo.jpg\",\"keywords\":[\"Chablais\",\"Savoie\",\"sport\"],\"articleSection\":[\"Grand Gen\u00e8ve\"],\"inLanguage\":\"fr-FR\"},{\"@type\":\"WebPage\",\"@id\":\"https:\\\/\\\/bale.ch\\\/journal\\\/thonon-evian-fc-nouveau-nom\\\/\",\"url\":\"https:\\\/\\\/bale.ch\\\/journal\\\/thonon-evian-fc-nouveau-nom\\\/\",\"name\":\"Thonon-Evian FC: une nouvelle page d'histoire du foot savoyard - Journal de B\u00e2le et Gen\u00e8ve\",\"isPartOf\":{\"@id\":\"https:\\\/\\\/bale.ch\\\/journal\\\/#website\"},\"primaryImageOfPage\":{\"@id\":\"https:\\\/\\\/bale.ch\\\/journal\\\/thonon-evian-fc-nouveau-nom\\\/#primaryimage\"},\"image\":{\"@id\":\"https:\\\/\\\/bale.ch\\\/journal\\\/thonon-evian-fc-nouveau-nom\\\/#primaryimage\"},\"thumbnailUrl\":\"https:\\\/\\\/bale.ch\\\/journal\\\/wp-content\\\/uploads\\\/2018\\\/06\\\/thon-evian-fc_logo.jpg\",\"datePublished\":\"2018-06-21T09:20:50+00:00\",\"dateModified\":\"2018-09-22T16:43:51+00:00\",\"breadcrumb\":{\"@id\":\"https:\\\/\\\/bale.ch\\\/journal\\\/thonon-evian-fc-nouveau-nom\\\/#breadcrumb\"},\"inLanguage\":\"fr-FR\",\"potentialAction\":[{\"@type\":\"ReadAction\",\"target\":[\"https:\\\/\\\/bale.ch\\\/journal\\\/thonon-evian-fc-nouveau-nom\\\/\"]}]},{\"@type\":\"ImageObject\",\"inLanguage\":\"fr-FR\",\"@id\":\"https:\\\/\\\/bale.ch\\\/journal\\\/thonon-evian-fc-nouveau-nom\\\/#primaryimage\",\"url\":\"https:\\\/\\\/bale.ch\\\/journal\\\/wp-content\\\/uploads\\\/2018\\\/06\\\/thon-evian-fc_logo.jpg\",\"contentUrl\":\"https:\\\/\\\/bale.ch\\\/journal\\\/wp-content\\\/uploads\\\/2018\\\/06\\\/thon-evian-fc_logo.jpg\",\"width\":640,\"height\":250},{\"@type\":\"BreadcrumbList\",\"@id\":\"https:\\\/\\\/bale.ch\\\/journal\\\/thonon-evian-fc-nouveau-nom\\\/#breadcrumb\",\"itemListElement\":[{\"@type\":\"ListItem\",\"position\":1,\"name\":\"Accueil\",\"item\":\"https:\\\/\\\/bale.ch\\\/journal\\\/\"},{\"@type\":\"ListItem\",\"position\":2,\"name\":\"Thonon-Evian FC: une nouvelle page d&rsquo;histoire du foot savoyard\"}]},{\"@type\":\"WebSite\",\"@id\":\"https:\\\/\\\/bale.ch\\\/journal\\\/#website\",\"url\":\"https:\\\/\\\/bale.ch\\\/journal\\\/\",\"name\":\"Journal de B\u00e2le et Gen\u00e8ve\",\"description\":\"M\u00e9dia transfrontalier d&#039;actualit\u00e9s - News\",\"publisher\":{\"@id\":\"https:\\\/\\\/bale.ch\\\/journal\\\/#organization\"},\"potentialAction\":[{\"@type\":\"SearchAction\",\"target\":{\"@type\":\"EntryPoint\",\"urlTemplate\":\"https:\\\/\\\/bale.ch\\\/journal\\\/?s={search_term_string}\"},\"query-input\":{\"@type\":\"PropertyValueSpecification\",\"valueRequired\":true,\"valueName\":\"search_term_string\"}}],\"inLanguage\":\"fr-FR\"},{\"@type\":\"Organization\",\"@id\":\"https:\\\/\\\/bale.ch\\\/journal\\\/#organization\",\"name\":\"Journal de B\u00e2le et Gen\u00e8ve\",\"url\":\"https:\\\/\\\/bale.ch\\\/journal\\\/\",\"logo\":{\"@type\":\"ImageObject\",\"inLanguage\":\"fr-FR\",\"@id\":\"https:\\\/\\\/bale.ch\\\/journal\\\/#\\\/schema\\\/logo\\\/image\\\/\",\"url\":\"https:\\\/\\\/bale.ch\\\/journal\\\/wp-content\\\/uploads\\\/2023\\\/07\\\/journaldebale_logo_2023_nb.png\",\"contentUrl\":\"https:\\\/\\\/bale.ch\\\/journal\\\/wp-content\\\/uploads\\\/2023\\\/07\\\/journaldebale_logo_2023_nb.png\",\"width\":371,\"height\":127,\"caption\":\"Journal de B\u00e2le et Gen\u00e8ve\"},\"image\":{\"@id\":\"https:\\\/\\\/bale.ch\\\/journal\\\/#\\\/schema\\\/logo\\\/image\\\/\"}},{\"@type\":\"Person\",\"@id\":\"https:\\\/\\\/bale.ch\\\/journal\\\/#\\\/schema\\\/person\\\/03ced978db3b7a5274c5cef003f352f5\",\"name\":\"La R\u00e9daction\",\"image\":{\"@type\":\"ImageObject\",\"inLanguage\":\"fr-FR\",\"@id\":\"https:\\\/\\\/secure.gravatar.com\\\/avatar\\\/d1327e2ce8d2b860112f968a3f34686c9bdda7a463a1502cdd1070ac9d88cf1e?s=96&d=mm&r=g\",\"url\":\"https:\\\/\\\/secure.gravatar.com\\\/avatar\\\/d1327e2ce8d2b860112f968a3f34686c9bdda7a463a1502cdd1070ac9d88cf1e?s=96&d=mm&r=g\",\"contentUrl\":\"https:\\\/\\\/secure.gravatar.com\\\/avatar\\\/d1327e2ce8d2b860112f968a3f34686c9bdda7a463a1502cdd1070ac9d88cf1e?s=96&d=mm&r=g\",\"caption\":\"La R\u00e9daction\"},\"url\":\"https:\\\/\\\/bale.ch\\\/journal\\\/author\\\/laredaction\\\/\"}]}<\/script>\n<!-- \/ Yoast SEO plugin. -->","yoast_head_json":{"title":"Thonon-Evian FC: une nouvelle page d'histoire du foot savoyard - Journal de B\u00e2le et Gen\u00e8ve","robots":{"index":"index","follow":"follow","max-snippet":"max-snippet:-1","max-image-preview":"max-image-preview:large","max-video-preview":"max-video-preview:-1"},"canonical":"https:\/\/bale.ch\/journal\/thonon-evian-fc-nouveau-nom\/","og_locale":"fr_FR","og_type":"article","og_title":"Thonon-Evian FC: une nouvelle page d'histoire du foot savoyard - Journal de B\u00e2le et Gen\u00e8ve","og_description":"Apr\u00e8s la dissolution de club Thonon Evian Savoie, h\u00e9ritier des d\u00e9funts Football Croix de Savoie et Evian Thonon Gaillard (ETG FC), l\u2019assembl\u00e9e g\u00e9n\u00e9rale extraordinaire vu na\u00eetre le nouveau club, simplifi\u00e9 Continuer la lecture","og_url":"https:\/\/bale.ch\/journal\/thonon-evian-fc-nouveau-nom\/","og_site_name":"Journal de B\u00e2le et Gen\u00e8ve","article_published_time":"2018-06-21T09:20:50+00:00","article_modified_time":"2018-09-22T16:43:51+00:00","og_image":[{"width":640,"height":250,"url":"https:\/\/bale.ch\/journal\/wp-content\/uploads\/2018\/06\/thon-evian-fc_logo.jpg","type":"image\/jpeg"}],"author":"La R\u00e9daction","twitter_card":"summary_large_image","twitter_misc":{"\u00c9crit par":"La R\u00e9daction","Dur\u00e9e de lecture estim\u00e9e":"1 minute"},"schema":{"@context":"https:\/\/schema.org","@graph":[{"@type":"Article","@id":"https:\/\/bale.ch\/journal\/thonon-evian-fc-nouveau-nom\/#article","isPartOf":{"@id":"https:\/\/bale.ch\/journal\/thonon-evian-fc-nouveau-nom\/"},"author":{"name":"La R\u00e9daction","@id":"https:\/\/bale.ch\/journal\/#\/schema\/person\/03ced978db3b7a5274c5cef003f352f5"},"headline":"Thonon-Evian FC: une nouvelle page d&rsquo;histoire du foot savoyard","datePublished":"2018-06-21T09:20:50+00:00","dateModified":"2018-09-22T16:43:51+00:00","mainEntityOfPage":{"@id":"https:\/\/bale.ch\/journal\/thonon-evian-fc-nouveau-nom\/"},"wordCount":130,"publisher":{"@id":"https:\/\/bale.ch\/journal\/#organization"},"image":{"@id":"https:\/\/bale.ch\/journal\/thonon-evian-fc-nouveau-nom\/#primaryimage"},"thumbnailUrl":"https:\/\/bale.ch\/journal\/wp-content\/uploads\/2018\/06\/thon-evian-fc_logo.jpg","keywords":["Chablais","Savoie","sport"],"articleSection":["Grand Gen\u00e8ve"],"inLanguage":"fr-FR"},{"@type":"WebPage","@id":"https:\/\/bale.ch\/journal\/thonon-evian-fc-nouveau-nom\/","url":"https:\/\/bale.ch\/journal\/thonon-evian-fc-nouveau-nom\/","name":"Thonon-Evian FC: une nouvelle page d'histoire du foot savoyard - Journal de B\u00e2le et Gen\u00e8ve","isPartOf":{"@id":"https:\/\/bale.ch\/journal\/#website"},"primaryImageOfPage":{"@id":"https:\/\/bale.ch\/journal\/thonon-evian-fc-nouveau-nom\/#primaryimage"},"image":{"@id":"https:\/\/bale.ch\/journal\/thonon-evian-fc-nouveau-nom\/#primaryimage"},"thumbnailUrl":"https:\/\/bale.ch\/journal\/wp-content\/uploads\/2018\/06\/thon-evian-fc_logo.jpg","datePublished":"2018-06-21T09:20:50+00:00","dateModified":"2018-09-22T16:43:51+00:00","breadcrumb":{"@id":"https:\/\/bale.ch\/journal\/thonon-evian-fc-nouveau-nom\/#breadcrumb"},"inLanguage":"fr-FR","potentialAction":[{"@type":"ReadAction","target":["https:\/\/bale.ch\/journal\/thonon-evian-fc-nouveau-nom\/"]}]},{"@type":"ImageObject","inLanguage":"fr-FR","@id":"https:\/\/bale.ch\/journal\/thonon-evian-fc-nouveau-nom\/#primaryimage","url":"https:\/\/bale.ch\/journal\/wp-content\/uploads\/2018\/06\/thon-evian-fc_logo.jpg","contentUrl":"https:\/\/bale.ch\/journal\/wp-content\/uploads\/2018\/06\/thon-evian-fc_logo.jpg","width":640,"height":250},{"@type":"BreadcrumbList","@id":"https:\/\/bale.ch\/journal\/thonon-evian-fc-nouveau-nom\/#breadcrumb","itemListElement":[{"@type":"ListItem","position":1,"name":"Accueil","item":"https:\/\/bale.ch\/journal\/"},{"@type":"ListItem","position":2,"name":"Thonon-Evian FC: une nouvelle page d&rsquo;histoire du foot savoyard"}]},{"@type":"WebSite","@id":"https:\/\/bale.ch\/journal\/#website","url":"https:\/\/bale.ch\/journal\/","name":"Journal de B\u00e2le et Gen\u00e8ve","description":"M\u00e9dia transfrontalier d&#039;actualit\u00e9s - News","publisher":{"@id":"https:\/\/bale.ch\/journal\/#organization"},"potentialAction":[{"@type":"SearchAction","target":{"@type":"EntryPoint","urlTemplate":"https:\/\/bale.ch\/journal\/?s={search_term_string}"},"query-input":{"@type":"PropertyValueSpecification","valueRequired":true,"valueName":"search_term_string"}}],"inLanguage":"fr-FR"},{"@type":"Organization","@id":"https:\/\/bale.ch\/journal\/#organization","name":"Journal de B\u00e2le et Gen\u00e8ve","url":"https:\/\/bale.ch\/journal\/","logo":{"@type":"ImageObject","inLanguage":"fr-FR","@id":"https:\/\/bale.ch\/journal\/#\/schema\/logo\/image\/","url":"https:\/\/bale.ch\/journal\/wp-content\/uploads\/2023\/07\/journaldebale_logo_2023_nb.png","contentUrl":"https:\/\/bale.ch\/journal\/wp-content\/uploads\/2023\/07\/journaldebale_logo_2023_nb.png","width":371,"height":127,"caption":"Journal de B\u00e2le et Gen\u00e8ve"},"image":{"@id":"https:\/\/bale.ch\/journal\/#\/schema\/logo\/image\/"}},{"@type":"Person","@id":"https:\/\/bale.ch\/journal\/#\/schema\/person\/03ced978db3b7a5274c5cef003f352f5","name":"La R\u00e9daction","image":{"@type":"ImageObject","inLanguage":"fr-FR","@id":"https:\/\/secure.gravatar.com\/avatar\/d1327e2ce8d2b860112f968a3f34686c9bdda7a463a1502cdd1070ac9d88cf1e?s=96&d=mm&r=g","url":"https:\/\/secure.gravatar.com\/avatar\/d1327e2ce8d2b860112f968a3f34686c9bdda7a463a1502cdd1070ac9d88cf1e?s=96&d=mm&r=g","contentUrl":"https:\/\/secure.gravatar.com\/avatar\/d1327e2ce8d2b860112f968a3f34686c9bdda7a463a1502cdd1070ac9d88cf1e?s=96&d=mm&r=g","caption":"La R\u00e9daction"},"url":"https:\/\/bale.ch\/journal\/author\/laredaction\/"}]}},"_links":{"self":[{"href":"https:\/\/bale.ch\/journal\/wp-json\/wp\/v2\/posts\/922","targetHints":{"allow":["GET"]}}],"collection":[{"href":"https:\/\/bale.ch\/journal\/wp-json\/wp\/v2\/posts"}],"about":[{"href":"https:\/\/bale.ch\/journal\/wp-json\/wp\/v2\/types\/post"}],"author":[{"embeddable":true,"href":"https:\/\/bale.ch\/journal\/wp-json\/wp\/v2\/users\/2"}],"replies":[{"embeddable":true,"href":"https:\/\/bale.ch\/journal\/wp-json\/wp\/v2\/comments?post=922"}],"version-history":[{"count":5,"href":"https:\/\/bale.ch\/journal\/wp-json\/wp\/v2\/posts\/922\/revisions"}],"predecessor-version":[{"id":1210,"href":"https:\/\/bale.ch\/journal\/wp-json\/wp\/v2\/posts\/922\/revisions\/1210"}],"wp:featuredmedia":[{"embeddable":true,"href":"https:\/\/bale.ch\/journal\/wp-json\/wp\/v2\/media\/926"}],"wp:attachment":[{"href":"https:\/\/bale.ch\/journal\/wp-json\/wp\/v2\/media?parent=922"}],"wp:term":[{"taxonomy":"category","embeddable":true,"href":"https:\/\/bale.ch\/journal\/wp-json\/wp\/v2\/categories?post=922"},{"taxonomy":"post_tag","embeddable":true,"href":"https:\/\/bale.ch\/journal\/wp-json\/wp\/v2\/tags?post=922"}],"curies":[{"name":"wp","href":"https:\/\/api.w.org\/{rel}","templated":true}]}}