{"id":93,"date":"2014-04-09T20:00:01","date_gmt":"2014-04-09T20:00:01","guid":{"rendered":"http:\/\/bale.ch\/journal\/?p=93"},"modified":"2026-05-03T12:19:48","modified_gmt":"2026-05-03T12:19:48","slug":"debat-editeur-fumetto","status":"publish","type":"post","link":"https:\/\/bale.ch\/journal\/debat-editeur-fumetto\/","title":{"rendered":"\u201c\u00catre \u00e9diteur de BD aujourd&rsquo;hui\u201d en d\u00e9bat au Festival Fumetto de Lucerne"},"content":{"rendered":"<p><strong>Des expositions de qualit\u00e9 et des tables rondes au programme de la 23e \u00e9dition du\u00a0 Festival de la BD Fumetto \u00e0 Lucerne, dont le succ\u00e8s ne se d\u00e9ment pas.<\/strong><br \/>\n<!--more--><\/p>\n<p>Il faut dire que l<span class=\"st\"><em>&lsquo;<\/em><\/span>\u00e9v\u00e8nement, qui dure jusqu&rsquo;au 13 avril, s<span class=\"st\"><span class=\"st\"><span class=\"st\">&lsquo;<\/span><\/span><\/span>est impos\u00e9 comme l<span class=\"st\"><span class=\"st\"><span class=\"st\">&lsquo;<\/span><\/span><\/span>un des festivals consacr\u00e9s au neuvi\u00e8me art les plus en vue. Sa programmation tiss\u00e9e avec soin par ses organisateurs entre diff\u00e9rents lieux dispers\u00e9s dans la ville lacustre de Suisse centrale y est sans doute pour quelque chose.<\/p>\n<p>L<span class=\"st\">&lsquo;<\/span>artiste sud-africain Robin Rhode, actuellement bas\u00e9 \u00e0 Berlin, pr\u00e9sente une s\u00e9lection d<span class=\"st\"><em>&lsquo;<\/em><\/span>oeuvres au sein du magnifique Kunstmuseum de Lucerne. Sa r\u00e9flexion, centr\u00e9e sur la politique, les hi\u00e9rarchies sociales et la recherche d<span class=\"st\">&lsquo;<\/span>identit\u00e9, se retrouve dans des performances bas\u00e9es sur ses propres illustrations d<span class=\"st\">&lsquo;<\/span>objets avec lesquels il interragit. C<span class=\"st\">&lsquo;<\/span>est finalement les photographies de ces interractions qui sont expos\u00e9es.<\/p><div id=\"crieu-2518464641\" class=\"crieu-content crieu-entity-placement\"><script async src=\"\/\/pagead2.googlesyndication.com\/pagead\/js\/adsbygoogle.js?client=ca-pub-5271584769416742\" crossorigin=\"anonymous\"><\/script><ins class=\"adsbygoogle\" style=\"display:block;\" data-ad-client=\"ca-pub-5271584769416742\" \ndata-ad-slot=\"9321250718\" \ndata-ad-format=\"auto\"><\/ins>\n<script> \n(adsbygoogle = window.adsbygoogle || []).push({}); \n<\/script>\n<\/div>\n<p><strong>Une Genevoise dans le vent<\/strong><\/p>\n<p>Avec son roman grapique <em>\u201cLuchadoras\u201d,<\/em> l<span class=\"st\">&lsquo;<\/span>auteure genevoise Peggy Adam s<span class=\"st\">&lsquo;<\/span>est retrouv\u00e9e en 2007 dans la S\u00e9lection officielle du Festival international de la bande dessin\u00e9e d<span class=\"st\">&lsquo;Angoul\u00eame. L<span class=\"st\">&lsquo;<\/span>histoire est inspir\u00e9e par des fait divers sanglants survenus dans une ville mexicaine \u00e0 la fronti\u00e8re \u00e9tats-unienne, et dont les victimes sont des centaines de femmes. Un sens de l<span class=\"st\">&lsquo;obervation aiguis\u00e9 et un humour aff\u00fbt\u00e9 se retrouvent dans ses nombreuses publications dont certaines sont des carnets de voyages. Outre ses <em>Luchadoras<\/em>, Fumetto expose de magnifiques planches et illustrations originales issues de son dernier ouvrage, <em>La Gr\u00f6cha<\/em>.<\/span> <\/span><\/p>\n<p><span class=\"st\"><span class=\"st\"><span class=\"st\"><span class=\"st\"><span class=\"st\"><span class=\"st\">La BD \u201cvenue du froid\u201d est \u00e9galement \u00e0 l<span class=\"st\"><span class=\"st\"><span class=\"st\">&lsquo;<\/span><\/span><\/span>honneur \u00e0 travers une exposition et une table ronde sur l<span class=\"st\"><span class=\"st\"><span class=\"st\">&lsquo;<\/span><\/span><\/span>\u00e9dition finnoise qui attire l<span class=\"st\"><span class=\"st\"><span class=\"st\">&lsquo;<\/span><\/span><\/span>attention internationale ces derni\u00e8res ann\u00e9s.<\/span><\/span><\/span><\/span><\/span><\/span><\/p>\n<p><strong>\u00c9diteurs ind\u00e9pendants<\/strong><\/p>\n<p>Autre d\u00e9bat particuli\u00e8rement int\u00e9ressant en cette p\u00e9riode difficile, <em>\u201cl<span class=\"st\"><span class=\"st\"><span class=\"st\">&lsquo;<\/span><\/span><\/span>\u00e9dition aujourd<span class=\"st\"><span class=\"st\"><span class=\"st\">&lsquo;<\/span><\/span><\/span>hui\u201d<\/em>. Anim\u00e9 par Lars von T\u00f6rne, journaliste culturel au quotidien berlinois Tagesspiegel, il a r\u00e9uni les \u00e9diteurs britannique Sam Arthur (Nobrow), belge Thierry van Hasselt (Fr\u00e9mok), francais Jean-Christophe Menu (L<span class=\"st\"><span class=\"st\"><span class=\"st\">&lsquo;<\/span><\/span><\/span>Apocalypse) et allemand Johann Ulrich (avant-verlag).<\/p>\n<p>Tous ont une politique \u00e9ditoriale exigente. Le Britannique et le Belge avouent travailler le plus souvent sans r\u00e9mun\u00e9ration, parfois soutenus par l<span class=\"st\">&lsquo;<\/span>une ou l<span class=\"st\">&lsquo;<\/span>autre subvention. Le Fran\u00e7ais a quitt\u00e9 il y a 3 ans L<span class=\"st\">&lsquo;<\/span>Association (maison d<span class=\"st\">&lsquo;<\/span>\u00e9dition\u00a0qu<span class=\"st\">&lsquo;<\/span>il avait co-cr\u00e9\u00e9e, \u00e9ditrice du best-seller <em><a href=\"http:\/\/fr.wikipedia.org\/wiki\/Persepolis_%28bande_dessin%C3%A9e%29\" target=\"_blank\" rel=\"noopener\">\u201c<span style=\"text-decoration: underline;\">Persepolis<\/span>\u201d<\/a><\/em> de Marjane Satrapi) pour monter une nouvelle structure ind\u00e9pendante. Il confesse avoir \u00e9t\u00e9 un peu trop ambitieux, sa maison d<span class=\"st\"><span class=\"st\"><span class=\"st\">&lsquo;<\/span><\/span><\/span>\u00e9dition pouvant facilement s<span class=\"st\"><span class=\"st\"><span class=\"st\">&lsquo;<\/span><\/span><\/span>\u00e9crouler faute d<span class=\"st\"><span class=\"st\"><span class=\"st\">&lsquo;<\/span><\/span><\/span>avoir un <em>\u201cPersepolis\u201d<\/em> r\u00e9mun\u00e9rateur au catalogue, permettant de publier nombre de beaux ouvrages sans se soucier de la tr\u00e9sorerie&#8230; La situation est difficile, surtout quand on sort comme lui du cadre strict de la bande dessin\u00e9e. \u201cC<span class=\"st\">&lsquo;<\/span>est difficile, surtout en France o\u00f9 l<span class=\"st\">&lsquo;<\/span>on vous colle d<span class=\"st\">&lsquo;<\/span>office une \u00e9tiquette sur le front.\u201d Il faut rentrer dans des cat\u00e9gories claires pour \u00e9viter de d\u00e9stabiliser diffuseurs, libraires et grand public. Menu sort des cases, refuse l<span class=\"st\">&lsquo;<\/span>\u00e9tiquette, quitte \u00e0 en payer le prix fort. <em>\u201cQuoiqu<span class=\"st\"><span class=\"st\"><span class=\"st\">&lsquo;<\/span><\/span><\/span>il arrive, je ne<\/em><em> regretterai rien. La vie est courte\u201d<\/em>, conclut-il.<\/p>\n<p><span class=\"st\"><span class=\"st\"><span class=\"st\">Johann Ulrich<\/span><\/span><\/span> quant \u00e0 lui, met l<span class=\"st\"><span class=\"st\"><span class=\"st\">&lsquo;<\/span><\/span><\/span>accent sur des histoires \u00e0 caract\u00e8re politique<em> \u201cafin que la presse s<span class=\"st\"><span class=\"st\"><span class=\"st\">&lsquo;<\/span><\/span><\/span>y int\u00e9resse car si l<span class=\"st\"><span class=\"st\"><span class=\"st\">&lsquo;<\/span><\/span><\/span>on veut vendre nos albums, il faut que des articles paraissent dans les journaux\u201d<\/em>. Une politique \u00e9ditoriale de qualit\u00e9, mais dont la contrainte \u00e9conomique balise les choix. <span class=\"st\"><span class=\"st\"><span class=\"st\">Une mani\u00e8re de faire plus pragmatique. Et moins passionn\u00e9e?<br \/>\n<\/span><\/span><\/span><\/p>\n<p><strong><span class=\"st\"><span class=\"st\"><span class=\"st\">Vers le tout num\u00e9rique?<\/span><\/span><\/span><\/strong><\/p>\n<p>L<span class=\"st\"><span class=\"st\"><span class=\"st\">&lsquo;<\/span><\/span><\/span>\u00e9dition papier, un combat d<span class=\"st\"><span class=\"st\"><span class=\"st\">&lsquo;<\/span><\/span><\/span>arri\u00e8re-garde, face au d\u00e9veloppement du num\u00e9rique? Aucun des intervenants ne croit \u00e0 la fin du livre imprim\u00e9, qui peut \u00eatre un bel objet, \u201cqui se laisse toucher et sentir\u201d, pour reprendre l<span class=\"st\"><span class=\"st\"><span class=\"st\">es mots du mod\u00e9rateur<\/span><\/span><\/span>. Mots qui feront \u00e9ructer un \u201cpervers!\u201d de la bouche d<span class=\"st\"><span class=\"st\"><span class=\"st\">&lsquo;<\/span><\/span><\/span>Ulrich. Trois secondes de silence. Menu reprends: <em>\u201cC<span class=\"st\"><span class=\"st\"><span class=\"st\">&lsquo;<\/span><\/span><\/span>est vrai que si un livre a une mauvaise odeur, on on peut jeter les exemplaires\u201d<\/em>.<\/p>\n<p>U<span class=\"st\"><span class=\"st\"><span class=\"st\">n<span class=\"st\"><span class=\"st\"><span class=\"st\"> r\u00e9cent<\/span><\/span><\/span> sondage du <em>Guardian<\/em> de Londres montre que la bataille n<span class=\"st\"><span class=\"st\"><span class=\"st\">&lsquo;<\/span><\/span><\/span>est pas perdue: <span class=\"st\"><span class=\"st\"><span class=\"st\">62%<\/span><\/span><\/span> des 16-24 ans int\u00e9rrog\u00e9s disent pr\u00e9f\u00e9rer \u00e0 les livres imprim\u00e9s<a href=\"http:\/\/www.theguardian.com\/books\/2013\/nov\/25\/young-adult-readers-prefer-printed-ebooks\" target=\"_blank\" rel=\"noopener\"><sup>1<\/sup><\/a>. <em>\u201cFaire quelque chose d<span class=\"st\"><span class=\"st\"><span class=\"st\">&lsquo;<\/span><\/span><\/span>interractif pour tablettes tactiles \u00e0 partir d<span class=\"st\"><span class=\"st\"><span class=\"st\">&lsquo;<\/span><\/span><\/span>une BD, pourquoi pas. Mais scanner une BD pour la lire sur un \u00e9cran n<span class=\"st\"><span class=\"st\"><span class=\"st\">&lsquo;<\/span><\/span><\/span>a pas grand int\u00e9r\u00eat\u201d<\/em>, estime Johann Ulrich.<br \/>\n<\/span><\/span><\/span><\/p>\n<p><span class=\"st\"><span class=\"st\"><span class=\"st\">Une exposition, \u00abMotion Comics\u00bb (la BD en mouvement), se positionne au\u00a0<span class=\"st\"><span class=\"st\"><span class=\"st\">c\u0153ur <\/span><\/span><\/span> du d\u00e9bat, avec une s\u00e9lection de projets innovants qui r\u00e9inventent la bande dessinn\u00e9e au travers des nouvelles technologies.<\/span><\/span><\/span><\/p>\n<p><span class=\"st\"><span class=\"st\"><span class=\"st\">Il vous reste encore quelques jours pour d\u00e9couvrir l<span class=\"st\"><span class=\"st\"><span class=\"st\">&lsquo;<\/span><\/span><\/span>ensemble des expositions officielles et officieuses.<strong> <span style=\"text-decoration: underline;\"><a href=\"http:\/\/www.fumetto.ch\" target=\"_blank\" rel=\"noopener\">Le programme est ici<\/a><\/span><\/strong>.<\/span><\/span><\/span><\/p>\n<p><em>Photo Monica Tarocco<\/em><\/p>\n<div id=\"crieu-2492691115\" class=\"crieu-apres-le-contenu crieu-entity-placement\" style=\"margin-left: auto;margin-right: auto;text-align: center;\"><script async src=\"\/\/pagead2.googlesyndication.com\/pagead\/js\/adsbygoogle.js?client=ca-pub-5271584769416742\" crossorigin=\"anonymous\"><\/script><ins class=\"adsbygoogle\" style=\"display:block;\" data-ad-client=\"ca-pub-5271584769416742\" \ndata-ad-slot=\"9321250718\" \ndata-ad-format=\"auto\"><\/ins>\n<script> \n(adsbygoogle = window.adsbygoogle || []).push({}); \n<\/script>\n<\/div>","protected":false},"excerpt":{"rendered":"<p>Des expositions de qualit\u00e9 et des tables rondes au programme de la 23e \u00e9dition du\u00a0 Festival de la BD Fumetto \u00e0 Lucerne, dont le succ\u00e8s ne se d\u00e9ment pas.<\/p>\n","protected":false},"author":3,"featured_media":94,"comment_status":"closed","ping_status":"closed","sticky":false,"template":"","format":"standard","meta":{"footnotes":""},"categories":[103,10,8],"tags":[20,227,228,226,28],"class_list":["post-93","post","type-post","status-publish","format-standard","has-post-thumbnail","hentry","category-actu","category-culture","category-suisse","tag-bande-dessinee","tag-fumetto","tag-jean-christophe-menu","tag-johann-ulrich","tag-lucerne"],"yoast_head":"<!-- This site is optimized with the Yoast SEO plugin v28.3 - https:\/\/yoast.com\/product\/yoast-seo-wordpress\/ -->\n<title>\u201c\u00catre \u00e9diteur de BD aujourd&#039;hui\u201d en d\u00e9bat au Festival Fumetto de Lucerne - Journal de B\u00e2le et Gen\u00e8ve<\/title>\n<meta name=\"robots\" content=\"index, follow, max-snippet:-1, max-image-preview:large, max-video-preview:-1\" \/>\n<link rel=\"canonical\" href=\"https:\/\/bale.ch\/journal\/debat-editeur-fumetto\/\" \/>\n<meta property=\"og:locale\" content=\"fr_FR\" \/>\n<meta property=\"og:type\" content=\"article\" \/>\n<meta property=\"og:title\" content=\"\u201c\u00catre \u00e9diteur de BD aujourd&#039;hui\u201d en d\u00e9bat au Festival Fumetto de Lucerne - Journal de B\u00e2le et Gen\u00e8ve\" \/>\n<meta property=\"og:description\" content=\"Des expositions de qualit\u00e9 et des tables rondes au programme de la 23e \u00e9dition du\u00a0 Festival de la BD Fumetto \u00e0 Lucerne, dont le succ\u00e8s ne se d\u00e9ment pas.\" \/>\n<meta property=\"og:url\" content=\"https:\/\/bale.ch\/journal\/debat-editeur-fumetto\/\" \/>\n<meta property=\"og:site_name\" content=\"Journal de B\u00e2le et Gen\u00e8ve\" \/>\n<meta property=\"article:published_time\" content=\"2014-04-09T20:00:01+00:00\" \/>\n<meta property=\"article:modified_time\" content=\"2026-05-03T12:19:48+00:00\" \/>\n<meta property=\"og:image\" content=\"https:\/\/bale.ch\/journal\/wp-content\/uploads\/2015\/10\/publishing_today_fumetto_2014.jpg\" \/>\n\t<meta property=\"og:image:width\" content=\"720\" \/>\n\t<meta property=\"og:image:height\" content=\"479\" \/>\n\t<meta property=\"og:image:type\" content=\"image\/jpeg\" \/>\n<meta name=\"author\" content=\"Alban Lavy\" \/>\n<meta name=\"twitter:card\" content=\"summary_large_image\" \/>\n<meta name=\"twitter:label1\" content=\"\u00c9crit par\" \/>\n\t<meta name=\"twitter:data1\" content=\"Alban Lavy\" \/>\n\t<meta name=\"twitter:label2\" content=\"Dur\u00e9e de lecture estim\u00e9e\" \/>\n\t<meta name=\"twitter:data2\" content=\"5 minutes\" \/>\n<script type=\"application\/ld+json\" class=\"yoast-schema-graph\">{\"@context\":\"https:\\\/\\\/schema.org\",\"@graph\":[{\"@type\":\"Article\",\"@id\":\"https:\\\/\\\/bale.ch\\\/journal\\\/debat-editeur-fumetto\\\/#article\",\"isPartOf\":{\"@id\":\"https:\\\/\\\/bale.ch\\\/journal\\\/debat-editeur-fumetto\\\/\"},\"author\":{\"name\":\"Alban Lavy\",\"@id\":\"https:\\\/\\\/bale.ch\\\/journal\\\/#\\\/schema\\\/person\\\/41bc7f908af0ffea5e38b8c5702e5626\"},\"headline\":\"\u201c\u00catre \u00e9diteur de BD aujourd&rsquo;hui\u201d en d\u00e9bat au Festival Fumetto de Lucerne\",\"datePublished\":\"2014-04-09T20:00:01+00:00\",\"dateModified\":\"2026-05-03T12:19:48+00:00\",\"mainEntityOfPage\":{\"@id\":\"https:\\\/\\\/bale.ch\\\/journal\\\/debat-editeur-fumetto\\\/\"},\"wordCount\":815,\"publisher\":{\"@id\":\"https:\\\/\\\/bale.ch\\\/journal\\\/#organization\"},\"image\":{\"@id\":\"https:\\\/\\\/bale.ch\\\/journal\\\/debat-editeur-fumetto\\\/#primaryimage\"},\"thumbnailUrl\":\"https:\\\/\\\/bale.ch\\\/journal\\\/wp-content\\\/uploads\\\/2015\\\/10\\\/publishing_today_fumetto_2014.jpg\",\"keywords\":[\"bande dessin\u00e9e\",\"Fumetto\",\"Jean-Christophe Menu\",\"Johann Ulrich\",\"Lucerne\"],\"articleSection\":[\"Actualit\u00e9s\",\"Culture\",\"Suisse\"],\"inLanguage\":\"fr-FR\"},{\"@type\":\"WebPage\",\"@id\":\"https:\\\/\\\/bale.ch\\\/journal\\\/debat-editeur-fumetto\\\/\",\"url\":\"https:\\\/\\\/bale.ch\\\/journal\\\/debat-editeur-fumetto\\\/\",\"name\":\"\u201c\u00catre \u00e9diteur de BD aujourd'hui\u201d en d\u00e9bat au Festival Fumetto de Lucerne - Journal de B\u00e2le et Gen\u00e8ve\",\"isPartOf\":{\"@id\":\"https:\\\/\\\/bale.ch\\\/journal\\\/#website\"},\"primaryImageOfPage\":{\"@id\":\"https:\\\/\\\/bale.ch\\\/journal\\\/debat-editeur-fumetto\\\/#primaryimage\"},\"image\":{\"@id\":\"https:\\\/\\\/bale.ch\\\/journal\\\/debat-editeur-fumetto\\\/#primaryimage\"},\"thumbnailUrl\":\"https:\\\/\\\/bale.ch\\\/journal\\\/wp-content\\\/uploads\\\/2015\\\/10\\\/publishing_today_fumetto_2014.jpg\",\"datePublished\":\"2014-04-09T20:00:01+00:00\",\"dateModified\":\"2026-05-03T12:19:48+00:00\",\"breadcrumb\":{\"@id\":\"https:\\\/\\\/bale.ch\\\/journal\\\/debat-editeur-fumetto\\\/#breadcrumb\"},\"inLanguage\":\"fr-FR\",\"potentialAction\":[{\"@type\":\"ReadAction\",\"target\":[\"https:\\\/\\\/bale.ch\\\/journal\\\/debat-editeur-fumetto\\\/\"]}]},{\"@type\":\"ImageObject\",\"inLanguage\":\"fr-FR\",\"@id\":\"https:\\\/\\\/bale.ch\\\/journal\\\/debat-editeur-fumetto\\\/#primaryimage\",\"url\":\"https:\\\/\\\/bale.ch\\\/journal\\\/wp-content\\\/uploads\\\/2015\\\/10\\\/publishing_today_fumetto_2014.jpg\",\"contentUrl\":\"https:\\\/\\\/bale.ch\\\/journal\\\/wp-content\\\/uploads\\\/2015\\\/10\\\/publishing_today_fumetto_2014.jpg\",\"width\":720,\"height\":479,\"caption\":\"Photo Monica Tarocco\"},{\"@type\":\"BreadcrumbList\",\"@id\":\"https:\\\/\\\/bale.ch\\\/journal\\\/debat-editeur-fumetto\\\/#breadcrumb\",\"itemListElement\":[{\"@type\":\"ListItem\",\"position\":1,\"name\":\"Accueil\",\"item\":\"https:\\\/\\\/bale.ch\\\/journal\\\/\"},{\"@type\":\"ListItem\",\"position\":2,\"name\":\"\u201c\u00catre \u00e9diteur de BD aujourd&rsquo;hui\u201d en d\u00e9bat au Festival Fumetto de Lucerne\"}]},{\"@type\":\"WebSite\",\"@id\":\"https:\\\/\\\/bale.ch\\\/journal\\\/#website\",\"url\":\"https:\\\/\\\/bale.ch\\\/journal\\\/\",\"name\":\"Journal de B\u00e2le et Gen\u00e8ve\",\"description\":\"M\u00e9dia transfrontalier d&#039;actualit\u00e9s - News\",\"publisher\":{\"@id\":\"https:\\\/\\\/bale.ch\\\/journal\\\/#organization\"},\"potentialAction\":[{\"@type\":\"SearchAction\",\"target\":{\"@type\":\"EntryPoint\",\"urlTemplate\":\"https:\\\/\\\/bale.ch\\\/journal\\\/?s={search_term_string}\"},\"query-input\":{\"@type\":\"PropertyValueSpecification\",\"valueRequired\":true,\"valueName\":\"search_term_string\"}}],\"inLanguage\":\"fr-FR\"},{\"@type\":\"Organization\",\"@id\":\"https:\\\/\\\/bale.ch\\\/journal\\\/#organization\",\"name\":\"Journal de B\u00e2le et Gen\u00e8ve\",\"url\":\"https:\\\/\\\/bale.ch\\\/journal\\\/\",\"logo\":{\"@type\":\"ImageObject\",\"inLanguage\":\"fr-FR\",\"@id\":\"https:\\\/\\\/bale.ch\\\/journal\\\/#\\\/schema\\\/logo\\\/image\\\/\",\"url\":\"https:\\\/\\\/bale.ch\\\/journal\\\/wp-content\\\/uploads\\\/2023\\\/07\\\/journaldebale_logo_2023_nb.png\",\"contentUrl\":\"https:\\\/\\\/bale.ch\\\/journal\\\/wp-content\\\/uploads\\\/2023\\\/07\\\/journaldebale_logo_2023_nb.png\",\"width\":371,\"height\":127,\"caption\":\"Journal de B\u00e2le et Gen\u00e8ve\"},\"image\":{\"@id\":\"https:\\\/\\\/bale.ch\\\/journal\\\/#\\\/schema\\\/logo\\\/image\\\/\"}},{\"@type\":\"Person\",\"@id\":\"https:\\\/\\\/bale.ch\\\/journal\\\/#\\\/schema\\\/person\\\/41bc7f908af0ffea5e38b8c5702e5626\",\"name\":\"Alban Lavy\",\"image\":{\"@type\":\"ImageObject\",\"inLanguage\":\"fr-FR\",\"@id\":\"https:\\\/\\\/secure.gravatar.com\\\/avatar\\\/4978c5bb7295400e15bebf9881bc4db7866592bc59ffa2f62511214a10f68804?s=96&d=mm&r=g\",\"url\":\"https:\\\/\\\/secure.gravatar.com\\\/avatar\\\/4978c5bb7295400e15bebf9881bc4db7866592bc59ffa2f62511214a10f68804?s=96&d=mm&r=g\",\"contentUrl\":\"https:\\\/\\\/secure.gravatar.com\\\/avatar\\\/4978c5bb7295400e15bebf9881bc4db7866592bc59ffa2f62511214a10f68804?s=96&d=mm&r=g\",\"caption\":\"Alban Lavy\"},\"sameAs\":[\"http:\\\/\\\/bale.ch\\\/administration\\\/zeitung\\\/albanlavy\\\/\"],\"url\":\"https:\\\/\\\/bale.ch\\\/journal\\\/author\\\/lavy\\\/\"}]}<\/script>\n<!-- \/ Yoast SEO plugin. -->","yoast_head_json":{"title":"\u201c\u00catre \u00e9diteur de BD aujourd'hui\u201d en d\u00e9bat au Festival Fumetto de Lucerne - Journal de B\u00e2le et Gen\u00e8ve","robots":{"index":"index","follow":"follow","max-snippet":"max-snippet:-1","max-image-preview":"max-image-preview:large","max-video-preview":"max-video-preview:-1"},"canonical":"https:\/\/bale.ch\/journal\/debat-editeur-fumetto\/","og_locale":"fr_FR","og_type":"article","og_title":"\u201c\u00catre \u00e9diteur de BD aujourd'hui\u201d en d\u00e9bat au Festival Fumetto de Lucerne - Journal de B\u00e2le et Gen\u00e8ve","og_description":"Des expositions de qualit\u00e9 et des tables rondes au programme de la 23e \u00e9dition du\u00a0 Festival de la BD Fumetto \u00e0 Lucerne, dont le succ\u00e8s ne se d\u00e9ment pas.","og_url":"https:\/\/bale.ch\/journal\/debat-editeur-fumetto\/","og_site_name":"Journal de B\u00e2le et Gen\u00e8ve","article_published_time":"2014-04-09T20:00:01+00:00","article_modified_time":"2026-05-03T12:19:48+00:00","og_image":[{"width":720,"height":479,"url":"https:\/\/bale.ch\/journal\/wp-content\/uploads\/2015\/10\/publishing_today_fumetto_2014.jpg","type":"image\/jpeg"}],"author":"Alban Lavy","twitter_card":"summary_large_image","twitter_misc":{"\u00c9crit par":"Alban Lavy","Dur\u00e9e de lecture estim\u00e9e":"5 minutes"},"schema":{"@context":"https:\/\/schema.org","@graph":[{"@type":"Article","@id":"https:\/\/bale.ch\/journal\/debat-editeur-fumetto\/#article","isPartOf":{"@id":"https:\/\/bale.ch\/journal\/debat-editeur-fumetto\/"},"author":{"name":"Alban Lavy","@id":"https:\/\/bale.ch\/journal\/#\/schema\/person\/41bc7f908af0ffea5e38b8c5702e5626"},"headline":"\u201c\u00catre \u00e9diteur de BD aujourd&rsquo;hui\u201d en d\u00e9bat au Festival Fumetto de Lucerne","datePublished":"2014-04-09T20:00:01+00:00","dateModified":"2026-05-03T12:19:48+00:00","mainEntityOfPage":{"@id":"https:\/\/bale.ch\/journal\/debat-editeur-fumetto\/"},"wordCount":815,"publisher":{"@id":"https:\/\/bale.ch\/journal\/#organization"},"image":{"@id":"https:\/\/bale.ch\/journal\/debat-editeur-fumetto\/#primaryimage"},"thumbnailUrl":"https:\/\/bale.ch\/journal\/wp-content\/uploads\/2015\/10\/publishing_today_fumetto_2014.jpg","keywords":["bande dessin\u00e9e","Fumetto","Jean-Christophe Menu","Johann Ulrich","Lucerne"],"articleSection":["Actualit\u00e9s","Culture","Suisse"],"inLanguage":"fr-FR"},{"@type":"WebPage","@id":"https:\/\/bale.ch\/journal\/debat-editeur-fumetto\/","url":"https:\/\/bale.ch\/journal\/debat-editeur-fumetto\/","name":"\u201c\u00catre \u00e9diteur de BD aujourd'hui\u201d en d\u00e9bat au Festival Fumetto de Lucerne - Journal de B\u00e2le et Gen\u00e8ve","isPartOf":{"@id":"https:\/\/bale.ch\/journal\/#website"},"primaryImageOfPage":{"@id":"https:\/\/bale.ch\/journal\/debat-editeur-fumetto\/#primaryimage"},"image":{"@id":"https:\/\/bale.ch\/journal\/debat-editeur-fumetto\/#primaryimage"},"thumbnailUrl":"https:\/\/bale.ch\/journal\/wp-content\/uploads\/2015\/10\/publishing_today_fumetto_2014.jpg","datePublished":"2014-04-09T20:00:01+00:00","dateModified":"2026-05-03T12:19:48+00:00","breadcrumb":{"@id":"https:\/\/bale.ch\/journal\/debat-editeur-fumetto\/#breadcrumb"},"inLanguage":"fr-FR","potentialAction":[{"@type":"ReadAction","target":["https:\/\/bale.ch\/journal\/debat-editeur-fumetto\/"]}]},{"@type":"ImageObject","inLanguage":"fr-FR","@id":"https:\/\/bale.ch\/journal\/debat-editeur-fumetto\/#primaryimage","url":"https:\/\/bale.ch\/journal\/wp-content\/uploads\/2015\/10\/publishing_today_fumetto_2014.jpg","contentUrl":"https:\/\/bale.ch\/journal\/wp-content\/uploads\/2015\/10\/publishing_today_fumetto_2014.jpg","width":720,"height":479,"caption":"Photo Monica Tarocco"},{"@type":"BreadcrumbList","@id":"https:\/\/bale.ch\/journal\/debat-editeur-fumetto\/#breadcrumb","itemListElement":[{"@type":"ListItem","position":1,"name":"Accueil","item":"https:\/\/bale.ch\/journal\/"},{"@type":"ListItem","position":2,"name":"\u201c\u00catre \u00e9diteur de BD aujourd&rsquo;hui\u201d en d\u00e9bat au Festival Fumetto de Lucerne"}]},{"@type":"WebSite","@id":"https:\/\/bale.ch\/journal\/#website","url":"https:\/\/bale.ch\/journal\/","name":"Journal de B\u00e2le et Gen\u00e8ve","description":"M\u00e9dia transfrontalier d&#039;actualit\u00e9s - News","publisher":{"@id":"https:\/\/bale.ch\/journal\/#organization"},"potentialAction":[{"@type":"SearchAction","target":{"@type":"EntryPoint","urlTemplate":"https:\/\/bale.ch\/journal\/?s={search_term_string}"},"query-input":{"@type":"PropertyValueSpecification","valueRequired":true,"valueName":"search_term_string"}}],"inLanguage":"fr-FR"},{"@type":"Organization","@id":"https:\/\/bale.ch\/journal\/#organization","name":"Journal de B\u00e2le et Gen\u00e8ve","url":"https:\/\/bale.ch\/journal\/","logo":{"@type":"ImageObject","inLanguage":"fr-FR","@id":"https:\/\/bale.ch\/journal\/#\/schema\/logo\/image\/","url":"https:\/\/bale.ch\/journal\/wp-content\/uploads\/2023\/07\/journaldebale_logo_2023_nb.png","contentUrl":"https:\/\/bale.ch\/journal\/wp-content\/uploads\/2023\/07\/journaldebale_logo_2023_nb.png","width":371,"height":127,"caption":"Journal de B\u00e2le et Gen\u00e8ve"},"image":{"@id":"https:\/\/bale.ch\/journal\/#\/schema\/logo\/image\/"}},{"@type":"Person","@id":"https:\/\/bale.ch\/journal\/#\/schema\/person\/41bc7f908af0ffea5e38b8c5702e5626","name":"Alban Lavy","image":{"@type":"ImageObject","inLanguage":"fr-FR","@id":"https:\/\/secure.gravatar.com\/avatar\/4978c5bb7295400e15bebf9881bc4db7866592bc59ffa2f62511214a10f68804?s=96&d=mm&r=g","url":"https:\/\/secure.gravatar.com\/avatar\/4978c5bb7295400e15bebf9881bc4db7866592bc59ffa2f62511214a10f68804?s=96&d=mm&r=g","contentUrl":"https:\/\/secure.gravatar.com\/avatar\/4978c5bb7295400e15bebf9881bc4db7866592bc59ffa2f62511214a10f68804?s=96&d=mm&r=g","caption":"Alban Lavy"},"sameAs":["http:\/\/bale.ch\/administration\/zeitung\/albanlavy\/"],"url":"https:\/\/bale.ch\/journal\/author\/lavy\/"}]}},"_links":{"self":[{"href":"https:\/\/bale.ch\/journal\/wp-json\/wp\/v2\/posts\/93","targetHints":{"allow":["GET"]}}],"collection":[{"href":"https:\/\/bale.ch\/journal\/wp-json\/wp\/v2\/posts"}],"about":[{"href":"https:\/\/bale.ch\/journal\/wp-json\/wp\/v2\/types\/post"}],"author":[{"embeddable":true,"href":"https:\/\/bale.ch\/journal\/wp-json\/wp\/v2\/users\/3"}],"replies":[{"embeddable":true,"href":"https:\/\/bale.ch\/journal\/wp-json\/wp\/v2\/comments?post=93"}],"version-history":[{"count":7,"href":"https:\/\/bale.ch\/journal\/wp-json\/wp\/v2\/posts\/93\/revisions"}],"predecessor-version":[{"id":4028,"href":"https:\/\/bale.ch\/journal\/wp-json\/wp\/v2\/posts\/93\/revisions\/4028"}],"wp:featuredmedia":[{"embeddable":true,"href":"https:\/\/bale.ch\/journal\/wp-json\/wp\/v2\/media\/94"}],"wp:attachment":[{"href":"https:\/\/bale.ch\/journal\/wp-json\/wp\/v2\/media?parent=93"}],"wp:term":[{"taxonomy":"category","embeddable":true,"href":"https:\/\/bale.ch\/journal\/wp-json\/wp\/v2\/categories?post=93"},{"taxonomy":"post_tag","embeddable":true,"href":"https:\/\/bale.ch\/journal\/wp-json\/wp\/v2\/tags?post=93"}],"curies":[{"name":"wp","href":"https:\/\/api.w.org\/{rel}","templated":true}]}}