{"id":950,"date":"2018-06-29T10:33:32","date_gmt":"2018-06-29T10:33:32","guid":{"rendered":"http:\/\/bale.ch\/journal\/?p=950"},"modified":"2018-06-29T10:40:49","modified_gmt":"2018-06-29T10:40:49","slug":"escale-2018-geneve","status":"publish","type":"post","link":"https:\/\/bale.ch\/journal\/escale-2018-geneve\/","title":{"rendered":"L\u2019Escale \u00e0 Gen\u00e8ve: deux mois d\u2019animations culturelles au bord du lac"},"content":{"rendered":"<p><strong>GEN\u00c8VE VILLE \/ Apr\u00e8s une premi\u00e8re \u00e9dition prometteuse, l\u2019Escale revient cet \u00e9t\u00e9 sur le quai Gustave Ador dans un format plus long et avec davantage d\u2019animations, toutes gratuites, s\u2019adressant \u00e0 un large public:\u00a0rock, folk, hip-hop, discos, musette..<\/strong> <!--more--><\/p>\n<p><img loading=\"lazy\" decoding=\"async\" class=\"alignnone size-full wp-image-951\" src=\"https:\/\/bale.ch\/journal\/wp-content\/uploads\/2018\/06\/escale_geneve.jpg\" alt=\"\" width=\"1280\" height=\"960\" srcset=\"https:\/\/bale.ch\/journal\/wp-content\/uploads\/2018\/06\/escale_geneve.jpg 1280w, https:\/\/bale.ch\/journal\/wp-content\/uploads\/2018\/06\/escale_geneve-300x225.jpg 300w, https:\/\/bale.ch\/journal\/wp-content\/uploads\/2018\/06\/escale_geneve-768x576.jpg 768w, https:\/\/bale.ch\/journal\/wp-content\/uploads\/2018\/06\/escale_geneve-1024x768.jpg 1024w\" sizes=\"auto, (max-width: 1280px) 100vw, 1280px\" \/><\/p>\n<p>Du vendredi 29 juin au dimanche 2 septembre, une cinquantaine d\u2019artistes locaux se relayeront sur la sc\u00e8ne de l\u2019Escale d\u00e8s le d\u00e9but de soir\u00e9e (d\u00e8s 18h le jeudi\/17h le dimanche et 20 h le vendredi\/samedi) jusqu\u2019\u00e0 21h30 en semaine et minuit le week-end.<\/p>\n<p>La programmation se veut \u00e9clectique : rock, folk, hip-hop, discos, musette&#8230; Les activit\u00e9s dominicales s\u2019adresseront plus sp\u00e9cifiquement aux familles, enfants, parents ou grand-parents, avec par exemple une Disco Kids (31.06). On viendra aussi danser \u00e0 l\u2019Escale (initiation au tango argentin le 8.07 par exemple) ou s\u2019essayer aux claquettes (22.07)<\/p><div id=\"crieu-280728331\" class=\"crieu-content crieu-entity-placement\"><script async src=\"\/\/pagead2.googlesyndication.com\/pagead\/js\/adsbygoogle.js?client=ca-pub-5271584769416742\" crossorigin=\"anonymous\"><\/script><ins class=\"adsbygoogle\" style=\"display:block;\" data-ad-client=\"ca-pub-5271584769416742\" \ndata-ad-slot=\"9321250718\" \ndata-ad-format=\"auto\"><\/ins>\n<script> \n(adsbygoogle = window.adsbygoogle || []).push({}); \n<\/script>\n<\/div>\n<p>\u00ab Au-del\u00e0 de l\u2019aspect musical et culturel, l\u2019Escale a \u00e9t\u00e9 con\u00e7ue comme un lieu de d\u00e9tente, ouvert et interg\u00e9n\u00e9rationnel, explique Guillaume Barazzone, conseiller administratif \u00e0 l\u2019origine du projet. Nous souhaitons que les habitants comme les touristes puissent se d\u00e9tendre, se divertir et profiter des bords du lac dans un cadre agr\u00e9able qui respecte le site\u00bb. L\u2019Escale a \u00e9t\u00e9 r\u00e9alis\u00e9e essentiellement avec du bois ou des mat\u00e9riaux de r\u00e9cup\u00e9ration et compl\u00e8tement v\u00e9g\u00e9talis\u00e9 par le Service des espaces verts. On y trouve des plantes grimpantes (calebasse, haricot d\u2019Espagne, fraises&#8230;), des plantes hautes (groseillier, cassissier, sauge) ainsi qu\u2019un aromatorium. Des sachets de graines de plantes comestibles seront offertes au public.<\/p>\n<p>Les deux buvettes, g\u00e9r\u00e9es par l\u2019association Latcho qui travaille avec des jeunes en r\u00e9insertion, serviront des boissons locales (un bar et un \u00ab Biergarten\u00bb avec des bi\u00e8res r\u00e9gionales). Des foodtrucks proposeront une offre de restauration qui viendra s\u2019ajouter \u00e0 celles des \u00e9tablissements situ\u00e9s \u00e0 proximit\u00e9 du site. Il n\u2019y aura aucune obligation de consommer sur le site. Le public sera libre d\u2019y amener son pique-nique.<\/p>\n<p>De nombreux jeux seront \u00e0 la disposition des visiteurs : baby-foot, p\u00e9tanque et ping-pong. Une tour-biblioth\u00e8que agr\u00e9ment\u00e9 de vingt hamacs proposera en outre des livres pour petits en grands en libre-acc\u00e8s. Il sera \u00e9galement possible d\u2019emprunter des jeux (bakgammon, uno ou encore trivial pursuit) directement au bar du Biergarten.<\/p>\n<p>Enfin, hors concert, une sc\u00e8ne libre, avec piano et micro permettra \u00e0 chacune et chacun de montrer l\u2019\u00e9tendue de son talent ou juste de jouer pour le plaisir&#8230;<\/p>\n<div id=\"crieu-2575543985\" class=\"crieu-apres-le-contenu crieu-entity-placement\" style=\"margin-left: auto;margin-right: auto;text-align: center;\"><script async src=\"\/\/pagead2.googlesyndication.com\/pagead\/js\/adsbygoogle.js?client=ca-pub-5271584769416742\" crossorigin=\"anonymous\"><\/script><ins class=\"adsbygoogle\" style=\"display:block;\" data-ad-client=\"ca-pub-5271584769416742\" \ndata-ad-slot=\"9321250718\" \ndata-ad-format=\"auto\"><\/ins>\n<script> \n(adsbygoogle = window.adsbygoogle || []).push({}); \n<\/script>\n<\/div>","protected":false},"excerpt":{"rendered":"<p>GEN\u00c8VE VILLE \/ Apr\u00e8s une premi\u00e8re \u00e9dition prometteuse, l\u2019Escale revient cet \u00e9t\u00e9 sur le quai Gustave Ador dans un format plus long et avec davantage d\u2019animations, toutes gratuites, s\u2019adressant \u00e0 <a href=\"https:\/\/bale.ch\/journal\/escale-2018-geneve\/\" class=\"read-more button-fancy -red\"><span class=\"btn-arrow\"><\/span><span class=\"twp-read-more text\">Continuer la lecture<\/span><\/a><\/p>\n","protected":false},"author":2,"featured_media":951,"comment_status":"closed","ping_status":"closed","sticky":false,"template":"","format":"standard","meta":{"footnotes":""},"categories":[4,18],"tags":[5,88],"class_list":["post-950","post","type-post","status-publish","format-standard","has-post-thumbnail","hentry","category-grand-geneve","category-sortir","tag-geneve-ville","tag-sortir"],"yoast_head":"<!-- This site is optimized with the Yoast SEO plugin v28.3 - https:\/\/yoast.com\/product\/yoast-seo-wordpress\/ -->\n<title>L\u2019Escale \u00e0 Gen\u00e8ve: deux mois d\u2019animations culturelles au bord du lac - Journal de B\u00e2le et Gen\u00e8ve<\/title>\n<meta name=\"robots\" content=\"index, follow, max-snippet:-1, max-image-preview:large, max-video-preview:-1\" \/>\n<link rel=\"canonical\" href=\"https:\/\/bale.ch\/journal\/escale-2018-geneve\/\" \/>\n<meta property=\"og:locale\" content=\"fr_FR\" \/>\n<meta property=\"og:type\" content=\"article\" \/>\n<meta property=\"og:title\" content=\"L\u2019Escale \u00e0 Gen\u00e8ve: deux mois d\u2019animations culturelles au bord du lac - Journal de B\u00e2le et Gen\u00e8ve\" \/>\n<meta property=\"og:description\" content=\"GEN\u00c8VE VILLE \/ Apr\u00e8s une premi\u00e8re \u00e9dition prometteuse, l\u2019Escale revient cet \u00e9t\u00e9 sur le quai Gustave Ador dans un format plus long et avec davantage d\u2019animations, toutes gratuites, s\u2019adressant \u00e0 Continuer la lecture\" \/>\n<meta property=\"og:url\" content=\"https:\/\/bale.ch\/journal\/escale-2018-geneve\/\" \/>\n<meta property=\"og:site_name\" content=\"Journal de B\u00e2le et Gen\u00e8ve\" \/>\n<meta property=\"article:published_time\" content=\"2018-06-29T10:33:32+00:00\" \/>\n<meta property=\"article:modified_time\" content=\"2018-06-29T10:40:49+00:00\" \/>\n<meta property=\"og:image\" content=\"https:\/\/bale.ch\/journal\/wp-content\/uploads\/2018\/06\/escale_geneve.jpg\" \/>\n\t<meta property=\"og:image:width\" content=\"1280\" \/>\n\t<meta property=\"og:image:height\" content=\"960\" \/>\n\t<meta property=\"og:image:type\" content=\"image\/jpeg\" \/>\n<meta name=\"author\" content=\"La R\u00e9daction\" \/>\n<meta name=\"twitter:card\" content=\"summary_large_image\" \/>\n<meta name=\"twitter:label1\" content=\"\u00c9crit par\" \/>\n\t<meta name=\"twitter:data1\" content=\"La R\u00e9daction\" \/>\n\t<meta name=\"twitter:label2\" content=\"Dur\u00e9e de lecture estim\u00e9e\" \/>\n\t<meta name=\"twitter:data2\" content=\"2 minutes\" \/>\n<script type=\"application\/ld+json\" class=\"yoast-schema-graph\">{\"@context\":\"https:\\\/\\\/schema.org\",\"@graph\":[{\"@type\":\"Article\",\"@id\":\"https:\\\/\\\/bale.ch\\\/journal\\\/escale-2018-geneve\\\/#article\",\"isPartOf\":{\"@id\":\"https:\\\/\\\/bale.ch\\\/journal\\\/escale-2018-geneve\\\/\"},\"author\":{\"name\":\"La R\u00e9daction\",\"@id\":\"https:\\\/\\\/bale.ch\\\/journal\\\/#\\\/schema\\\/person\\\/03ced978db3b7a5274c5cef003f352f5\"},\"headline\":\"L\u2019Escale \u00e0 Gen\u00e8ve: deux mois d\u2019animations culturelles au bord du lac\",\"datePublished\":\"2018-06-29T10:33:32+00:00\",\"dateModified\":\"2018-06-29T10:40:49+00:00\",\"mainEntityOfPage\":{\"@id\":\"https:\\\/\\\/bale.ch\\\/journal\\\/escale-2018-geneve\\\/\"},\"wordCount\":431,\"publisher\":{\"@id\":\"https:\\\/\\\/bale.ch\\\/journal\\\/#organization\"},\"image\":{\"@id\":\"https:\\\/\\\/bale.ch\\\/journal\\\/escale-2018-geneve\\\/#primaryimage\"},\"thumbnailUrl\":\"https:\\\/\\\/bale.ch\\\/journal\\\/wp-content\\\/uploads\\\/2018\\\/06\\\/escale_geneve.jpg\",\"keywords\":[\"Gen\u00e8ve Ville\",\"Sortir\"],\"articleSection\":[\"Grand Gen\u00e8ve\",\"Sortir\"],\"inLanguage\":\"fr-FR\"},{\"@type\":\"WebPage\",\"@id\":\"https:\\\/\\\/bale.ch\\\/journal\\\/escale-2018-geneve\\\/\",\"url\":\"https:\\\/\\\/bale.ch\\\/journal\\\/escale-2018-geneve\\\/\",\"name\":\"L\u2019Escale \u00e0 Gen\u00e8ve: deux mois d\u2019animations culturelles au bord du lac - Journal de B\u00e2le et Gen\u00e8ve\",\"isPartOf\":{\"@id\":\"https:\\\/\\\/bale.ch\\\/journal\\\/#website\"},\"primaryImageOfPage\":{\"@id\":\"https:\\\/\\\/bale.ch\\\/journal\\\/escale-2018-geneve\\\/#primaryimage\"},\"image\":{\"@id\":\"https:\\\/\\\/bale.ch\\\/journal\\\/escale-2018-geneve\\\/#primaryimage\"},\"thumbnailUrl\":\"https:\\\/\\\/bale.ch\\\/journal\\\/wp-content\\\/uploads\\\/2018\\\/06\\\/escale_geneve.jpg\",\"datePublished\":\"2018-06-29T10:33:32+00:00\",\"dateModified\":\"2018-06-29T10:40:49+00:00\",\"breadcrumb\":{\"@id\":\"https:\\\/\\\/bale.ch\\\/journal\\\/escale-2018-geneve\\\/#breadcrumb\"},\"inLanguage\":\"fr-FR\",\"potentialAction\":[{\"@type\":\"ReadAction\",\"target\":[\"https:\\\/\\\/bale.ch\\\/journal\\\/escale-2018-geneve\\\/\"]}]},{\"@type\":\"ImageObject\",\"inLanguage\":\"fr-FR\",\"@id\":\"https:\\\/\\\/bale.ch\\\/journal\\\/escale-2018-geneve\\\/#primaryimage\",\"url\":\"https:\\\/\\\/bale.ch\\\/journal\\\/wp-content\\\/uploads\\\/2018\\\/06\\\/escale_geneve.jpg\",\"contentUrl\":\"https:\\\/\\\/bale.ch\\\/journal\\\/wp-content\\\/uploads\\\/2018\\\/06\\\/escale_geneve.jpg\",\"width\":1280,\"height\":960},{\"@type\":\"BreadcrumbList\",\"@id\":\"https:\\\/\\\/bale.ch\\\/journal\\\/escale-2018-geneve\\\/#breadcrumb\",\"itemListElement\":[{\"@type\":\"ListItem\",\"position\":1,\"name\":\"Accueil\",\"item\":\"https:\\\/\\\/bale.ch\\\/journal\\\/\"},{\"@type\":\"ListItem\",\"position\":2,\"name\":\"L\u2019Escale \u00e0 Gen\u00e8ve: deux mois d\u2019animations culturelles au bord du lac\"}]},{\"@type\":\"WebSite\",\"@id\":\"https:\\\/\\\/bale.ch\\\/journal\\\/#website\",\"url\":\"https:\\\/\\\/bale.ch\\\/journal\\\/\",\"name\":\"Journal de B\u00e2le et Gen\u00e8ve\",\"description\":\"M\u00e9dia transfrontalier d&#039;actualit\u00e9s - News\",\"publisher\":{\"@id\":\"https:\\\/\\\/bale.ch\\\/journal\\\/#organization\"},\"potentialAction\":[{\"@type\":\"SearchAction\",\"target\":{\"@type\":\"EntryPoint\",\"urlTemplate\":\"https:\\\/\\\/bale.ch\\\/journal\\\/?s={search_term_string}\"},\"query-input\":{\"@type\":\"PropertyValueSpecification\",\"valueRequired\":true,\"valueName\":\"search_term_string\"}}],\"inLanguage\":\"fr-FR\"},{\"@type\":\"Organization\",\"@id\":\"https:\\\/\\\/bale.ch\\\/journal\\\/#organization\",\"name\":\"Journal de B\u00e2le et Gen\u00e8ve\",\"url\":\"https:\\\/\\\/bale.ch\\\/journal\\\/\",\"logo\":{\"@type\":\"ImageObject\",\"inLanguage\":\"fr-FR\",\"@id\":\"https:\\\/\\\/bale.ch\\\/journal\\\/#\\\/schema\\\/logo\\\/image\\\/\",\"url\":\"https:\\\/\\\/bale.ch\\\/journal\\\/wp-content\\\/uploads\\\/2023\\\/07\\\/journaldebale_logo_2023_nb.png\",\"contentUrl\":\"https:\\\/\\\/bale.ch\\\/journal\\\/wp-content\\\/uploads\\\/2023\\\/07\\\/journaldebale_logo_2023_nb.png\",\"width\":371,\"height\":127,\"caption\":\"Journal de B\u00e2le et Gen\u00e8ve\"},\"image\":{\"@id\":\"https:\\\/\\\/bale.ch\\\/journal\\\/#\\\/schema\\\/logo\\\/image\\\/\"}},{\"@type\":\"Person\",\"@id\":\"https:\\\/\\\/bale.ch\\\/journal\\\/#\\\/schema\\\/person\\\/03ced978db3b7a5274c5cef003f352f5\",\"name\":\"La R\u00e9daction\",\"image\":{\"@type\":\"ImageObject\",\"inLanguage\":\"fr-FR\",\"@id\":\"https:\\\/\\\/secure.gravatar.com\\\/avatar\\\/d1327e2ce8d2b860112f968a3f34686c9bdda7a463a1502cdd1070ac9d88cf1e?s=96&d=mm&r=g\",\"url\":\"https:\\\/\\\/secure.gravatar.com\\\/avatar\\\/d1327e2ce8d2b860112f968a3f34686c9bdda7a463a1502cdd1070ac9d88cf1e?s=96&d=mm&r=g\",\"contentUrl\":\"https:\\\/\\\/secure.gravatar.com\\\/avatar\\\/d1327e2ce8d2b860112f968a3f34686c9bdda7a463a1502cdd1070ac9d88cf1e?s=96&d=mm&r=g\",\"caption\":\"La R\u00e9daction\"},\"url\":\"https:\\\/\\\/bale.ch\\\/journal\\\/author\\\/laredaction\\\/\"}]}<\/script>\n<!-- \/ Yoast SEO plugin. -->","yoast_head_json":{"title":"L\u2019Escale \u00e0 Gen\u00e8ve: deux mois d\u2019animations culturelles au bord du lac - Journal de B\u00e2le et Gen\u00e8ve","robots":{"index":"index","follow":"follow","max-snippet":"max-snippet:-1","max-image-preview":"max-image-preview:large","max-video-preview":"max-video-preview:-1"},"canonical":"https:\/\/bale.ch\/journal\/escale-2018-geneve\/","og_locale":"fr_FR","og_type":"article","og_title":"L\u2019Escale \u00e0 Gen\u00e8ve: deux mois d\u2019animations culturelles au bord du lac - Journal de B\u00e2le et Gen\u00e8ve","og_description":"GEN\u00c8VE VILLE \/ Apr\u00e8s une premi\u00e8re \u00e9dition prometteuse, l\u2019Escale revient cet \u00e9t\u00e9 sur le quai Gustave Ador dans un format plus long et avec davantage d\u2019animations, toutes gratuites, s\u2019adressant \u00e0 Continuer la lecture","og_url":"https:\/\/bale.ch\/journal\/escale-2018-geneve\/","og_site_name":"Journal de B\u00e2le et Gen\u00e8ve","article_published_time":"2018-06-29T10:33:32+00:00","article_modified_time":"2018-06-29T10:40:49+00:00","og_image":[{"width":1280,"height":960,"url":"https:\/\/bale.ch\/journal\/wp-content\/uploads\/2018\/06\/escale_geneve.jpg","type":"image\/jpeg"}],"author":"La R\u00e9daction","twitter_card":"summary_large_image","twitter_misc":{"\u00c9crit par":"La R\u00e9daction","Dur\u00e9e de lecture estim\u00e9e":"2 minutes"},"schema":{"@context":"https:\/\/schema.org","@graph":[{"@type":"Article","@id":"https:\/\/bale.ch\/journal\/escale-2018-geneve\/#article","isPartOf":{"@id":"https:\/\/bale.ch\/journal\/escale-2018-geneve\/"},"author":{"name":"La R\u00e9daction","@id":"https:\/\/bale.ch\/journal\/#\/schema\/person\/03ced978db3b7a5274c5cef003f352f5"},"headline":"L\u2019Escale \u00e0 Gen\u00e8ve: deux mois d\u2019animations culturelles au bord du lac","datePublished":"2018-06-29T10:33:32+00:00","dateModified":"2018-06-29T10:40:49+00:00","mainEntityOfPage":{"@id":"https:\/\/bale.ch\/journal\/escale-2018-geneve\/"},"wordCount":431,"publisher":{"@id":"https:\/\/bale.ch\/journal\/#organization"},"image":{"@id":"https:\/\/bale.ch\/journal\/escale-2018-geneve\/#primaryimage"},"thumbnailUrl":"https:\/\/bale.ch\/journal\/wp-content\/uploads\/2018\/06\/escale_geneve.jpg","keywords":["Gen\u00e8ve Ville","Sortir"],"articleSection":["Grand Gen\u00e8ve","Sortir"],"inLanguage":"fr-FR"},{"@type":"WebPage","@id":"https:\/\/bale.ch\/journal\/escale-2018-geneve\/","url":"https:\/\/bale.ch\/journal\/escale-2018-geneve\/","name":"L\u2019Escale \u00e0 Gen\u00e8ve: deux mois d\u2019animations culturelles au bord du lac - Journal de B\u00e2le et Gen\u00e8ve","isPartOf":{"@id":"https:\/\/bale.ch\/journal\/#website"},"primaryImageOfPage":{"@id":"https:\/\/bale.ch\/journal\/escale-2018-geneve\/#primaryimage"},"image":{"@id":"https:\/\/bale.ch\/journal\/escale-2018-geneve\/#primaryimage"},"thumbnailUrl":"https:\/\/bale.ch\/journal\/wp-content\/uploads\/2018\/06\/escale_geneve.jpg","datePublished":"2018-06-29T10:33:32+00:00","dateModified":"2018-06-29T10:40:49+00:00","breadcrumb":{"@id":"https:\/\/bale.ch\/journal\/escale-2018-geneve\/#breadcrumb"},"inLanguage":"fr-FR","potentialAction":[{"@type":"ReadAction","target":["https:\/\/bale.ch\/journal\/escale-2018-geneve\/"]}]},{"@type":"ImageObject","inLanguage":"fr-FR","@id":"https:\/\/bale.ch\/journal\/escale-2018-geneve\/#primaryimage","url":"https:\/\/bale.ch\/journal\/wp-content\/uploads\/2018\/06\/escale_geneve.jpg","contentUrl":"https:\/\/bale.ch\/journal\/wp-content\/uploads\/2018\/06\/escale_geneve.jpg","width":1280,"height":960},{"@type":"BreadcrumbList","@id":"https:\/\/bale.ch\/journal\/escale-2018-geneve\/#breadcrumb","itemListElement":[{"@type":"ListItem","position":1,"name":"Accueil","item":"https:\/\/bale.ch\/journal\/"},{"@type":"ListItem","position":2,"name":"L\u2019Escale \u00e0 Gen\u00e8ve: deux mois d\u2019animations culturelles au bord du lac"}]},{"@type":"WebSite","@id":"https:\/\/bale.ch\/journal\/#website","url":"https:\/\/bale.ch\/journal\/","name":"Journal de B\u00e2le et Gen\u00e8ve","description":"M\u00e9dia transfrontalier d&#039;actualit\u00e9s - News","publisher":{"@id":"https:\/\/bale.ch\/journal\/#organization"},"potentialAction":[{"@type":"SearchAction","target":{"@type":"EntryPoint","urlTemplate":"https:\/\/bale.ch\/journal\/?s={search_term_string}"},"query-input":{"@type":"PropertyValueSpecification","valueRequired":true,"valueName":"search_term_string"}}],"inLanguage":"fr-FR"},{"@type":"Organization","@id":"https:\/\/bale.ch\/journal\/#organization","name":"Journal de B\u00e2le et Gen\u00e8ve","url":"https:\/\/bale.ch\/journal\/","logo":{"@type":"ImageObject","inLanguage":"fr-FR","@id":"https:\/\/bale.ch\/journal\/#\/schema\/logo\/image\/","url":"https:\/\/bale.ch\/journal\/wp-content\/uploads\/2023\/07\/journaldebale_logo_2023_nb.png","contentUrl":"https:\/\/bale.ch\/journal\/wp-content\/uploads\/2023\/07\/journaldebale_logo_2023_nb.png","width":371,"height":127,"caption":"Journal de B\u00e2le et Gen\u00e8ve"},"image":{"@id":"https:\/\/bale.ch\/journal\/#\/schema\/logo\/image\/"}},{"@type":"Person","@id":"https:\/\/bale.ch\/journal\/#\/schema\/person\/03ced978db3b7a5274c5cef003f352f5","name":"La R\u00e9daction","image":{"@type":"ImageObject","inLanguage":"fr-FR","@id":"https:\/\/secure.gravatar.com\/avatar\/d1327e2ce8d2b860112f968a3f34686c9bdda7a463a1502cdd1070ac9d88cf1e?s=96&d=mm&r=g","url":"https:\/\/secure.gravatar.com\/avatar\/d1327e2ce8d2b860112f968a3f34686c9bdda7a463a1502cdd1070ac9d88cf1e?s=96&d=mm&r=g","contentUrl":"https:\/\/secure.gravatar.com\/avatar\/d1327e2ce8d2b860112f968a3f34686c9bdda7a463a1502cdd1070ac9d88cf1e?s=96&d=mm&r=g","caption":"La R\u00e9daction"},"url":"https:\/\/bale.ch\/journal\/author\/laredaction\/"}]}},"_links":{"self":[{"href":"https:\/\/bale.ch\/journal\/wp-json\/wp\/v2\/posts\/950","targetHints":{"allow":["GET"]}}],"collection":[{"href":"https:\/\/bale.ch\/journal\/wp-json\/wp\/v2\/posts"}],"about":[{"href":"https:\/\/bale.ch\/journal\/wp-json\/wp\/v2\/types\/post"}],"author":[{"embeddable":true,"href":"https:\/\/bale.ch\/journal\/wp-json\/wp\/v2\/users\/2"}],"replies":[{"embeddable":true,"href":"https:\/\/bale.ch\/journal\/wp-json\/wp\/v2\/comments?post=950"}],"version-history":[{"count":6,"href":"https:\/\/bale.ch\/journal\/wp-json\/wp\/v2\/posts\/950\/revisions"}],"predecessor-version":[{"id":958,"href":"https:\/\/bale.ch\/journal\/wp-json\/wp\/v2\/posts\/950\/revisions\/958"}],"wp:featuredmedia":[{"embeddable":true,"href":"https:\/\/bale.ch\/journal\/wp-json\/wp\/v2\/media\/951"}],"wp:attachment":[{"href":"https:\/\/bale.ch\/journal\/wp-json\/wp\/v2\/media?parent=950"}],"wp:term":[{"taxonomy":"category","embeddable":true,"href":"https:\/\/bale.ch\/journal\/wp-json\/wp\/v2\/categories?post=950"},{"taxonomy":"post_tag","embeddable":true,"href":"https:\/\/bale.ch\/journal\/wp-json\/wp\/v2\/tags?post=950"}],"curies":[{"name":"wp","href":"https:\/\/api.w.org\/{rel}","templated":true}]}}