{"id":960,"date":"2018-06-29T11:13:07","date_gmt":"2018-06-29T11:13:07","guid":{"rendered":"http:\/\/bale.ch\/journal\/?p=960"},"modified":"2018-07-11T11:10:56","modified_gmt":"2018-07-11T11:10:56","slug":"eaux-vives-petition-architecture","status":"publish","type":"post","link":"https:\/\/bale.ch\/journal\/eaux-vives-petition-architecture\/","title":{"rendered":"Gen\u00e8ve: une p\u00e9tition pour sauver le dernier vestige du pass\u00e9 faubourien des Eaux-Vives"},"content":{"rendered":"<div class=\"type-break-word type-l description\">\n<div class=\"rte js-description-content\">\n<p><strong>A Gen\u00e8ve-Ville comme dans le Grand Gen\u00e8ve, les constructions nouvelles effacent \u00e0 un rythme effr\u00e9n\u00e9 de nombreuses traces de l&rsquo;histoire urbaine et rurale. Des associations d&rsquo;habitants se battent pour pr\u00e9server le patrimoine, comme c&rsquo;est le cas dans le quartier des Eaux-Vives.<\/strong><\/p>\n<p><!--more--><br \/>\n<img loading=\"lazy\" decoding=\"async\" class=\"alignnone size-full wp-image-1009\" src=\"https:\/\/bale.ch\/journal\/wp-content\/uploads\/2018\/06\/eaux-vives.jpg\" alt=\"\" width=\"1417\" height=\"567\" srcset=\"https:\/\/bale.ch\/journal\/wp-content\/uploads\/2018\/06\/eaux-vives.jpg 1417w, https:\/\/bale.ch\/journal\/wp-content\/uploads\/2018\/06\/eaux-vives-300x120.jpg 300w, https:\/\/bale.ch\/journal\/wp-content\/uploads\/2018\/06\/eaux-vives-768x307.jpg 768w, https:\/\/bale.ch\/journal\/wp-content\/uploads\/2018\/06\/eaux-vives-1024x410.jpg 1024w\" sizes=\"auto, (max-width: 1417px) 100vw, 1417px\" \/><\/p>\n<p>Les Eaux-Vives, ancienne commune ind\u00e9pendante rattach\u00e9e \u00e0 Gen\u00e8ve en 1930, a \u00e9t\u00e9 marqu\u00e9e par un d\u00e9veloppement immobilier fulgurant d\u00e8s la fin du XIXe si\u00e8cle. A c\u00f4t\u00e9 de grands b\u00e2timents publics tels que la Mairie, de l&rsquo;am\u00e9nagement des quais et de ses fronts d&rsquo;immeubles, de ses parcs, de ses avenues orn\u00e9es de b\u00e2timents art nouveau cohabitaient les petites maisons-ateliers d\u00e9volues \u00e0 une activit\u00e9 besogneuse et modeste, propre au d\u00e9veloppement spontan\u00e9 de la commune.<\/p>\n<p>Les b\u00e2timents des 4-6-8 rue de l&rsquo;Avenir, entre habitats et espaces artisanaux, sont le dernier t\u00e9moignage de ces activit\u00e9s et du mode de vie des habitants des Eaux-Vives \u00e0 cette \u00e9poque.<\/p><div id=\"crieu-2894336456\" class=\"crieu-content crieu-entity-placement\"><script async src=\"\/\/pagead2.googlesyndication.com\/pagead\/js\/adsbygoogle.js?client=ca-pub-5271584769416742\" crossorigin=\"anonymous\"><\/script><ins class=\"adsbygoogle\" style=\"display:block;\" data-ad-client=\"ca-pub-5271584769416742\" \ndata-ad-slot=\"9321250718\" \ndata-ad-format=\"auto\"><\/ins>\n<script> \n(adsbygoogle = window.adsbygoogle || []).push({}); \n<\/script>\n<\/div>\n<p><a href=\"https:\/\/www.change.org\/p\/aux-eaux-vives-sauvons-le-dernier-vestige-du-pass%C3%A9-faubourien-du-quartier\" target=\"_blank\" rel=\"noopener\">Une p\u00e9tition<\/a> contre la destruction de cet ensemble a \u00e9t\u00e9 lanc\u00e9e par le groupe\u00a0Contre l&rsquo;enlaidissement de Gen\u00e8ve. Elle sera remise aux commissions des p\u00e9titions du Grand Conseil et du Conseil municipal de la Ville de Gen\u00e8ve.<\/p>\n<p><img loading=\"lazy\" decoding=\"async\" class=\"alignnone size-full wp-image-961\" src=\"https:\/\/bale.ch\/journal\/wp-content\/uploads\/2018\/06\/eaux-vives_geneve.jpg\" alt=\"\" width=\"3224\" height=\"1300\" srcset=\"https:\/\/bale.ch\/journal\/wp-content\/uploads\/2018\/06\/eaux-vives_geneve.jpg 3224w, https:\/\/bale.ch\/journal\/wp-content\/uploads\/2018\/06\/eaux-vives_geneve-300x121.jpg 300w, https:\/\/bale.ch\/journal\/wp-content\/uploads\/2018\/06\/eaux-vives_geneve-768x310.jpg 768w, https:\/\/bale.ch\/journal\/wp-content\/uploads\/2018\/06\/eaux-vives_geneve-1024x413.jpg 1024w\" sizes=\"auto, (max-width: 3224px) 100vw, 3224px\" \/><\/p>\n<\/div>\n<\/div>\n<p>&nbsp;<\/p>\n<div id=\"crieu-3911012467\" class=\"crieu-apres-le-contenu crieu-entity-placement\" style=\"margin-left: auto;margin-right: auto;text-align: center;\"><script async src=\"\/\/pagead2.googlesyndication.com\/pagead\/js\/adsbygoogle.js?client=ca-pub-5271584769416742\" crossorigin=\"anonymous\"><\/script><ins class=\"adsbygoogle\" style=\"display:block;\" data-ad-client=\"ca-pub-5271584769416742\" \ndata-ad-slot=\"9321250718\" \ndata-ad-format=\"auto\"><\/ins>\n<script> \n(adsbygoogle = window.adsbygoogle || []).push({}); \n<\/script>\n<\/div>","protected":false},"excerpt":{"rendered":"<p>A Gen\u00e8ve-Ville comme dans le Grand Gen\u00e8ve, les constructions nouvelles effacent \u00e0 un rythme effr\u00e9n\u00e9 de nombreuses traces de l&rsquo;histoire urbaine et rurale. Des associations d&rsquo;habitants se battent pour pr\u00e9server <a href=\"https:\/\/bale.ch\/journal\/eaux-vives-petition-architecture\/\" class=\"read-more button-fancy -red\"><span class=\"btn-arrow\"><\/span><span class=\"twp-read-more text\">Continuer la lecture<\/span><\/a><\/p>\n","protected":false},"author":2,"featured_media":1009,"comment_status":"closed","ping_status":"closed","sticky":false,"template":"","format":"standard","meta":{"footnotes":""},"categories":[4],"tags":[79,5,89],"class_list":["post-960","post","type-post","status-publish","format-standard","has-post-thumbnail","hentry","category-grand-geneve","tag-architecture","tag-geneve-ville","tag-patrimoine"],"yoast_head":"<!-- This site is optimized with the Yoast SEO plugin v28.3 - https:\/\/yoast.com\/product\/yoast-seo-wordpress\/ -->\n<title>Gen\u00e8ve: une p\u00e9tition pour sauver le dernier vestige du pass\u00e9 faubourien des Eaux-Vives - Journal de B\u00e2le et Gen\u00e8ve<\/title>\n<meta name=\"robots\" content=\"index, follow, max-snippet:-1, max-image-preview:large, max-video-preview:-1\" \/>\n<link rel=\"canonical\" href=\"https:\/\/bale.ch\/journal\/eaux-vives-petition-architecture\/\" \/>\n<meta property=\"og:locale\" content=\"fr_FR\" \/>\n<meta property=\"og:type\" content=\"article\" \/>\n<meta property=\"og:title\" content=\"Gen\u00e8ve: une p\u00e9tition pour sauver le dernier vestige du pass\u00e9 faubourien des Eaux-Vives - Journal de B\u00e2le et Gen\u00e8ve\" \/>\n<meta property=\"og:description\" content=\"A Gen\u00e8ve-Ville comme dans le Grand Gen\u00e8ve, les constructions nouvelles effacent \u00e0 un rythme effr\u00e9n\u00e9 de nombreuses traces de l&rsquo;histoire urbaine et rurale. Des associations d&rsquo;habitants se battent pour pr\u00e9server Continuer la lecture\" \/>\n<meta property=\"og:url\" content=\"https:\/\/bale.ch\/journal\/eaux-vives-petition-architecture\/\" \/>\n<meta property=\"og:site_name\" content=\"Journal de B\u00e2le et Gen\u00e8ve\" \/>\n<meta property=\"article:published_time\" content=\"2018-06-29T11:13:07+00:00\" \/>\n<meta property=\"article:modified_time\" content=\"2018-07-11T11:10:56+00:00\" \/>\n<meta property=\"og:image\" content=\"https:\/\/bale.ch\/journal\/wp-content\/uploads\/2018\/06\/eaux-vives.jpg\" \/>\n\t<meta property=\"og:image:width\" content=\"1417\" \/>\n\t<meta property=\"og:image:height\" content=\"567\" \/>\n\t<meta property=\"og:image:type\" content=\"image\/jpeg\" \/>\n<meta name=\"author\" content=\"La R\u00e9daction\" \/>\n<meta name=\"twitter:card\" content=\"summary_large_image\" \/>\n<meta name=\"twitter:label1\" content=\"\u00c9crit par\" \/>\n\t<meta name=\"twitter:data1\" content=\"La R\u00e9daction\" \/>\n\t<meta name=\"twitter:label2\" content=\"Dur\u00e9e de lecture estim\u00e9e\" \/>\n\t<meta name=\"twitter:data2\" content=\"1 minute\" \/>\n<script type=\"application\/ld+json\" class=\"yoast-schema-graph\">{\"@context\":\"https:\\\/\\\/schema.org\",\"@graph\":[{\"@type\":\"Article\",\"@id\":\"https:\\\/\\\/bale.ch\\\/journal\\\/eaux-vives-petition-architecture\\\/#article\",\"isPartOf\":{\"@id\":\"https:\\\/\\\/bale.ch\\\/journal\\\/eaux-vives-petition-architecture\\\/\"},\"author\":{\"name\":\"La R\u00e9daction\",\"@id\":\"https:\\\/\\\/bale.ch\\\/journal\\\/#\\\/schema\\\/person\\\/03ced978db3b7a5274c5cef003f352f5\"},\"headline\":\"Gen\u00e8ve: une p\u00e9tition pour sauver le dernier vestige du pass\u00e9 faubourien des Eaux-Vives\",\"datePublished\":\"2018-06-29T11:13:07+00:00\",\"dateModified\":\"2018-07-11T11:10:56+00:00\",\"mainEntityOfPage\":{\"@id\":\"https:\\\/\\\/bale.ch\\\/journal\\\/eaux-vives-petition-architecture\\\/\"},\"wordCount\":226,\"publisher\":{\"@id\":\"https:\\\/\\\/bale.ch\\\/journal\\\/#organization\"},\"image\":{\"@id\":\"https:\\\/\\\/bale.ch\\\/journal\\\/eaux-vives-petition-architecture\\\/#primaryimage\"},\"thumbnailUrl\":\"https:\\\/\\\/bale.ch\\\/journal\\\/wp-content\\\/uploads\\\/2018\\\/06\\\/eaux-vives.jpg\",\"keywords\":[\"architecture\",\"Gen\u00e8ve Ville\",\"patrimoine\"],\"articleSection\":[\"Grand Gen\u00e8ve\"],\"inLanguage\":\"fr-FR\"},{\"@type\":\"WebPage\",\"@id\":\"https:\\\/\\\/bale.ch\\\/journal\\\/eaux-vives-petition-architecture\\\/\",\"url\":\"https:\\\/\\\/bale.ch\\\/journal\\\/eaux-vives-petition-architecture\\\/\",\"name\":\"Gen\u00e8ve: une p\u00e9tition pour sauver le dernier vestige du pass\u00e9 faubourien des Eaux-Vives - Journal de B\u00e2le et Gen\u00e8ve\",\"isPartOf\":{\"@id\":\"https:\\\/\\\/bale.ch\\\/journal\\\/#website\"},\"primaryImageOfPage\":{\"@id\":\"https:\\\/\\\/bale.ch\\\/journal\\\/eaux-vives-petition-architecture\\\/#primaryimage\"},\"image\":{\"@id\":\"https:\\\/\\\/bale.ch\\\/journal\\\/eaux-vives-petition-architecture\\\/#primaryimage\"},\"thumbnailUrl\":\"https:\\\/\\\/bale.ch\\\/journal\\\/wp-content\\\/uploads\\\/2018\\\/06\\\/eaux-vives.jpg\",\"datePublished\":\"2018-06-29T11:13:07+00:00\",\"dateModified\":\"2018-07-11T11:10:56+00:00\",\"breadcrumb\":{\"@id\":\"https:\\\/\\\/bale.ch\\\/journal\\\/eaux-vives-petition-architecture\\\/#breadcrumb\"},\"inLanguage\":\"fr-FR\",\"potentialAction\":[{\"@type\":\"ReadAction\",\"target\":[\"https:\\\/\\\/bale.ch\\\/journal\\\/eaux-vives-petition-architecture\\\/\"]}]},{\"@type\":\"ImageObject\",\"inLanguage\":\"fr-FR\",\"@id\":\"https:\\\/\\\/bale.ch\\\/journal\\\/eaux-vives-petition-architecture\\\/#primaryimage\",\"url\":\"https:\\\/\\\/bale.ch\\\/journal\\\/wp-content\\\/uploads\\\/2018\\\/06\\\/eaux-vives.jpg\",\"contentUrl\":\"https:\\\/\\\/bale.ch\\\/journal\\\/wp-content\\\/uploads\\\/2018\\\/06\\\/eaux-vives.jpg\",\"width\":1417,\"height\":567},{\"@type\":\"BreadcrumbList\",\"@id\":\"https:\\\/\\\/bale.ch\\\/journal\\\/eaux-vives-petition-architecture\\\/#breadcrumb\",\"itemListElement\":[{\"@type\":\"ListItem\",\"position\":1,\"name\":\"Accueil\",\"item\":\"https:\\\/\\\/bale.ch\\\/journal\\\/\"},{\"@type\":\"ListItem\",\"position\":2,\"name\":\"Gen\u00e8ve: une p\u00e9tition pour sauver le dernier vestige du pass\u00e9 faubourien des Eaux-Vives\"}]},{\"@type\":\"WebSite\",\"@id\":\"https:\\\/\\\/bale.ch\\\/journal\\\/#website\",\"url\":\"https:\\\/\\\/bale.ch\\\/journal\\\/\",\"name\":\"Journal de B\u00e2le et Gen\u00e8ve\",\"description\":\"M\u00e9dia transfrontalier d&#039;actualit\u00e9s - News\",\"publisher\":{\"@id\":\"https:\\\/\\\/bale.ch\\\/journal\\\/#organization\"},\"potentialAction\":[{\"@type\":\"SearchAction\",\"target\":{\"@type\":\"EntryPoint\",\"urlTemplate\":\"https:\\\/\\\/bale.ch\\\/journal\\\/?s={search_term_string}\"},\"query-input\":{\"@type\":\"PropertyValueSpecification\",\"valueRequired\":true,\"valueName\":\"search_term_string\"}}],\"inLanguage\":\"fr-FR\"},{\"@type\":\"Organization\",\"@id\":\"https:\\\/\\\/bale.ch\\\/journal\\\/#organization\",\"name\":\"Journal de B\u00e2le et Gen\u00e8ve\",\"url\":\"https:\\\/\\\/bale.ch\\\/journal\\\/\",\"logo\":{\"@type\":\"ImageObject\",\"inLanguage\":\"fr-FR\",\"@id\":\"https:\\\/\\\/bale.ch\\\/journal\\\/#\\\/schema\\\/logo\\\/image\\\/\",\"url\":\"https:\\\/\\\/bale.ch\\\/journal\\\/wp-content\\\/uploads\\\/2023\\\/07\\\/journaldebale_logo_2023_nb.png\",\"contentUrl\":\"https:\\\/\\\/bale.ch\\\/journal\\\/wp-content\\\/uploads\\\/2023\\\/07\\\/journaldebale_logo_2023_nb.png\",\"width\":371,\"height\":127,\"caption\":\"Journal de B\u00e2le et Gen\u00e8ve\"},\"image\":{\"@id\":\"https:\\\/\\\/bale.ch\\\/journal\\\/#\\\/schema\\\/logo\\\/image\\\/\"}},{\"@type\":\"Person\",\"@id\":\"https:\\\/\\\/bale.ch\\\/journal\\\/#\\\/schema\\\/person\\\/03ced978db3b7a5274c5cef003f352f5\",\"name\":\"La R\u00e9daction\",\"image\":{\"@type\":\"ImageObject\",\"inLanguage\":\"fr-FR\",\"@id\":\"https:\\\/\\\/secure.gravatar.com\\\/avatar\\\/d1327e2ce8d2b860112f968a3f34686c9bdda7a463a1502cdd1070ac9d88cf1e?s=96&d=mm&r=g\",\"url\":\"https:\\\/\\\/secure.gravatar.com\\\/avatar\\\/d1327e2ce8d2b860112f968a3f34686c9bdda7a463a1502cdd1070ac9d88cf1e?s=96&d=mm&r=g\",\"contentUrl\":\"https:\\\/\\\/secure.gravatar.com\\\/avatar\\\/d1327e2ce8d2b860112f968a3f34686c9bdda7a463a1502cdd1070ac9d88cf1e?s=96&d=mm&r=g\",\"caption\":\"La R\u00e9daction\"},\"url\":\"https:\\\/\\\/bale.ch\\\/journal\\\/author\\\/laredaction\\\/\"}]}<\/script>\n<!-- \/ Yoast SEO plugin. -->","yoast_head_json":{"title":"Gen\u00e8ve: une p\u00e9tition pour sauver le dernier vestige du pass\u00e9 faubourien des Eaux-Vives - Journal de B\u00e2le et Gen\u00e8ve","robots":{"index":"index","follow":"follow","max-snippet":"max-snippet:-1","max-image-preview":"max-image-preview:large","max-video-preview":"max-video-preview:-1"},"canonical":"https:\/\/bale.ch\/journal\/eaux-vives-petition-architecture\/","og_locale":"fr_FR","og_type":"article","og_title":"Gen\u00e8ve: une p\u00e9tition pour sauver le dernier vestige du pass\u00e9 faubourien des Eaux-Vives - Journal de B\u00e2le et Gen\u00e8ve","og_description":"A Gen\u00e8ve-Ville comme dans le Grand Gen\u00e8ve, les constructions nouvelles effacent \u00e0 un rythme effr\u00e9n\u00e9 de nombreuses traces de l&rsquo;histoire urbaine et rurale. Des associations d&rsquo;habitants se battent pour pr\u00e9server Continuer la lecture","og_url":"https:\/\/bale.ch\/journal\/eaux-vives-petition-architecture\/","og_site_name":"Journal de B\u00e2le et Gen\u00e8ve","article_published_time":"2018-06-29T11:13:07+00:00","article_modified_time":"2018-07-11T11:10:56+00:00","og_image":[{"width":1417,"height":567,"url":"https:\/\/bale.ch\/journal\/wp-content\/uploads\/2018\/06\/eaux-vives.jpg","type":"image\/jpeg"}],"author":"La R\u00e9daction","twitter_card":"summary_large_image","twitter_misc":{"\u00c9crit par":"La R\u00e9daction","Dur\u00e9e de lecture estim\u00e9e":"1 minute"},"schema":{"@context":"https:\/\/schema.org","@graph":[{"@type":"Article","@id":"https:\/\/bale.ch\/journal\/eaux-vives-petition-architecture\/#article","isPartOf":{"@id":"https:\/\/bale.ch\/journal\/eaux-vives-petition-architecture\/"},"author":{"name":"La R\u00e9daction","@id":"https:\/\/bale.ch\/journal\/#\/schema\/person\/03ced978db3b7a5274c5cef003f352f5"},"headline":"Gen\u00e8ve: une p\u00e9tition pour sauver le dernier vestige du pass\u00e9 faubourien des Eaux-Vives","datePublished":"2018-06-29T11:13:07+00:00","dateModified":"2018-07-11T11:10:56+00:00","mainEntityOfPage":{"@id":"https:\/\/bale.ch\/journal\/eaux-vives-petition-architecture\/"},"wordCount":226,"publisher":{"@id":"https:\/\/bale.ch\/journal\/#organization"},"image":{"@id":"https:\/\/bale.ch\/journal\/eaux-vives-petition-architecture\/#primaryimage"},"thumbnailUrl":"https:\/\/bale.ch\/journal\/wp-content\/uploads\/2018\/06\/eaux-vives.jpg","keywords":["architecture","Gen\u00e8ve Ville","patrimoine"],"articleSection":["Grand Gen\u00e8ve"],"inLanguage":"fr-FR"},{"@type":"WebPage","@id":"https:\/\/bale.ch\/journal\/eaux-vives-petition-architecture\/","url":"https:\/\/bale.ch\/journal\/eaux-vives-petition-architecture\/","name":"Gen\u00e8ve: une p\u00e9tition pour sauver le dernier vestige du pass\u00e9 faubourien des Eaux-Vives - Journal de B\u00e2le et Gen\u00e8ve","isPartOf":{"@id":"https:\/\/bale.ch\/journal\/#website"},"primaryImageOfPage":{"@id":"https:\/\/bale.ch\/journal\/eaux-vives-petition-architecture\/#primaryimage"},"image":{"@id":"https:\/\/bale.ch\/journal\/eaux-vives-petition-architecture\/#primaryimage"},"thumbnailUrl":"https:\/\/bale.ch\/journal\/wp-content\/uploads\/2018\/06\/eaux-vives.jpg","datePublished":"2018-06-29T11:13:07+00:00","dateModified":"2018-07-11T11:10:56+00:00","breadcrumb":{"@id":"https:\/\/bale.ch\/journal\/eaux-vives-petition-architecture\/#breadcrumb"},"inLanguage":"fr-FR","potentialAction":[{"@type":"ReadAction","target":["https:\/\/bale.ch\/journal\/eaux-vives-petition-architecture\/"]}]},{"@type":"ImageObject","inLanguage":"fr-FR","@id":"https:\/\/bale.ch\/journal\/eaux-vives-petition-architecture\/#primaryimage","url":"https:\/\/bale.ch\/journal\/wp-content\/uploads\/2018\/06\/eaux-vives.jpg","contentUrl":"https:\/\/bale.ch\/journal\/wp-content\/uploads\/2018\/06\/eaux-vives.jpg","width":1417,"height":567},{"@type":"BreadcrumbList","@id":"https:\/\/bale.ch\/journal\/eaux-vives-petition-architecture\/#breadcrumb","itemListElement":[{"@type":"ListItem","position":1,"name":"Accueil","item":"https:\/\/bale.ch\/journal\/"},{"@type":"ListItem","position":2,"name":"Gen\u00e8ve: une p\u00e9tition pour sauver le dernier vestige du pass\u00e9 faubourien des Eaux-Vives"}]},{"@type":"WebSite","@id":"https:\/\/bale.ch\/journal\/#website","url":"https:\/\/bale.ch\/journal\/","name":"Journal de B\u00e2le et Gen\u00e8ve","description":"M\u00e9dia transfrontalier d&#039;actualit\u00e9s - News","publisher":{"@id":"https:\/\/bale.ch\/journal\/#organization"},"potentialAction":[{"@type":"SearchAction","target":{"@type":"EntryPoint","urlTemplate":"https:\/\/bale.ch\/journal\/?s={search_term_string}"},"query-input":{"@type":"PropertyValueSpecification","valueRequired":true,"valueName":"search_term_string"}}],"inLanguage":"fr-FR"},{"@type":"Organization","@id":"https:\/\/bale.ch\/journal\/#organization","name":"Journal de B\u00e2le et Gen\u00e8ve","url":"https:\/\/bale.ch\/journal\/","logo":{"@type":"ImageObject","inLanguage":"fr-FR","@id":"https:\/\/bale.ch\/journal\/#\/schema\/logo\/image\/","url":"https:\/\/bale.ch\/journal\/wp-content\/uploads\/2023\/07\/journaldebale_logo_2023_nb.png","contentUrl":"https:\/\/bale.ch\/journal\/wp-content\/uploads\/2023\/07\/journaldebale_logo_2023_nb.png","width":371,"height":127,"caption":"Journal de B\u00e2le et Gen\u00e8ve"},"image":{"@id":"https:\/\/bale.ch\/journal\/#\/schema\/logo\/image\/"}},{"@type":"Person","@id":"https:\/\/bale.ch\/journal\/#\/schema\/person\/03ced978db3b7a5274c5cef003f352f5","name":"La R\u00e9daction","image":{"@type":"ImageObject","inLanguage":"fr-FR","@id":"https:\/\/secure.gravatar.com\/avatar\/d1327e2ce8d2b860112f968a3f34686c9bdda7a463a1502cdd1070ac9d88cf1e?s=96&d=mm&r=g","url":"https:\/\/secure.gravatar.com\/avatar\/d1327e2ce8d2b860112f968a3f34686c9bdda7a463a1502cdd1070ac9d88cf1e?s=96&d=mm&r=g","contentUrl":"https:\/\/secure.gravatar.com\/avatar\/d1327e2ce8d2b860112f968a3f34686c9bdda7a463a1502cdd1070ac9d88cf1e?s=96&d=mm&r=g","caption":"La R\u00e9daction"},"url":"https:\/\/bale.ch\/journal\/author\/laredaction\/"}]}},"_links":{"self":[{"href":"https:\/\/bale.ch\/journal\/wp-json\/wp\/v2\/posts\/960","targetHints":{"allow":["GET"]}}],"collection":[{"href":"https:\/\/bale.ch\/journal\/wp-json\/wp\/v2\/posts"}],"about":[{"href":"https:\/\/bale.ch\/journal\/wp-json\/wp\/v2\/types\/post"}],"author":[{"embeddable":true,"href":"https:\/\/bale.ch\/journal\/wp-json\/wp\/v2\/users\/2"}],"replies":[{"embeddable":true,"href":"https:\/\/bale.ch\/journal\/wp-json\/wp\/v2\/comments?post=960"}],"version-history":[{"count":4,"href":"https:\/\/bale.ch\/journal\/wp-json\/wp\/v2\/posts\/960\/revisions"}],"predecessor-version":[{"id":1012,"href":"https:\/\/bale.ch\/journal\/wp-json\/wp\/v2\/posts\/960\/revisions\/1012"}],"wp:featuredmedia":[{"embeddable":true,"href":"https:\/\/bale.ch\/journal\/wp-json\/wp\/v2\/media\/1009"}],"wp:attachment":[{"href":"https:\/\/bale.ch\/journal\/wp-json\/wp\/v2\/media?parent=960"}],"wp:term":[{"taxonomy":"category","embeddable":true,"href":"https:\/\/bale.ch\/journal\/wp-json\/wp\/v2\/categories?post=960"},{"taxonomy":"post_tag","embeddable":true,"href":"https:\/\/bale.ch\/journal\/wp-json\/wp\/v2\/tags?post=960"}],"curies":[{"name":"wp","href":"https:\/\/api.w.org\/{rel}","templated":true}]}}