{"id":965,"date":"2018-07-02T14:12:45","date_gmt":"2018-07-02T14:12:45","guid":{"rendered":"http:\/\/bale.ch\/journal\/?p=965"},"modified":"2018-09-22T16:43:22","modified_gmt":"2018-09-22T16:43:22","slug":"enquete-grand-geneve-2018","status":"publish","type":"post","link":"https:\/\/bale.ch\/journal\/enquete-grand-geneve-2018\/","title":{"rendered":"Enqu\u00eate sur le Grand Gen\u00e8ve, sa population et son d\u00e9sir de vivre ensemble"},"content":{"rendered":"<div>\n<p><strong>Appr\u00e9cier la qualit\u00e9 de vie et la volont\u00e9 de vivre ensemble dans le Grand Gen\u00e8ve: tels sont les objectifs de l\u2019\u00e9tude r\u00e9alis\u00e9e par une \u00e9quipe pluridisciplinaire r\u00e9unissant les six \u00e9coles de la HES-SO Gen\u00e8ve, emmen\u00e9e par le professeur HES Andrea Baranzini. <\/strong><strong>L\u2019\u00e9tude conclut \u00e0 l\u2019utilit\u00e9 du Grand Gen\u00e8ve (6,9 points sur 10) et montre les progr\u00e8s qui restent \u00e0 faire en termes de sentiment d\u2019appartenance (5,4 sur 10) et surtout de coh\u00e9rence dans le d\u00e9veloppement du projet (4,8 sur 10). Elle r\u00e9v\u00e8le aussi les diff\u00e9rences de <\/strong><strong>perception d\u2019une r\u00e9gion \u00e0 l\u2019autre.<\/strong><\/p>\n<\/div>\n<p><!--more--><\/p>\n<div><\/div>\n<div>\n<p>Le sentiment d\u2019appartenance au Grand Gen\u00e8ve diff\u00e8re selon les r\u00e9gions. Il se manifeste le plus fortement en Haute-Savoie (note de 6 sur 10), pour d\u00e9cliner dans le canton de Gen\u00e8ve (5,8) et l\u2019Ain (5,4), avant de chuter drastiquement dans le district de Nyon (4,3). L\u2019\u00e2ge, le sexe ou le niveau de formation n\u2019ont pas d\u2019impact significatif sur les r\u00e9ponses, contrairement \u00e0 la situation financi\u00e8re: la corr\u00e9lation entre moyens \u00e9conomiques et sentiment d\u2019appartenance est tr\u00e8s forte.<\/p>\n<\/div>\n<div>\n<p>La mobilit\u00e9 en question Interrog\u00e9s sur l\u2019utilit\u00e9 du Grand Gen\u00e8ve, les sond\u00e9s ont donn\u00e9 une note moyenne de 6,9. L\u00e0 aussi, les r\u00e9sultats diff\u00e8rent selon la r\u00e9gion, le projet \u00e9tant globalement mieux not\u00e9 en France qu\u2019en Suisse. 33% des Savoyards consid\u00e8rent son utilit\u00e9 \u00e9lev\u00e9e, alors qu\u2019ils ne sont que 17% dans le district de Nyon.<\/p><div id=\"crieu-940815197\" class=\"crieu-content crieu-entity-placement\"><script async src=\"\/\/pagead2.googlesyndication.com\/pagead\/js\/adsbygoogle.js?client=ca-pub-5271584769416742\" crossorigin=\"anonymous\"><\/script><ins class=\"adsbygoogle\" style=\"display:block;\" data-ad-client=\"ca-pub-5271584769416742\" \ndata-ad-slot=\"9321250718\" \ndata-ad-format=\"auto\"><\/ins>\n<script> \n(adsbygoogle = window.adsbygoogle || []).push({}); \n<\/script>\n<\/div>\n<\/div>\n<div>\n<p>Les deux domaines qui suscitent le plus d\u2019attentes sont la vie culturelle et la mobilit\u00e9. Parmi six indicateurs mesurant la satisfaction g\u00e9n\u00e9rale, c\u2019est temps de trajet jusqu\u2019au travail qui est le moins bien not\u00e9 (7,4). Les plus m\u00e9contents sont les Savoyards, nombreux \u00e0 venir travailler \u00e0 Gen\u00e8ve.<\/p>\n<\/div>\n<div>Les conditions de logement sont partout jug\u00e9es bonnes, avec une note moyenne plut\u00f4t \u00e9lev\u00e9e de 8,4. Plus de la moiti\u00e9 des habitants sont tr\u00e8s satisfaits de leurs logements. Ce chiffre culmine \u00e0 62% dans le district de Nyon. \u00abLa qualit\u00e9 de l\u2019habitat est en g\u00e9n\u00e9ral bonne mais les<\/div>\n<div>\n<p>propri\u00e9taires sont plus satisfaits que les locataires, explique Andrea Baranzini. Il faut sans doute chercher les m\u00e9contents du c\u00f4t\u00e9 de ceux qui cherchent \u00e0 se loger.\u00bb Les Genevois sont les moins satisfaits de la s\u00e9curit\u00e9. M\u00eame s\u2019il faut relativiser puisque 40% des sond\u00e9s per\u00e7oivent un niveau \u00e9lev\u00e9 de s\u00e9curit\u00e9.<\/p>\n<\/div>\n<div>A la question: \u00abEn g\u00e9n\u00e9ral, \u00eates-vous satisfait de la vie que vous menez?\u00bb les personnes sond\u00e9es ont donn\u00e9 une note moyenne de 7,9. Un niveau \u00abrelativement \u00e9lev\u00e9\u00bb, selon Andrea Baranzini et Caroline Schaerer, les auteurs de l\u2019\u00e9tude. Les quatre r\u00e9gions affichent \u00e0 peu pr\u00e8s<\/div>\n<div>\n<p>le m\u00eame niveau de satisfaction. A relever que les deux r\u00e9gions fran\u00e7aises semblent b\u00e9n\u00e9ficier de leur voisinage avec la Suisse. Les notes de l\u2019Ain et de la Haute-Savoie sont sup\u00e9rieures \u00e0 celle de la France dans son ensemble, relev\u00e9es par d\u2019autres \u00e9tudes men\u00e9es \u00e0 l\u2019\u00e9chelle europ\u00e9enne.<\/p>\n<figure id=\"attachment_974\" aria-describedby=\"caption-attachment-974\" style=\"width: 1197px\" class=\"wp-caption alignnone\"><img loading=\"lazy\" decoding=\"async\" class=\"size-full wp-image-974\" src=\"https:\/\/bale.ch\/journal\/wp-content\/uploads\/2018\/07\/Grand_geneve.png\" alt=\"\" width=\"1197\" height=\"472\" srcset=\"https:\/\/bale.ch\/journal\/wp-content\/uploads\/2018\/07\/Grand_geneve.png 1197w, https:\/\/bale.ch\/journal\/wp-content\/uploads\/2018\/07\/Grand_geneve-300x118.png 300w, https:\/\/bale.ch\/journal\/wp-content\/uploads\/2018\/07\/Grand_geneve-768x303.png 768w, https:\/\/bale.ch\/journal\/wp-content\/uploads\/2018\/07\/Grand_geneve-1024x404.png 1024w\" sizes=\"auto, (max-width: 1197px) 100vw, 1197px\" \/><figcaption id=\"caption-attachment-974\" class=\"wp-caption-text\">Le Grand Gen\u00e8ve.<\/figcaption><\/figure>\n<p>&nbsp;<\/p>\n<\/div>\n<div><strong>Travail et scolarit\u00e9<\/strong><\/div>\n<div>\n<p>La fronti\u00e8re qui entoure le canton enregistre chaque jour 550 000 passages, dans un sens ou dans l\u2019autre. Premi\u00e8re motivation, le travail. En Haute-Savoie et dans l\u2019Ain, 38% des adultes actifs travaillent ou \u00e9tudient \u00e0 Gen\u00e8ve. Le district de Nyon est lui aussi tr\u00e8s tourn\u00e9 vers le canton de Gen\u00e8ve, car 33% des adultes y travaillent. Ph\u00e9nom\u00e8ne souvent oubli\u00e9, les enfants franchissent aussi les fronti\u00e8res pour se rendre \u00e0 l\u2019\u00e9cole. Dans l\u2019Ain, 6,3% des enfants de moins de 18 ans sont scolaris\u00e9s dans le canton de Gen\u00e8ve; en Haute-Savoie, ils sont 4,7%. Le chiffre culmine dans le district de Nyon avec 11,5%.<\/p>\n<\/div>\n<div><strong>Les achats sont la deuxi\u00e8me cause des mouvements transfrontaliers.<\/strong><\/div>\n<div>A Gen\u00e8ve, 21% des sond\u00e9s font leurs courses en France une fois par semaine, et encore 34% une fois par mois. Surprise, les habitants de France voisine sont aussi des habitu\u00e9s des achats transfrontaliers.<\/div>\n<div>Dans l\u2019Ain, 19% une fois par semaine et 26% une fois par mois. En Haute-Savoie, 24% et 19%. A Nyon, 13% et 21%.<\/div>\n<div>\n<p>En mati\u00e8re culturelle, environ 15% des personnes interrog\u00e9es dans le Grand Gen\u00e8ve fran\u00e7ais vient en Suisse une fois par mois voir un spectacle, un film ou un concert. 13% des Genevois font le chemin inverse.<\/p>\n<\/div>\n<div><strong>Faut-il aller plus loin dans l\u2019int\u00e9gration du Grand Gen\u00e8ve?<\/strong><\/div>\n<div>Le sondage mesure aussi la volont\u00e9 des habitants de converger vers un territoire plus int\u00e9gr\u00e9 institutionnellement ou administrativement. Les questions ont port\u00e9 sur la cr\u00e9ation d\u2019institutions communes, la participation financi\u00e8re \u00e0 des infrastructures communes, la disparition des fronti\u00e8res administratives \u00e0 l\u2019int\u00e9rieur du Grand Gen\u00e8ve, ou encore la coordination des politiques publiques. C\u2019est ce dernier point qui est pl\u00e9biscit\u00e9 dans l\u2019ensemble du Grand Gen\u00e8ve. De mani\u00e8re g\u00e9n\u00e9rale, les r\u00e9gions fran\u00e7aises sont plus favorables que les suisses \u00e0 une plus grande int\u00e9gration. Dans l\u2019Ain et la Haute Savoie, plus de 30% des son<\/div>\n<div>\n<p>d\u00e9s sont tr\u00e8s favorables \u00e0 la suppression des fronti\u00e8res. A l\u2019inverse, plus de 25% des personnes r\u00e9sidant en Suisse ne veulent surtout pas y toucher.<\/p>\n<\/div>\n<div>\n<p>La HES-SO Gen\u00e8ve souhaite reconduire cette \u00e9tude tous les deux ans. \u00abCela nous permettra d\u2019avoir des points de comparaison et d\u2019observer des \u00e9volutionsdans le temps, par exemple sur le sentiment d\u2019appartenance\u00bb, explique Andrea Baranzini, professeur d\u2019\u00e9conomie politique \u00e0 la Haute Ecole de gestion, qui a dirig\u00e9 l\u2019enqu\u00eate.<\/p>\n<\/div>\n<div>L\u2019\u00e9tude se base sur les donn\u00e9es r\u00e9colt\u00e9es par sondage t\u00e9l\u00e9phonique, du 11 janvier au 13 f\u00e9vrier 2016 par la soci\u00e9t\u00e9 Demoscope aupr\u00e8s d\u2019un \u00e9chantillon de 1303 personnes adultes, r\u00e9sidant dans les communes suisses et fran\u00e7aises du Grand Gen\u00e8ve. La marge d\u2019erreur maximale est de 2,7%.<\/div>\n<div><\/div>\n<div>\u00abGrand Gen\u00e8ve: sa population et son d\u00e9sir de vivre ensemble\u00bb, d\u2019Andrea Baranzini et Caroline<\/div>\n<div>Schaerer. L\u2019\u00e9tude compl\u00e8te peut \u00eatre consult\u00e9e sur <a href=\"http:\/\/hesso.tind.io\/record\/1599\" target=\"_blank\" rel=\"noopener\">http:\/\/hesso.tind.io\/record\/1599<\/a><\/div>\n<div id=\"crieu-3885247736\" class=\"crieu-apres-le-contenu crieu-entity-placement\" style=\"margin-left: auto;margin-right: auto;text-align: center;\"><script async src=\"\/\/pagead2.googlesyndication.com\/pagead\/js\/adsbygoogle.js?client=ca-pub-5271584769416742\" crossorigin=\"anonymous\"><\/script><ins class=\"adsbygoogle\" style=\"display:block;\" data-ad-client=\"ca-pub-5271584769416742\" \ndata-ad-slot=\"9321250718\" \ndata-ad-format=\"auto\"><\/ins>\n<script> \n(adsbygoogle = window.adsbygoogle || []).push({}); \n<\/script>\n<\/div>","protected":false},"excerpt":{"rendered":"<p>Appr\u00e9cier la qualit\u00e9 de vie et la volont\u00e9 de vivre ensemble dans le Grand Gen\u00e8ve: tels sont les objectifs de l\u2019\u00e9tude r\u00e9alis\u00e9e par une \u00e9quipe pluridisciplinaire r\u00e9unissant les six \u00e9coles <a href=\"https:\/\/bale.ch\/journal\/enquete-grand-geneve-2018\/\" class=\"read-more button-fancy -red\"><span class=\"btn-arrow\"><\/span><span class=\"twp-read-more text\">Continuer la lecture<\/span><\/a><\/p>\n","protected":false},"author":2,"featured_media":966,"comment_status":"closed","ping_status":"closed","sticky":false,"template":"","format":"standard","meta":{"footnotes":""},"categories":[4],"tags":[59,90],"class_list":["post-965","post","type-post","status-publish","format-standard","has-post-thumbnail","hentry","category-grand-geneve","tag-grand-geneve","tag-statistiques"],"yoast_head":"<!-- This site is optimized with the Yoast SEO plugin v28.3 - https:\/\/yoast.com\/product\/yoast-seo-wordpress\/ -->\n<title>Enqu\u00eate sur le Grand Gen\u00e8ve, sa population et son d\u00e9sir de vivre ensemble - Journal de B\u00e2le et Gen\u00e8ve<\/title>\n<meta name=\"robots\" content=\"index, follow, max-snippet:-1, max-image-preview:large, max-video-preview:-1\" \/>\n<link rel=\"canonical\" href=\"https:\/\/bale.ch\/journal\/enquete-grand-geneve-2018\/\" \/>\n<meta property=\"og:locale\" content=\"fr_FR\" \/>\n<meta property=\"og:type\" content=\"article\" \/>\n<meta property=\"og:title\" content=\"Enqu\u00eate sur le Grand Gen\u00e8ve, sa population et son d\u00e9sir de vivre ensemble - Journal de B\u00e2le et Gen\u00e8ve\" \/>\n<meta property=\"og:description\" content=\"Appr\u00e9cier la qualit\u00e9 de vie et la volont\u00e9 de vivre ensemble dans le Grand Gen\u00e8ve: tels sont les objectifs de l\u2019\u00e9tude r\u00e9alis\u00e9e par une \u00e9quipe pluridisciplinaire r\u00e9unissant les six \u00e9coles Continuer la lecture\" \/>\n<meta property=\"og:url\" content=\"https:\/\/bale.ch\/journal\/enquete-grand-geneve-2018\/\" \/>\n<meta property=\"og:site_name\" content=\"Journal de B\u00e2le et Gen\u00e8ve\" \/>\n<meta property=\"article:published_time\" content=\"2018-07-02T14:12:45+00:00\" \/>\n<meta property=\"article:modified_time\" content=\"2018-09-22T16:43:22+00:00\" \/>\n<meta property=\"og:image\" content=\"https:\/\/bale.ch\/journal\/wp-content\/uploads\/2018\/07\/Grand_geneve.jpg\" \/>\n\t<meta property=\"og:image:width\" content=\"1181\" \/>\n\t<meta property=\"og:image:height\" content=\"787\" \/>\n\t<meta property=\"og:image:type\" content=\"image\/jpeg\" \/>\n<meta name=\"author\" content=\"La R\u00e9daction\" \/>\n<meta name=\"twitter:card\" content=\"summary_large_image\" \/>\n<meta name=\"twitter:label1\" content=\"\u00c9crit par\" \/>\n\t<meta name=\"twitter:data1\" content=\"La R\u00e9daction\" \/>\n\t<meta name=\"twitter:label2\" content=\"Dur\u00e9e de lecture estim\u00e9e\" \/>\n\t<meta name=\"twitter:data2\" content=\"5 minutes\" \/>\n<script type=\"application\/ld+json\" class=\"yoast-schema-graph\">{\"@context\":\"https:\\\/\\\/schema.org\",\"@graph\":[{\"@type\":\"Article\",\"@id\":\"https:\\\/\\\/bale.ch\\\/journal\\\/enquete-grand-geneve-2018\\\/#article\",\"isPartOf\":{\"@id\":\"https:\\\/\\\/bale.ch\\\/journal\\\/enquete-grand-geneve-2018\\\/\"},\"author\":{\"name\":\"La R\u00e9daction\",\"@id\":\"https:\\\/\\\/bale.ch\\\/journal\\\/#\\\/schema\\\/person\\\/03ced978db3b7a5274c5cef003f352f5\"},\"headline\":\"Enqu\u00eate sur le Grand Gen\u00e8ve, sa population et son d\u00e9sir de vivre ensemble\",\"datePublished\":\"2018-07-02T14:12:45+00:00\",\"dateModified\":\"2018-09-22T16:43:22+00:00\",\"mainEntityOfPage\":{\"@id\":\"https:\\\/\\\/bale.ch\\\/journal\\\/enquete-grand-geneve-2018\\\/\"},\"wordCount\":1035,\"publisher\":{\"@id\":\"https:\\\/\\\/bale.ch\\\/journal\\\/#organization\"},\"image\":{\"@id\":\"https:\\\/\\\/bale.ch\\\/journal\\\/enquete-grand-geneve-2018\\\/#primaryimage\"},\"thumbnailUrl\":\"https:\\\/\\\/bale.ch\\\/journal\\\/wp-content\\\/uploads\\\/2018\\\/07\\\/Grand_geneve.jpg\",\"keywords\":[\"Grand Gen\u00e8ve\",\"Statistiques\"],\"articleSection\":[\"Grand Gen\u00e8ve\"],\"inLanguage\":\"fr-FR\"},{\"@type\":\"WebPage\",\"@id\":\"https:\\\/\\\/bale.ch\\\/journal\\\/enquete-grand-geneve-2018\\\/\",\"url\":\"https:\\\/\\\/bale.ch\\\/journal\\\/enquete-grand-geneve-2018\\\/\",\"name\":\"Enqu\u00eate sur le Grand Gen\u00e8ve, sa population et son d\u00e9sir de vivre ensemble - Journal de B\u00e2le et Gen\u00e8ve\",\"isPartOf\":{\"@id\":\"https:\\\/\\\/bale.ch\\\/journal\\\/#website\"},\"primaryImageOfPage\":{\"@id\":\"https:\\\/\\\/bale.ch\\\/journal\\\/enquete-grand-geneve-2018\\\/#primaryimage\"},\"image\":{\"@id\":\"https:\\\/\\\/bale.ch\\\/journal\\\/enquete-grand-geneve-2018\\\/#primaryimage\"},\"thumbnailUrl\":\"https:\\\/\\\/bale.ch\\\/journal\\\/wp-content\\\/uploads\\\/2018\\\/07\\\/Grand_geneve.jpg\",\"datePublished\":\"2018-07-02T14:12:45+00:00\",\"dateModified\":\"2018-09-22T16:43:22+00:00\",\"breadcrumb\":{\"@id\":\"https:\\\/\\\/bale.ch\\\/journal\\\/enquete-grand-geneve-2018\\\/#breadcrumb\"},\"inLanguage\":\"fr-FR\",\"potentialAction\":[{\"@type\":\"ReadAction\",\"target\":[\"https:\\\/\\\/bale.ch\\\/journal\\\/enquete-grand-geneve-2018\\\/\"]}]},{\"@type\":\"ImageObject\",\"inLanguage\":\"fr-FR\",\"@id\":\"https:\\\/\\\/bale.ch\\\/journal\\\/enquete-grand-geneve-2018\\\/#primaryimage\",\"url\":\"https:\\\/\\\/bale.ch\\\/journal\\\/wp-content\\\/uploads\\\/2018\\\/07\\\/Grand_geneve.jpg\",\"contentUrl\":\"https:\\\/\\\/bale.ch\\\/journal\\\/wp-content\\\/uploads\\\/2018\\\/07\\\/Grand_geneve.jpg\",\"width\":1181,\"height\":787},{\"@type\":\"BreadcrumbList\",\"@id\":\"https:\\\/\\\/bale.ch\\\/journal\\\/enquete-grand-geneve-2018\\\/#breadcrumb\",\"itemListElement\":[{\"@type\":\"ListItem\",\"position\":1,\"name\":\"Accueil\",\"item\":\"https:\\\/\\\/bale.ch\\\/journal\\\/\"},{\"@type\":\"ListItem\",\"position\":2,\"name\":\"Enqu\u00eate sur le Grand Gen\u00e8ve, sa population et son d\u00e9sir de vivre ensemble\"}]},{\"@type\":\"WebSite\",\"@id\":\"https:\\\/\\\/bale.ch\\\/journal\\\/#website\",\"url\":\"https:\\\/\\\/bale.ch\\\/journal\\\/\",\"name\":\"Journal de B\u00e2le et Gen\u00e8ve\",\"description\":\"M\u00e9dia transfrontalier d&#039;actualit\u00e9s - News\",\"publisher\":{\"@id\":\"https:\\\/\\\/bale.ch\\\/journal\\\/#organization\"},\"potentialAction\":[{\"@type\":\"SearchAction\",\"target\":{\"@type\":\"EntryPoint\",\"urlTemplate\":\"https:\\\/\\\/bale.ch\\\/journal\\\/?s={search_term_string}\"},\"query-input\":{\"@type\":\"PropertyValueSpecification\",\"valueRequired\":true,\"valueName\":\"search_term_string\"}}],\"inLanguage\":\"fr-FR\"},{\"@type\":\"Organization\",\"@id\":\"https:\\\/\\\/bale.ch\\\/journal\\\/#organization\",\"name\":\"Journal de B\u00e2le et Gen\u00e8ve\",\"url\":\"https:\\\/\\\/bale.ch\\\/journal\\\/\",\"logo\":{\"@type\":\"ImageObject\",\"inLanguage\":\"fr-FR\",\"@id\":\"https:\\\/\\\/bale.ch\\\/journal\\\/#\\\/schema\\\/logo\\\/image\\\/\",\"url\":\"https:\\\/\\\/bale.ch\\\/journal\\\/wp-content\\\/uploads\\\/2023\\\/07\\\/journaldebale_logo_2023_nb.png\",\"contentUrl\":\"https:\\\/\\\/bale.ch\\\/journal\\\/wp-content\\\/uploads\\\/2023\\\/07\\\/journaldebale_logo_2023_nb.png\",\"width\":371,\"height\":127,\"caption\":\"Journal de B\u00e2le et Gen\u00e8ve\"},\"image\":{\"@id\":\"https:\\\/\\\/bale.ch\\\/journal\\\/#\\\/schema\\\/logo\\\/image\\\/\"}},{\"@type\":\"Person\",\"@id\":\"https:\\\/\\\/bale.ch\\\/journal\\\/#\\\/schema\\\/person\\\/03ced978db3b7a5274c5cef003f352f5\",\"name\":\"La R\u00e9daction\",\"image\":{\"@type\":\"ImageObject\",\"inLanguage\":\"fr-FR\",\"@id\":\"https:\\\/\\\/secure.gravatar.com\\\/avatar\\\/d1327e2ce8d2b860112f968a3f34686c9bdda7a463a1502cdd1070ac9d88cf1e?s=96&d=mm&r=g\",\"url\":\"https:\\\/\\\/secure.gravatar.com\\\/avatar\\\/d1327e2ce8d2b860112f968a3f34686c9bdda7a463a1502cdd1070ac9d88cf1e?s=96&d=mm&r=g\",\"contentUrl\":\"https:\\\/\\\/secure.gravatar.com\\\/avatar\\\/d1327e2ce8d2b860112f968a3f34686c9bdda7a463a1502cdd1070ac9d88cf1e?s=96&d=mm&r=g\",\"caption\":\"La R\u00e9daction\"},\"url\":\"https:\\\/\\\/bale.ch\\\/journal\\\/author\\\/laredaction\\\/\"}]}<\/script>\n<!-- \/ Yoast SEO plugin. -->","yoast_head_json":{"title":"Enqu\u00eate sur le Grand Gen\u00e8ve, sa population et son d\u00e9sir de vivre ensemble - Journal de B\u00e2le et Gen\u00e8ve","robots":{"index":"index","follow":"follow","max-snippet":"max-snippet:-1","max-image-preview":"max-image-preview:large","max-video-preview":"max-video-preview:-1"},"canonical":"https:\/\/bale.ch\/journal\/enquete-grand-geneve-2018\/","og_locale":"fr_FR","og_type":"article","og_title":"Enqu\u00eate sur le Grand Gen\u00e8ve, sa population et son d\u00e9sir de vivre ensemble - Journal de B\u00e2le et Gen\u00e8ve","og_description":"Appr\u00e9cier la qualit\u00e9 de vie et la volont\u00e9 de vivre ensemble dans le Grand Gen\u00e8ve: tels sont les objectifs de l\u2019\u00e9tude r\u00e9alis\u00e9e par une \u00e9quipe pluridisciplinaire r\u00e9unissant les six \u00e9coles Continuer la lecture","og_url":"https:\/\/bale.ch\/journal\/enquete-grand-geneve-2018\/","og_site_name":"Journal de B\u00e2le et Gen\u00e8ve","article_published_time":"2018-07-02T14:12:45+00:00","article_modified_time":"2018-09-22T16:43:22+00:00","og_image":[{"width":1181,"height":787,"url":"https:\/\/bale.ch\/journal\/wp-content\/uploads\/2018\/07\/Grand_geneve.jpg","type":"image\/jpeg"}],"author":"La R\u00e9daction","twitter_card":"summary_large_image","twitter_misc":{"\u00c9crit par":"La R\u00e9daction","Dur\u00e9e de lecture estim\u00e9e":"5 minutes"},"schema":{"@context":"https:\/\/schema.org","@graph":[{"@type":"Article","@id":"https:\/\/bale.ch\/journal\/enquete-grand-geneve-2018\/#article","isPartOf":{"@id":"https:\/\/bale.ch\/journal\/enquete-grand-geneve-2018\/"},"author":{"name":"La R\u00e9daction","@id":"https:\/\/bale.ch\/journal\/#\/schema\/person\/03ced978db3b7a5274c5cef003f352f5"},"headline":"Enqu\u00eate sur le Grand Gen\u00e8ve, sa population et son d\u00e9sir de vivre ensemble","datePublished":"2018-07-02T14:12:45+00:00","dateModified":"2018-09-22T16:43:22+00:00","mainEntityOfPage":{"@id":"https:\/\/bale.ch\/journal\/enquete-grand-geneve-2018\/"},"wordCount":1035,"publisher":{"@id":"https:\/\/bale.ch\/journal\/#organization"},"image":{"@id":"https:\/\/bale.ch\/journal\/enquete-grand-geneve-2018\/#primaryimage"},"thumbnailUrl":"https:\/\/bale.ch\/journal\/wp-content\/uploads\/2018\/07\/Grand_geneve.jpg","keywords":["Grand Gen\u00e8ve","Statistiques"],"articleSection":["Grand Gen\u00e8ve"],"inLanguage":"fr-FR"},{"@type":"WebPage","@id":"https:\/\/bale.ch\/journal\/enquete-grand-geneve-2018\/","url":"https:\/\/bale.ch\/journal\/enquete-grand-geneve-2018\/","name":"Enqu\u00eate sur le Grand Gen\u00e8ve, sa population et son d\u00e9sir de vivre ensemble - Journal de B\u00e2le et Gen\u00e8ve","isPartOf":{"@id":"https:\/\/bale.ch\/journal\/#website"},"primaryImageOfPage":{"@id":"https:\/\/bale.ch\/journal\/enquete-grand-geneve-2018\/#primaryimage"},"image":{"@id":"https:\/\/bale.ch\/journal\/enquete-grand-geneve-2018\/#primaryimage"},"thumbnailUrl":"https:\/\/bale.ch\/journal\/wp-content\/uploads\/2018\/07\/Grand_geneve.jpg","datePublished":"2018-07-02T14:12:45+00:00","dateModified":"2018-09-22T16:43:22+00:00","breadcrumb":{"@id":"https:\/\/bale.ch\/journal\/enquete-grand-geneve-2018\/#breadcrumb"},"inLanguage":"fr-FR","potentialAction":[{"@type":"ReadAction","target":["https:\/\/bale.ch\/journal\/enquete-grand-geneve-2018\/"]}]},{"@type":"ImageObject","inLanguage":"fr-FR","@id":"https:\/\/bale.ch\/journal\/enquete-grand-geneve-2018\/#primaryimage","url":"https:\/\/bale.ch\/journal\/wp-content\/uploads\/2018\/07\/Grand_geneve.jpg","contentUrl":"https:\/\/bale.ch\/journal\/wp-content\/uploads\/2018\/07\/Grand_geneve.jpg","width":1181,"height":787},{"@type":"BreadcrumbList","@id":"https:\/\/bale.ch\/journal\/enquete-grand-geneve-2018\/#breadcrumb","itemListElement":[{"@type":"ListItem","position":1,"name":"Accueil","item":"https:\/\/bale.ch\/journal\/"},{"@type":"ListItem","position":2,"name":"Enqu\u00eate sur le Grand Gen\u00e8ve, sa population et son d\u00e9sir de vivre ensemble"}]},{"@type":"WebSite","@id":"https:\/\/bale.ch\/journal\/#website","url":"https:\/\/bale.ch\/journal\/","name":"Journal de B\u00e2le et Gen\u00e8ve","description":"M\u00e9dia transfrontalier d&#039;actualit\u00e9s - News","publisher":{"@id":"https:\/\/bale.ch\/journal\/#organization"},"potentialAction":[{"@type":"SearchAction","target":{"@type":"EntryPoint","urlTemplate":"https:\/\/bale.ch\/journal\/?s={search_term_string}"},"query-input":{"@type":"PropertyValueSpecification","valueRequired":true,"valueName":"search_term_string"}}],"inLanguage":"fr-FR"},{"@type":"Organization","@id":"https:\/\/bale.ch\/journal\/#organization","name":"Journal de B\u00e2le et Gen\u00e8ve","url":"https:\/\/bale.ch\/journal\/","logo":{"@type":"ImageObject","inLanguage":"fr-FR","@id":"https:\/\/bale.ch\/journal\/#\/schema\/logo\/image\/","url":"https:\/\/bale.ch\/journal\/wp-content\/uploads\/2023\/07\/journaldebale_logo_2023_nb.png","contentUrl":"https:\/\/bale.ch\/journal\/wp-content\/uploads\/2023\/07\/journaldebale_logo_2023_nb.png","width":371,"height":127,"caption":"Journal de B\u00e2le et Gen\u00e8ve"},"image":{"@id":"https:\/\/bale.ch\/journal\/#\/schema\/logo\/image\/"}},{"@type":"Person","@id":"https:\/\/bale.ch\/journal\/#\/schema\/person\/03ced978db3b7a5274c5cef003f352f5","name":"La R\u00e9daction","image":{"@type":"ImageObject","inLanguage":"fr-FR","@id":"https:\/\/secure.gravatar.com\/avatar\/d1327e2ce8d2b860112f968a3f34686c9bdda7a463a1502cdd1070ac9d88cf1e?s=96&d=mm&r=g","url":"https:\/\/secure.gravatar.com\/avatar\/d1327e2ce8d2b860112f968a3f34686c9bdda7a463a1502cdd1070ac9d88cf1e?s=96&d=mm&r=g","contentUrl":"https:\/\/secure.gravatar.com\/avatar\/d1327e2ce8d2b860112f968a3f34686c9bdda7a463a1502cdd1070ac9d88cf1e?s=96&d=mm&r=g","caption":"La R\u00e9daction"},"url":"https:\/\/bale.ch\/journal\/author\/laredaction\/"}]}},"_links":{"self":[{"href":"https:\/\/bale.ch\/journal\/wp-json\/wp\/v2\/posts\/965","targetHints":{"allow":["GET"]}}],"collection":[{"href":"https:\/\/bale.ch\/journal\/wp-json\/wp\/v2\/posts"}],"about":[{"href":"https:\/\/bale.ch\/journal\/wp-json\/wp\/v2\/types\/post"}],"author":[{"embeddable":true,"href":"https:\/\/bale.ch\/journal\/wp-json\/wp\/v2\/users\/2"}],"replies":[{"embeddable":true,"href":"https:\/\/bale.ch\/journal\/wp-json\/wp\/v2\/comments?post=965"}],"version-history":[{"count":10,"href":"https:\/\/bale.ch\/journal\/wp-json\/wp\/v2\/posts\/965\/revisions"}],"predecessor-version":[{"id":1208,"href":"https:\/\/bale.ch\/journal\/wp-json\/wp\/v2\/posts\/965\/revisions\/1208"}],"wp:featuredmedia":[{"embeddable":true,"href":"https:\/\/bale.ch\/journal\/wp-json\/wp\/v2\/media\/966"}],"wp:attachment":[{"href":"https:\/\/bale.ch\/journal\/wp-json\/wp\/v2\/media?parent=965"}],"wp:term":[{"taxonomy":"category","embeddable":true,"href":"https:\/\/bale.ch\/journal\/wp-json\/wp\/v2\/categories?post=965"},{"taxonomy":"post_tag","embeddable":true,"href":"https:\/\/bale.ch\/journal\/wp-json\/wp\/v2\/tags?post=965"}],"curies":[{"name":"wp","href":"https:\/\/api.w.org\/{rel}","templated":true}]}}