{"id":995,"date":"2018-07-08T08:01:00","date_gmt":"2018-07-08T08:01:00","guid":{"rendered":"http:\/\/bale.ch\/journal\/?p=995"},"modified":"2018-09-22T16:43:10","modified_gmt":"2018-09-22T16:43:10","slug":"fonds-pendulaires-projets-mobilite-bale","status":"publish","type":"post","link":"https:\/\/bale.ch\/journal\/fonds-pendulaires-projets-mobilite-bale\/","title":{"rendered":"Le fonds pendulaires finance six projets de mobilit\u00e9 \u00e0 B\u00e2le"},"content":{"rendered":"<p><img loading=\"lazy\" decoding=\"async\" class=\"wp-image-1000 alignnone\" src=\"https:\/\/bale.ch\/journal\/wp-content\/uploads\/2018\/07\/tribune_bale_leman.png\" alt=\"\" width=\"232\" height=\"37\" srcset=\"https:\/\/bale.ch\/journal\/wp-content\/uploads\/2018\/07\/tribune_bale_leman.png 622w, https:\/\/bale.ch\/journal\/wp-content\/uploads\/2018\/07\/tribune_bale_leman-300x48.png 300w\" sizes=\"auto, (max-width: 232px) 100vw, 232px\" \/><br \/>\n<strong>A<\/strong> <strong>travers le Pendlerfonds (\u00ab\u00a0fonds pendulaires\u00a0\u00bb), le Canton de B\u00e2le-Ville signifie son soutien \u00e0 six projets en faveur d\u2019une mobilit\u00e9 pendulaire respectueuse de l\u2019environnement en leur accordant 900\u2019000 francs de subventions. Un demi-million de francs sera d\u00e9di\u00e9 \u00e0 la construction d\u2019une nouvelle v\u00e9lostation dans la gare de Liestal, o\u00f9 seront cr\u00e9\u00e9es 568 nouvelles places de v\u00e9lo surveill\u00e9es d\u00e9bouchant directement sur les quais. Les cliniques universitaires psychiatriques obtiennent une aide pour l\u2019ajout de 170 places de v\u00e9lo sur le campus. Pour la premi\u00e8re fois, des places de parking de quartier ont \u00e9t\u00e9 financ\u00e9es dans deux coop\u00e9ratives d\u2019habitation b\u00e2loises. Enfin, les deux derniers projets promeuvent l\u2019usage combin\u00e9 des transports publics et du v\u00e9lo.<\/strong><br \/>\n<!--more--><\/p>\n<p>Sur la base de la proposition du Conseil du Pendlerfonds de gouvernance trinationale, le Canton de B\u00e2le-Ville a apport\u00e9 son aide \u00e0 s<strong>ix projets en faveur d\u2019une mobilit\u00e9 pendulaire respectueuse de l\u2019environnement<\/strong> \u00e0 travers un financement total de pr\u00e8s de 900\u2019000 CHF par le Pendlerfonds. Pour la premi\u00e8re fois, une subvention du Pendlerfonds est octroy\u00e9e \u00e0 des places de parking de quartier dans des parkings souterrains. Deux coop\u00e9ratives d\u2019habitation, situ\u00e9es sur la Burgfelderstrasse et la Belforterstrasse, souhaitent en effet am\u00e9nager une vingtaine de places de parking de quartier dans leurs nouveaux parkings couverts. A cette fin, ils ont soumis une demande d\u2019aide et ont obtenu une contribution de 10\u2019000 francs par place. Les ma\u00eetres d\u2019ouvrage doivent d\u00e9montrer qu\u2019il reste suffisamment de places pour les r\u00e9sidentes et r\u00e9sidents des diff\u00e9rents immeubles et que ces derniers ne seront pas contraints de stationner dans la rue. Le bureau du Pendlerfonds v\u00e9rifiera les contrats de location afin de s\u2019assurer que les places des parkings de quartier sont exclusivement lou\u00e9es aux riverains. Ces deux ensembles de places remplaceront une partie des emplacements qui avaient d\u00fb \u00eatre supprim\u00e9s avec le r\u00e9am\u00e9nagement Missions-strasse \/ Burgfelderstrasse.<\/p>\n<p>Les cliniques universitaires psychiatriques souhaitent augmenter le nombre de parkings \u00e0 v\u00e9los sur leur campus de 170 nouvelles places couvertes et d\u00e9centralis\u00e9es, mises \u00e0 la disposition des collaborateurs, mais aussi des patients et des r\u00e9sidents du quartier. A cette fin, une contribution financi\u00e8re de 84\u2019537 francs a \u00e9t\u00e9 valid\u00e9e.<\/p><div id=\"crieu-2813843699\" class=\"crieu-content crieu-entity-placement\"><script async src=\"\/\/pagead2.googlesyndication.com\/pagead\/js\/adsbygoogle.js?client=ca-pub-5271584769416742\" crossorigin=\"anonymous\"><\/script><ins class=\"adsbygoogle\" style=\"display:block;\" data-ad-client=\"ca-pub-5271584769416742\" \ndata-ad-slot=\"9321250718\" \ndata-ad-format=\"auto\"><\/ins>\n<script> \n(adsbygoogle = window.adsbygoogle || []).push({}); \n<\/script>\n<\/div>\n<p>Le Pendlerfonds soutient \u00e9galement <strong>trois projets promouvant chacun l\u2019usage combin\u00e9 des transports publics et du v\u00e9lo<\/strong>. Afin de favoriser une mobilit\u00e9 pendulaire respectueuse de l\u2019environnement depuis Wiesental, les v\u00e9hicules de la ligne de bus 7300 qui rallie la S6 direction B\u00e2le seront \u00e9quip\u00e9s d\u2019un porte-v\u00e9los. Les pendulaires pourront ainsi emporter leur propre v\u00e9lo dans le bus et couvrir tranquillement le dernier kilom\u00e8tre en sortant des transports publics.<img loading=\"lazy\" decoding=\"async\" class=\"alignnone size-full wp-image-997\" src=\"https:\/\/bale.ch\/journal\/wp-content\/uploads\/2018\/07\/bale_transports_velo.jpg\" alt=\"\" width=\"1329\" height=\"886\" srcset=\"https:\/\/bale.ch\/journal\/wp-content\/uploads\/2018\/07\/bale_transports_velo.jpg 1329w, https:\/\/bale.ch\/journal\/wp-content\/uploads\/2018\/07\/bale_transports_velo-300x200.jpg 300w, https:\/\/bale.ch\/journal\/wp-content\/uploads\/2018\/07\/bale_transports_velo-768x512.jpg 768w, https:\/\/bale.ch\/journal\/wp-content\/uploads\/2018\/07\/bale_transports_velo-1024x683.jpg 1024w\" sizes=\"auto, (max-width: 1329px) 100vw, 1329px\" \/><\/p>\n<p>L\u2019arrondissement de L\u00f6rrach obtient ainsi un financement de 15\u2019000 francs du Pendlerfonds. La condition pour l\u2019arrondissement est de faire en sorte que les porte-v\u00e9los sont effectivement uti-lis\u00e9s. Pick-e-Bike, le syst\u00e8me public de location de v\u00e9los et de scooters \u00e9lectriques, permet lui aussi de combiner diff\u00e9rents moyens de transport. La couverture g\u00e9ographique de ce service s\u2019\u00e9tendant \u00e0 Riehen et \u00e0 Bettingen, la flotte de v\u00e9hicules doit s\u2019enrichir de 52 v\u00e9los \u00e9lectriques et, pour la premi\u00e8re fois, de 60 scooters \u00e9lectriques. Ce projet compl\u00e8te le syst\u00e8me de transports publics pour les pendulaires qui se rendent \u00e0 B\u00e2le, c\u2019est pourquoi il lui est accord\u00e9 une subvention de 100\u2019000 francs pour l\u2019acquisition des v\u00e9hicules. L\u2019op\u00e9rateur doit veiller \u00e0 ne pas surexploiter ces biens collectifs et \u00e0 conserver suffisamment d\u2019espaces de stationnement pour les v\u00e9los priv\u00e9s.<\/p>\n<p>Le troisi\u00e8me projet ax\u00e9 sur la mobilit\u00e9 combin\u00e9e porte sur <strong>la nouvelle v\u00e9lostation pr\u00e9vue dans la gare de Liestal<\/strong>. Suite au quadruplement de la voie sur la ligne ferroviaire \u00e0 Liestal, la ville souhaite notamment construire une nouvelle v\u00e9lostation comportant plus de <strong>560 nouvelles places<\/strong> de v\u00e9lo surveill\u00e9es d\u00e9bouchant directement sur les quais. En tout, ce seront pr\u00e8s de 900 places qui seront disponibles dans et aux alentours de la gare de Liestal et qui y seront aussi mieux reli\u00e9es. Le Conseil d\u2019\u00c9tat a approuv\u00e9 ce projet ainsi que la participation du Pendlerfonds \u00e0 hauteur de 500\u2019000 francs. La ville de Liestal sera en outre l\u2019objet d\u2019autres aides financi\u00e8res de la Conf\u00e9d\u00e9ration dans le cadre de son programme d\u2019agglom\u00e9ration.<\/p>\n<p>Les recettes du Pendlerfonds proviennent des frais des cartes de stationnement destin\u00e9es aux visiteurs et pendulaires de la ville de B\u00e2le et s\u2019\u00e9l\u00e8vent actuellement \u00e0 environ 2,5 millions CHF par an. Mod\u00e8le unique en Suisse, le Pendlerfonds du Canton de B\u00e2le-Ville est un exemple de collaboration de l\u2019agglom\u00e9ration trinationale, au-del\u00e0 des fronti\u00e8res cantonales et nationales.<\/p>\n<p>Renseignements compl\u00e9mentaires sur le Pendlerfonds: <a href=\"http:\/\/www.pendlerfonds.ch\" target=\"_blank\" rel=\"noopener\">www.pendlerfonds.ch<\/a><\/p>\n<p>(Tribune de B\u00e2le)<\/p>\n<div id=\"crieu-2386210505\" class=\"crieu-apres-le-contenu crieu-entity-placement\" style=\"margin-left: auto;margin-right: auto;text-align: center;\"><script async src=\"\/\/pagead2.googlesyndication.com\/pagead\/js\/adsbygoogle.js?client=ca-pub-5271584769416742\" crossorigin=\"anonymous\"><\/script><ins class=\"adsbygoogle\" style=\"display:block;\" data-ad-client=\"ca-pub-5271584769416742\" \ndata-ad-slot=\"9321250718\" \ndata-ad-format=\"auto\"><\/ins>\n<script> \n(adsbygoogle = window.adsbygoogle || []).push({}); \n<\/script>\n<\/div>","protected":false},"excerpt":{"rendered":"<p>A travers le Pendlerfonds (\u00ab\u00a0fonds pendulaires\u00a0\u00bb), le Canton de B\u00e2le-Ville signifie son soutien \u00e0 six projets en faveur d\u2019une mobilit\u00e9 pendulaire respectueuse de l\u2019environnement en leur accordant 900\u2019000 francs de <a href=\"https:\/\/bale.ch\/journal\/fonds-pendulaires-projets-mobilite-bale\/\" class=\"read-more button-fancy -red\"><span class=\"btn-arrow\"><\/span><span class=\"twp-read-more text\">Continuer la lecture<\/span><\/a><\/p>\n","protected":false},"author":2,"featured_media":996,"comment_status":"closed","ping_status":"closed","sticky":false,"template":"","format":"standard","meta":{"footnotes":""},"categories":[7],"tags":[60,91,92],"class_list":["post-995","post","type-post","status-publish","format-standard","has-post-thumbnail","hentry","category-bale","tag-bale","tag-bale-agglomeration","tag-mobilite-bale"],"yoast_head":"<!-- This site is optimized with the Yoast SEO plugin v28.3 - https:\/\/yoast.com\/product\/yoast-seo-wordpress\/ -->\n<title>Le fonds pendulaires finance six projets de mobilit\u00e9 \u00e0 B\u00e2le - Journal de B\u00e2le et Gen\u00e8ve<\/title>\n<meta name=\"robots\" content=\"index, follow, max-snippet:-1, max-image-preview:large, max-video-preview:-1\" \/>\n<link rel=\"canonical\" href=\"https:\/\/bale.ch\/journal\/fonds-pendulaires-projets-mobilite-bale\/\" \/>\n<meta property=\"og:locale\" content=\"fr_FR\" \/>\n<meta property=\"og:type\" content=\"article\" \/>\n<meta property=\"og:title\" content=\"Le fonds pendulaires finance six projets de mobilit\u00e9 \u00e0 B\u00e2le - Journal de B\u00e2le et Gen\u00e8ve\" \/>\n<meta property=\"og:description\" content=\"A travers le Pendlerfonds (\u00ab\u00a0fonds pendulaires\u00a0\u00bb), le Canton de B\u00e2le-Ville signifie son soutien \u00e0 six projets en faveur d\u2019une mobilit\u00e9 pendulaire respectueuse de l\u2019environnement en leur accordant 900\u2019000 francs de Continuer la lecture\" \/>\n<meta property=\"og:url\" content=\"https:\/\/bale.ch\/journal\/fonds-pendulaires-projets-mobilite-bale\/\" \/>\n<meta property=\"og:site_name\" content=\"Journal de B\u00e2le et Gen\u00e8ve\" \/>\n<meta property=\"article:published_time\" content=\"2018-07-08T08:01:00+00:00\" \/>\n<meta property=\"article:modified_time\" content=\"2018-09-22T16:43:10+00:00\" \/>\n<meta property=\"og:image\" content=\"https:\/\/bale.ch\/journal\/wp-content\/uploads\/2018\/07\/bale_transports_bus_gare.jpg\" \/>\n\t<meta property=\"og:image:width\" content=\"1181\" \/>\n\t<meta property=\"og:image:height\" content=\"886\" \/>\n\t<meta property=\"og:image:type\" content=\"image\/jpeg\" \/>\n<meta name=\"author\" content=\"La R\u00e9daction\" \/>\n<meta name=\"twitter:card\" content=\"summary_large_image\" \/>\n<meta name=\"twitter:label1\" content=\"\u00c9crit par\" \/>\n\t<meta name=\"twitter:data1\" content=\"La R\u00e9daction\" \/>\n\t<meta name=\"twitter:label2\" content=\"Dur\u00e9e de lecture estim\u00e9e\" \/>\n\t<meta name=\"twitter:data2\" content=\"4 minutes\" \/>\n<script type=\"application\/ld+json\" class=\"yoast-schema-graph\">{\"@context\":\"https:\\\/\\\/schema.org\",\"@graph\":[{\"@type\":\"Article\",\"@id\":\"https:\\\/\\\/bale.ch\\\/journal\\\/fonds-pendulaires-projets-mobilite-bale\\\/#article\",\"isPartOf\":{\"@id\":\"https:\\\/\\\/bale.ch\\\/journal\\\/fonds-pendulaires-projets-mobilite-bale\\\/\"},\"author\":{\"name\":\"La R\u00e9daction\",\"@id\":\"https:\\\/\\\/bale.ch\\\/journal\\\/#\\\/schema\\\/person\\\/03ced978db3b7a5274c5cef003f352f5\"},\"headline\":\"Le fonds pendulaires finance six projets de mobilit\u00e9 \u00e0 B\u00e2le\",\"datePublished\":\"2018-07-08T08:01:00+00:00\",\"dateModified\":\"2018-09-22T16:43:10+00:00\",\"mainEntityOfPage\":{\"@id\":\"https:\\\/\\\/bale.ch\\\/journal\\\/fonds-pendulaires-projets-mobilite-bale\\\/\"},\"wordCount\":822,\"publisher\":{\"@id\":\"https:\\\/\\\/bale.ch\\\/journal\\\/#organization\"},\"image\":{\"@id\":\"https:\\\/\\\/bale.ch\\\/journal\\\/fonds-pendulaires-projets-mobilite-bale\\\/#primaryimage\"},\"thumbnailUrl\":\"https:\\\/\\\/bale.ch\\\/journal\\\/wp-content\\\/uploads\\\/2018\\\/07\\\/bale_transports_bus_gare.jpg\",\"keywords\":[\"B\u00e2le\",\"b\u00e2le agglom\u00e9ration\",\"mobilit\u00e9 b\u00e2le\"],\"articleSection\":[\"B\u00e2le Trinationale\"],\"inLanguage\":\"fr-FR\"},{\"@type\":\"WebPage\",\"@id\":\"https:\\\/\\\/bale.ch\\\/journal\\\/fonds-pendulaires-projets-mobilite-bale\\\/\",\"url\":\"https:\\\/\\\/bale.ch\\\/journal\\\/fonds-pendulaires-projets-mobilite-bale\\\/\",\"name\":\"Le fonds pendulaires finance six projets de mobilit\u00e9 \u00e0 B\u00e2le - Journal de B\u00e2le et Gen\u00e8ve\",\"isPartOf\":{\"@id\":\"https:\\\/\\\/bale.ch\\\/journal\\\/#website\"},\"primaryImageOfPage\":{\"@id\":\"https:\\\/\\\/bale.ch\\\/journal\\\/fonds-pendulaires-projets-mobilite-bale\\\/#primaryimage\"},\"image\":{\"@id\":\"https:\\\/\\\/bale.ch\\\/journal\\\/fonds-pendulaires-projets-mobilite-bale\\\/#primaryimage\"},\"thumbnailUrl\":\"https:\\\/\\\/bale.ch\\\/journal\\\/wp-content\\\/uploads\\\/2018\\\/07\\\/bale_transports_bus_gare.jpg\",\"datePublished\":\"2018-07-08T08:01:00+00:00\",\"dateModified\":\"2018-09-22T16:43:10+00:00\",\"breadcrumb\":{\"@id\":\"https:\\\/\\\/bale.ch\\\/journal\\\/fonds-pendulaires-projets-mobilite-bale\\\/#breadcrumb\"},\"inLanguage\":\"fr-FR\",\"potentialAction\":[{\"@type\":\"ReadAction\",\"target\":[\"https:\\\/\\\/bale.ch\\\/journal\\\/fonds-pendulaires-projets-mobilite-bale\\\/\"]}]},{\"@type\":\"ImageObject\",\"inLanguage\":\"fr-FR\",\"@id\":\"https:\\\/\\\/bale.ch\\\/journal\\\/fonds-pendulaires-projets-mobilite-bale\\\/#primaryimage\",\"url\":\"https:\\\/\\\/bale.ch\\\/journal\\\/wp-content\\\/uploads\\\/2018\\\/07\\\/bale_transports_bus_gare.jpg\",\"contentUrl\":\"https:\\\/\\\/bale.ch\\\/journal\\\/wp-content\\\/uploads\\\/2018\\\/07\\\/bale_transports_bus_gare.jpg\",\"width\":1181,\"height\":886},{\"@type\":\"BreadcrumbList\",\"@id\":\"https:\\\/\\\/bale.ch\\\/journal\\\/fonds-pendulaires-projets-mobilite-bale\\\/#breadcrumb\",\"itemListElement\":[{\"@type\":\"ListItem\",\"position\":1,\"name\":\"Accueil\",\"item\":\"https:\\\/\\\/bale.ch\\\/journal\\\/\"},{\"@type\":\"ListItem\",\"position\":2,\"name\":\"Le fonds pendulaires finance six projets de mobilit\u00e9 \u00e0 B\u00e2le\"}]},{\"@type\":\"WebSite\",\"@id\":\"https:\\\/\\\/bale.ch\\\/journal\\\/#website\",\"url\":\"https:\\\/\\\/bale.ch\\\/journal\\\/\",\"name\":\"Journal de B\u00e2le et Gen\u00e8ve\",\"description\":\"M\u00e9dia transfrontalier d&#039;actualit\u00e9s - News\",\"publisher\":{\"@id\":\"https:\\\/\\\/bale.ch\\\/journal\\\/#organization\"},\"potentialAction\":[{\"@type\":\"SearchAction\",\"target\":{\"@type\":\"EntryPoint\",\"urlTemplate\":\"https:\\\/\\\/bale.ch\\\/journal\\\/?s={search_term_string}\"},\"query-input\":{\"@type\":\"PropertyValueSpecification\",\"valueRequired\":true,\"valueName\":\"search_term_string\"}}],\"inLanguage\":\"fr-FR\"},{\"@type\":\"Organization\",\"@id\":\"https:\\\/\\\/bale.ch\\\/journal\\\/#organization\",\"name\":\"Journal de B\u00e2le et Gen\u00e8ve\",\"url\":\"https:\\\/\\\/bale.ch\\\/journal\\\/\",\"logo\":{\"@type\":\"ImageObject\",\"inLanguage\":\"fr-FR\",\"@id\":\"https:\\\/\\\/bale.ch\\\/journal\\\/#\\\/schema\\\/logo\\\/image\\\/\",\"url\":\"https:\\\/\\\/bale.ch\\\/journal\\\/wp-content\\\/uploads\\\/2023\\\/07\\\/journaldebale_logo_2023_nb.png\",\"contentUrl\":\"https:\\\/\\\/bale.ch\\\/journal\\\/wp-content\\\/uploads\\\/2023\\\/07\\\/journaldebale_logo_2023_nb.png\",\"width\":371,\"height\":127,\"caption\":\"Journal de B\u00e2le et Gen\u00e8ve\"},\"image\":{\"@id\":\"https:\\\/\\\/bale.ch\\\/journal\\\/#\\\/schema\\\/logo\\\/image\\\/\"}},{\"@type\":\"Person\",\"@id\":\"https:\\\/\\\/bale.ch\\\/journal\\\/#\\\/schema\\\/person\\\/03ced978db3b7a5274c5cef003f352f5\",\"name\":\"La R\u00e9daction\",\"image\":{\"@type\":\"ImageObject\",\"inLanguage\":\"fr-FR\",\"@id\":\"https:\\\/\\\/secure.gravatar.com\\\/avatar\\\/d1327e2ce8d2b860112f968a3f34686c9bdda7a463a1502cdd1070ac9d88cf1e?s=96&d=mm&r=g\",\"url\":\"https:\\\/\\\/secure.gravatar.com\\\/avatar\\\/d1327e2ce8d2b860112f968a3f34686c9bdda7a463a1502cdd1070ac9d88cf1e?s=96&d=mm&r=g\",\"contentUrl\":\"https:\\\/\\\/secure.gravatar.com\\\/avatar\\\/d1327e2ce8d2b860112f968a3f34686c9bdda7a463a1502cdd1070ac9d88cf1e?s=96&d=mm&r=g\",\"caption\":\"La R\u00e9daction\"},\"url\":\"https:\\\/\\\/bale.ch\\\/journal\\\/author\\\/laredaction\\\/\"}]}<\/script>\n<!-- \/ Yoast SEO plugin. -->","yoast_head_json":{"title":"Le fonds pendulaires finance six projets de mobilit\u00e9 \u00e0 B\u00e2le - Journal de B\u00e2le et Gen\u00e8ve","robots":{"index":"index","follow":"follow","max-snippet":"max-snippet:-1","max-image-preview":"max-image-preview:large","max-video-preview":"max-video-preview:-1"},"canonical":"https:\/\/bale.ch\/journal\/fonds-pendulaires-projets-mobilite-bale\/","og_locale":"fr_FR","og_type":"article","og_title":"Le fonds pendulaires finance six projets de mobilit\u00e9 \u00e0 B\u00e2le - Journal de B\u00e2le et Gen\u00e8ve","og_description":"A travers le Pendlerfonds (\u00ab\u00a0fonds pendulaires\u00a0\u00bb), le Canton de B\u00e2le-Ville signifie son soutien \u00e0 six projets en faveur d\u2019une mobilit\u00e9 pendulaire respectueuse de l\u2019environnement en leur accordant 900\u2019000 francs de Continuer la lecture","og_url":"https:\/\/bale.ch\/journal\/fonds-pendulaires-projets-mobilite-bale\/","og_site_name":"Journal de B\u00e2le et Gen\u00e8ve","article_published_time":"2018-07-08T08:01:00+00:00","article_modified_time":"2018-09-22T16:43:10+00:00","og_image":[{"width":1181,"height":886,"url":"https:\/\/bale.ch\/journal\/wp-content\/uploads\/2018\/07\/bale_transports_bus_gare.jpg","type":"image\/jpeg"}],"author":"La R\u00e9daction","twitter_card":"summary_large_image","twitter_misc":{"\u00c9crit par":"La R\u00e9daction","Dur\u00e9e de lecture estim\u00e9e":"4 minutes"},"schema":{"@context":"https:\/\/schema.org","@graph":[{"@type":"Article","@id":"https:\/\/bale.ch\/journal\/fonds-pendulaires-projets-mobilite-bale\/#article","isPartOf":{"@id":"https:\/\/bale.ch\/journal\/fonds-pendulaires-projets-mobilite-bale\/"},"author":{"name":"La R\u00e9daction","@id":"https:\/\/bale.ch\/journal\/#\/schema\/person\/03ced978db3b7a5274c5cef003f352f5"},"headline":"Le fonds pendulaires finance six projets de mobilit\u00e9 \u00e0 B\u00e2le","datePublished":"2018-07-08T08:01:00+00:00","dateModified":"2018-09-22T16:43:10+00:00","mainEntityOfPage":{"@id":"https:\/\/bale.ch\/journal\/fonds-pendulaires-projets-mobilite-bale\/"},"wordCount":822,"publisher":{"@id":"https:\/\/bale.ch\/journal\/#organization"},"image":{"@id":"https:\/\/bale.ch\/journal\/fonds-pendulaires-projets-mobilite-bale\/#primaryimage"},"thumbnailUrl":"https:\/\/bale.ch\/journal\/wp-content\/uploads\/2018\/07\/bale_transports_bus_gare.jpg","keywords":["B\u00e2le","b\u00e2le agglom\u00e9ration","mobilit\u00e9 b\u00e2le"],"articleSection":["B\u00e2le Trinationale"],"inLanguage":"fr-FR"},{"@type":"WebPage","@id":"https:\/\/bale.ch\/journal\/fonds-pendulaires-projets-mobilite-bale\/","url":"https:\/\/bale.ch\/journal\/fonds-pendulaires-projets-mobilite-bale\/","name":"Le fonds pendulaires finance six projets de mobilit\u00e9 \u00e0 B\u00e2le - Journal de B\u00e2le et Gen\u00e8ve","isPartOf":{"@id":"https:\/\/bale.ch\/journal\/#website"},"primaryImageOfPage":{"@id":"https:\/\/bale.ch\/journal\/fonds-pendulaires-projets-mobilite-bale\/#primaryimage"},"image":{"@id":"https:\/\/bale.ch\/journal\/fonds-pendulaires-projets-mobilite-bale\/#primaryimage"},"thumbnailUrl":"https:\/\/bale.ch\/journal\/wp-content\/uploads\/2018\/07\/bale_transports_bus_gare.jpg","datePublished":"2018-07-08T08:01:00+00:00","dateModified":"2018-09-22T16:43:10+00:00","breadcrumb":{"@id":"https:\/\/bale.ch\/journal\/fonds-pendulaires-projets-mobilite-bale\/#breadcrumb"},"inLanguage":"fr-FR","potentialAction":[{"@type":"ReadAction","target":["https:\/\/bale.ch\/journal\/fonds-pendulaires-projets-mobilite-bale\/"]}]},{"@type":"ImageObject","inLanguage":"fr-FR","@id":"https:\/\/bale.ch\/journal\/fonds-pendulaires-projets-mobilite-bale\/#primaryimage","url":"https:\/\/bale.ch\/journal\/wp-content\/uploads\/2018\/07\/bale_transports_bus_gare.jpg","contentUrl":"https:\/\/bale.ch\/journal\/wp-content\/uploads\/2018\/07\/bale_transports_bus_gare.jpg","width":1181,"height":886},{"@type":"BreadcrumbList","@id":"https:\/\/bale.ch\/journal\/fonds-pendulaires-projets-mobilite-bale\/#breadcrumb","itemListElement":[{"@type":"ListItem","position":1,"name":"Accueil","item":"https:\/\/bale.ch\/journal\/"},{"@type":"ListItem","position":2,"name":"Le fonds pendulaires finance six projets de mobilit\u00e9 \u00e0 B\u00e2le"}]},{"@type":"WebSite","@id":"https:\/\/bale.ch\/journal\/#website","url":"https:\/\/bale.ch\/journal\/","name":"Journal de B\u00e2le et Gen\u00e8ve","description":"M\u00e9dia transfrontalier d&#039;actualit\u00e9s - News","publisher":{"@id":"https:\/\/bale.ch\/journal\/#organization"},"potentialAction":[{"@type":"SearchAction","target":{"@type":"EntryPoint","urlTemplate":"https:\/\/bale.ch\/journal\/?s={search_term_string}"},"query-input":{"@type":"PropertyValueSpecification","valueRequired":true,"valueName":"search_term_string"}}],"inLanguage":"fr-FR"},{"@type":"Organization","@id":"https:\/\/bale.ch\/journal\/#organization","name":"Journal de B\u00e2le et Gen\u00e8ve","url":"https:\/\/bale.ch\/journal\/","logo":{"@type":"ImageObject","inLanguage":"fr-FR","@id":"https:\/\/bale.ch\/journal\/#\/schema\/logo\/image\/","url":"https:\/\/bale.ch\/journal\/wp-content\/uploads\/2023\/07\/journaldebale_logo_2023_nb.png","contentUrl":"https:\/\/bale.ch\/journal\/wp-content\/uploads\/2023\/07\/journaldebale_logo_2023_nb.png","width":371,"height":127,"caption":"Journal de B\u00e2le et Gen\u00e8ve"},"image":{"@id":"https:\/\/bale.ch\/journal\/#\/schema\/logo\/image\/"}},{"@type":"Person","@id":"https:\/\/bale.ch\/journal\/#\/schema\/person\/03ced978db3b7a5274c5cef003f352f5","name":"La R\u00e9daction","image":{"@type":"ImageObject","inLanguage":"fr-FR","@id":"https:\/\/secure.gravatar.com\/avatar\/d1327e2ce8d2b860112f968a3f34686c9bdda7a463a1502cdd1070ac9d88cf1e?s=96&d=mm&r=g","url":"https:\/\/secure.gravatar.com\/avatar\/d1327e2ce8d2b860112f968a3f34686c9bdda7a463a1502cdd1070ac9d88cf1e?s=96&d=mm&r=g","contentUrl":"https:\/\/secure.gravatar.com\/avatar\/d1327e2ce8d2b860112f968a3f34686c9bdda7a463a1502cdd1070ac9d88cf1e?s=96&d=mm&r=g","caption":"La R\u00e9daction"},"url":"https:\/\/bale.ch\/journal\/author\/laredaction\/"}]}},"_links":{"self":[{"href":"https:\/\/bale.ch\/journal\/wp-json\/wp\/v2\/posts\/995","targetHints":{"allow":["GET"]}}],"collection":[{"href":"https:\/\/bale.ch\/journal\/wp-json\/wp\/v2\/posts"}],"about":[{"href":"https:\/\/bale.ch\/journal\/wp-json\/wp\/v2\/types\/post"}],"author":[{"embeddable":true,"href":"https:\/\/bale.ch\/journal\/wp-json\/wp\/v2\/users\/2"}],"replies":[{"embeddable":true,"href":"https:\/\/bale.ch\/journal\/wp-json\/wp\/v2\/comments?post=995"}],"version-history":[{"count":9,"href":"https:\/\/bale.ch\/journal\/wp-json\/wp\/v2\/posts\/995\/revisions"}],"predecessor-version":[{"id":1207,"href":"https:\/\/bale.ch\/journal\/wp-json\/wp\/v2\/posts\/995\/revisions\/1207"}],"wp:featuredmedia":[{"embeddable":true,"href":"https:\/\/bale.ch\/journal\/wp-json\/wp\/v2\/media\/996"}],"wp:attachment":[{"href":"https:\/\/bale.ch\/journal\/wp-json\/wp\/v2\/media?parent=995"}],"wp:term":[{"taxonomy":"category","embeddable":true,"href":"https:\/\/bale.ch\/journal\/wp-json\/wp\/v2\/categories?post=995"},{"taxonomy":"post_tag","embeddable":true,"href":"https:\/\/bale.ch\/journal\/wp-json\/wp\/v2\/tags?post=995"}],"curies":[{"name":"wp","href":"https:\/\/api.w.org\/{rel}","templated":true}]}}